{"id":1513,"date":"2018-10-24T09:17:22","date_gmt":"2018-10-24T07:17:22","guid":{"rendered":"http:\/\/agora.xtec.cat\/colribas\/?p=1513"},"modified":"2018-10-31T09:23:44","modified_gmt":"2018-10-31T08:23:44","slug":"sortida-de-leso-al-volca-del-croscat-i-la-fageda-den-jorda","status":"publish","type":"post","link":"https:\/\/agora.xtec.cat\/colribas\/general\/sortida-de-leso-al-volca-del-croscat-i-la-fageda-den-jorda\/","title":{"rendered":"Sortida de l&#8217;ESO al volc\u00e0 del Croscat i la Fageda d&#8217;en Jord\u00e0"},"content":{"rendered":"<div dir=\"auto\">\n<div dir=\"auto\" style=\"text-align: justify;\"><span style=\"font-family: georgia, palatino, serif; font-size: 14pt;\">Aquest dijous dia 25 d&#8217;octubre els alumnes de Secund\u00e0ria junt amb els seus professors aniran a Olot a visitar els volcans i la Fageda d&#8217;en Jord\u00e0. <\/span><\/div>\n<div dir=\"auto\"><\/div>\n<div dir=\"auto\" style=\"text-align: justify;\"><span style=\"font-family: georgia, palatino, serif; font-size: 14pt;\">All\u00e0 estudiaran la formaci\u00f3 d&#8217;aquests volcans i les seves caracter\u00edstiques. Aix\u00ed mateix, gaudiran d&#8217;un espectacle de color t\u00edpic d&#8217;aquesta \u00e8poca de tardor a la fageda, entre d&#8217;altres curiositats.<\/span><\/div>\n<\/div>\n<div dir=\"auto\">\n<div dir=\"auto\"><span style=\"font-size: 10pt;\">\u00a0<\/span><\/div>\n<div dir=\"auto\" style=\"text-align: center;\"><span style=\"font-size: 10pt;\">\u00a0<\/span><span style=\"text-align: center;\">\u00a0<\/span><a style=\"text-align: center;\" href=\"https:\/\/agora.xtec.cat\/colribas\/wp-content\/uploads\/usu945\/2018\/10\/1502268838_403298_1502269186_noticia_normal_recorte1-e1540365550724.jpg\"><img loading=\"lazy\" decoding=\"async\" class=\"alignnone size-medium wp-image-1514\" src=\"https:\/\/agora.xtec.cat\/colribas\/wp-content\/uploads\/usu945\/2018\/10\/1502268838_403298_1502269186_noticia_normal_recorte1-300x199.jpg\" alt=\"\" width=\"300\" height=\"199\" \/><\/a><\/div>\n<\/div>\n<div dir=\"auto\"><\/div>\n<div dir=\"auto\"><\/div>\n<div dir=\"auto\"><\/div>\n<div dir=\"auto\"><\/div>\n<div dir=\"auto\" style=\"text-align: justify;\"><\/div>\n<div dir=\"auto\"><\/div>\n<div dir=\"auto\"><\/div>\n<div dir=\"auto\"><\/div>\n<div dir=\"auto\"><\/div>\n<div dir=\"auto\"><\/div>\n<div dir=\"auto\"><\/div>\n<div dir=\"auto\"><\/div>\n<div dir=\"auto\"><\/div>\n<div dir=\"auto\"><\/div>\n<div dir=\"auto\"><\/div>\n<div dir=\"auto\"><\/div>\n","protected":false},"excerpt":{"rendered":"<p>Aquest dijous dia 25 d&#8217;octubre els alumnes de Secund\u00e0ria junt amb els seus professors aniran a Olot a visitar els volcans i la Fageda d&#8217;en Jord\u00e0. <\/p>\n<p>All\u00e0 estudiaran la formaci\u00f3 d&#8217;aquests volcans i les seves caracter\u00edstiques. Aix\u00ed mateix, gaudiran d&#8217;un espectacle de color t\u00edpic d&#8217;aquesta&hellip;  <a href=\"https:\/\/agora.xtec.cat\/colribas\/general\/sortida-de-leso-al-volca-del-croscat-i-la-fageda-den-jorda\/\" title=\"Read Sortida de l&#8217;ESO al volc\u00e0 del Croscat i la Fageda d&#8217;en Jord\u00e0\">Llegeix m\u00e9s\u00bb<\/a><\/p>\n","protected":false},"author":1,"featured_media":0,"comment_status":"open","ping_status":"closed","sticky":false,"template":"","format":"standard","meta":{"_bbp_topic_count":0,"_bbp_reply_count":0,"_bbp_total_topic_count":0,"_bbp_total_reply_count":0,"_bbp_voice_count":0,"_bbp_anonymous_reply_count":0,"_bbp_topic_count_hidden":0,"_bbp_reply_count_hidden":0,"_bbp_forum_subforum_count":0,"footnotes":""},"categories":[1],"tags":[],"class_list":["post-1513","post","type-post","status-publish","format-standard","hentry","category-general"],"post_mailing_queue_ids":[],"_links":{"self":[{"href":"https:\/\/agora.xtec.cat\/colribas\/wp-json\/wp\/v2\/posts\/1513","targetHints":{"allow":["GET"]}}],"collection":[{"href":"https:\/\/agora.xtec.cat\/colribas\/wp-json\/wp\/v2\/posts"}],"about":[{"href":"https:\/\/agora.xtec.cat\/colribas\/wp-json\/wp\/v2\/types\/post"}],"author":[{"embeddable":true,"href":"https:\/\/agora.xtec.cat\/colribas\/wp-json\/wp\/v2\/users\/1"}],"replies":[{"embeddable":true,"href":"https:\/\/agora.xtec.cat\/colribas\/wp-json\/wp\/v2\/comments?post=1513"}],"version-history":[{"count":3,"href":"https:\/\/agora.xtec.cat\/colribas\/wp-json\/wp\/v2\/posts\/1513\/revisions"}],"predecessor-version":[{"id":1526,"href":"https:\/\/agora.xtec.cat\/colribas\/wp-json\/wp\/v2\/posts\/1513\/revisions\/1526"}],"wp:attachment":[{"href":"https:\/\/agora.xtec.cat\/colribas\/wp-json\/wp\/v2\/media?parent=1513"}],"wp:term":[{"taxonomy":"category","embeddable":true,"href":"https:\/\/agora.xtec.cat\/colribas\/wp-json\/wp\/v2\/categories?post=1513"},{"taxonomy":"post_tag","embeddable":true,"href":"https:\/\/agora.xtec.cat\/colribas\/wp-json\/wp\/v2\/tags?post=1513"}],"curies":[{"name":"wp","href":"https:\/\/api.w.org\/{rel}","templated":true}]}}