{"id":366,"date":"2014-02-14T08:45:01","date_gmt":"2014-02-14T07:45:01","guid":{"rendered":"http:\/\/agora.xtec.cat\/colegiosantateresa\/general\/dia-de-la-pau-i-la-no-violencia\/"},"modified":"2014-02-14T08:45:01","modified_gmt":"2014-02-14T07:45:01","slug":"dia-de-la-pau-i-la-no-violencia","status":"publish","type":"post","link":"https:\/\/agora.xtec.cat\/colegiosantateresa\/general\/dia-de-la-pau-i-la-no-violencia\/","title":{"rendered":"Dia de la pau i la no viol\u00e8ncia"},"content":{"rendered":"<div style=\"text-align: justify;\"><span style=\"font-family: verdana, arial, helvetica, sans-serif;\">Dijous 30 de gener v\u00e0rem celebrar el Dia de la Pau i la No-viol\u00e8ncia. S\u00e2??intenta sensibilitzar els nostres &#8230;<\/span><\/div>\n<div style=\"text-align: justify;\"><font face=\"verdana, arial, helvetica, sans-serif\">alumnes que la pau \u00e9s molt m\u00e9s que l\u00e2??abs\u00e8ncia de guerres i baralles, que es poden resoldre els conflictes de manera pac\u00edfica i dialogant, \u00e9s a dir, expressant les opinions de forma tranquil.la, clara i ordenada.<\/font><\/div>\n<div style=\"text-align: justify;\"><font face=\"verdana, arial, helvetica, sans-serif\">Per celebrar aquesta diada, els dies previs es van realitzar v\u00e0ries activitats:<\/font><\/div>\n<div style=\"text-align: justify;\"><font face=\"verdana, arial, helvetica, sans-serif\"><br \/><\/font><\/div>\n<div style=\"text-align: justify;\">\n<ul>\n<li><span style=\"font-family: verdana, arial, helvetica, sans-serif;\">Els cursos d\u00e2??Infantil van punxonar i decorar cors amb els seus noms que, posteriorment, van enganxar en un colom de la pau.<\/span><\/li>\n<li><span style=\"font-family: verdana, arial, helvetica, sans-serif;\">Els cursos de 1r, 2n i 3r de Prim\u00e0ria van dibuixar, retallar i enganxar mans (formant el signe de la pau).<\/span><\/li>\n<li><span style=\"font-family: verdana, arial, helvetica, sans-serif;\">Els cursos de 4t, 5\u00e8 i 6\u00e8 van fer flors de colors. Tamb\u00e9 van decorar amb boles de paper de seda (simulant un jard\u00ed) un tros de paper d\u00e2??embalar que va servir per forma el Jard\u00ed on anaven les flors que havien fet. Cada flor portava inscrita una frase de pau. El treball final portava per nom: \u00e2?? Un jard\u00ed per la pau\u00e2?\u009d<\/span><\/li>\n<\/ul>\n<div style=\"text-align: center;\"><embed type=\"application\/x-shockwave-flash\" src=\"https:\/\/static.googleusercontent.com\/external_content\/picasaweb.googleusercontent.com\/slideshow.swf\" width=\"288\" height=\"192\" flashvars=\"host=picasaweb.google.com&amp;hl=es&amp;feat=flashalbum&amp;RGB=0x000000&amp;feed=https%3A%2F%2Fpicasaweb.google.com%2Fdata%2Ffeed%2Fapi%2Fuser%2F102261331983545722788%2Falbumid%2F5977227168502951329%3Falt%3Drss%26kind%3Dphoto%26hl%3Des\" pluginspage=\"http:\/\/www.macromedia.com\/go\/getflashplayer\" \/><\/div>\n<\/p><\/div>\n","protected":false},"excerpt":{"rendered":"<p>Dijous 30 de gener v\u00e0rem celebrar el Dia de la Pau i la No-viol\u00e8ncia. S\u00e2??intenta sensibilitzar els nostres &#8230; alumnes que la pau \u00e9s molt m\u00e9s que l\u00e2??abs\u00e8ncia de guerres i baralles, que es poden resoldre els conflictes de manera pac\u00edfica i dialogant, \u00e9s a dir, expressant les opinions de forma tranquil.la, clara i ordenada. [&hellip;]<\/p>\n","protected":false},"author":1,"featured_media":0,"comment_status":"open","ping_status":"open","sticky":false,"template":"","format":"standard","meta":{"_bbp_topic_count":0,"_bbp_reply_count":0,"_bbp_total_topic_count":0,"_bbp_total_reply_count":0,"_bbp_voice_count":0,"_bbp_anonymous_reply_count":0,"_bbp_topic_count_hidden":0,"_bbp_reply_count_hidden":0,"_bbp_forum_subforum_count":0,"site-sidebar-layout":"default","site-content-layout":"","ast-site-content-layout":"","site-content-style":"default","site-sidebar-style":"default","ast-global-header-display":"","ast-banner-title-visibility":"","ast-main-header-display":"","ast-hfb-above-header-display":"","ast-hfb-below-header-display":"","ast-hfb-mobile-header-display":"","site-post-title":"","ast-breadcrumbs-content":"","ast-featured-img":"","footer-sml-layout":"","theme-transparent-header-meta":"","adv-header-id-meta":"","stick-header-meta":"","header-above-stick-meta":"","header-main-stick-meta":"","header-below-stick-meta":"","astra-migrate-meta-layouts":"default","ast-page-background-enabled":"default","ast-page-background-meta":{"desktop":{"background-color":"var(--ast-global-color-4)","background-image":"","background-repeat":"repeat","background-position":"center center","background-size":"auto","background-attachment":"scroll","background-type":"","background-media":"","overlay-type":"","overlay-color":"","overlay-opacity":"","overlay-gradient":""},"tablet":{"background-color":"","background-image":"","background-repeat":"repeat","background-position":"center center","background-size":"auto","background-attachment":"scroll","background-type":"","background-media":"","overlay-type":"","overlay-color":"","overlay-opacity":"","overlay-gradient":""},"mobile":{"background-color":"","background-image":"","background-repeat":"repeat","background-position":"center center","background-size":"auto","background-attachment":"scroll","background-type":"","background-media":"","overlay-type":"","overlay-color":"","overlay-opacity":"","overlay-gradient":""}},"ast-content-background-meta":{"desktop":{"background-color":"var(--ast-global-color-5)","background-image":"","background-repeat":"repeat","background-position":"center center","background-size":"auto","background-attachment":"scroll","background-type":"","background-media":"","overlay-type":"","overlay-color":"","overlay-opacity":"","overlay-gradient":""},"tablet":{"background-color":"var(--ast-global-color-5)","background-image":"","background-repeat":"repeat","background-position":"center center","background-size":"auto","background-attachment":"scroll","background-type":"","background-media":"","overlay-type":"","overlay-color":"","overlay-opacity":"","overlay-gradient":""},"mobile":{"background-color":"var(--ast-global-color-5)","background-image":"","background-repeat":"repeat","background-position":"center center","background-size":"auto","background-attachment":"scroll","background-type":"","background-media":"","overlay-type":"","overlay-color":"","overlay-opacity":"","overlay-gradient":""}},"footnotes":""},"categories":[1],"tags":[],"class_list":["post-366","post","type-post","status-publish","format-standard","hentry","category-general"],"post_mailing_queue_ids":[],"_links":{"self":[{"href":"https:\/\/agora.xtec.cat\/colegiosantateresa\/wp-json\/wp\/v2\/posts\/366","targetHints":{"allow":["GET"]}}],"collection":[{"href":"https:\/\/agora.xtec.cat\/colegiosantateresa\/wp-json\/wp\/v2\/posts"}],"about":[{"href":"https:\/\/agora.xtec.cat\/colegiosantateresa\/wp-json\/wp\/v2\/types\/post"}],"author":[{"embeddable":true,"href":"https:\/\/agora.xtec.cat\/colegiosantateresa\/wp-json\/wp\/v2\/users\/1"}],"replies":[{"embeddable":true,"href":"https:\/\/agora.xtec.cat\/colegiosantateresa\/wp-json\/wp\/v2\/comments?post=366"}],"version-history":[{"count":0,"href":"https:\/\/agora.xtec.cat\/colegiosantateresa\/wp-json\/wp\/v2\/posts\/366\/revisions"}],"wp:attachment":[{"href":"https:\/\/agora.xtec.cat\/colegiosantateresa\/wp-json\/wp\/v2\/media?parent=366"}],"wp:term":[{"taxonomy":"category","embeddable":true,"href":"https:\/\/agora.xtec.cat\/colegiosantateresa\/wp-json\/wp\/v2\/categories?post=366"},{"taxonomy":"post_tag","embeddable":true,"href":"https:\/\/agora.xtec.cat\/colegiosantateresa\/wp-json\/wp\/v2\/tags?post=366"}],"curies":[{"name":"wp","href":"https:\/\/api.w.org\/{rel}","templated":true}]}}