{"id":720,"date":"2016-05-20T17:09:44","date_gmt":"2016-05-20T16:09:44","guid":{"rendered":"http:\/\/agora.xtec.cat\/coldivinaprovidencia\/?p=720"},"modified":"2016-05-20T17:09:44","modified_gmt":"2016-05-20T16:09:44","slug":"6e-primaria-apliquem-lestadistica-al-nostre-mercat","status":"publish","type":"post","link":"https:\/\/agora.xtec.cat\/coldivinaprovidencia\/general\/6e-primaria-apliquem-lestadistica-al-nostre-mercat\/","title":{"rendered":"6\u00e8 prim\u00e0ria &#8211; Apliquem l&#8217;estad\u00edstica al nostre mercat!"},"content":{"rendered":"<p>Avui hem fet la classe de matem\u00e0tiques al mercat de la nostra ciutat. Recollint dades, omplint les taules i calculant diversos par\u00e0metres estad\u00edstics ens ho hem passat molt b\u00e9.<\/p>\n<p><a href=\"http:\/\/agora.xtec.cat\/coldivinaprovidencia\/wp-content\/uploads\/usu1084\/2016\/05\/IMG_9089.jpg\"><img loading=\"lazy\" decoding=\"async\" class=\"alignnone size-large wp-image-722\" src=\"http:\/\/agora.xtec.cat\/coldivinaprovidencia\/wp-content\/uploads\/usu1084\/2016\/05\/IMG_9089-1024x768.jpg\" alt=\"IMG_9089\" width=\"1024\" height=\"768\" srcset=\"https:\/\/agora.xtec.cat\/coldivinaprovidencia\/wp-content\/uploads\/usu1084\/2016\/05\/IMG_9089-1024x768.jpg 1024w, https:\/\/agora.xtec.cat\/coldivinaprovidencia\/wp-content\/uploads\/usu1084\/2016\/05\/IMG_9089-300x225.jpg 300w, https:\/\/agora.xtec.cat\/coldivinaprovidencia\/wp-content\/uploads\/usu1084\/2016\/05\/IMG_9089-200x150.jpg 200w\" sizes=\"auto, (max-width: 1024px) 100vw, 1024px\" \/><\/a> <a href=\"http:\/\/agora.xtec.cat\/coldivinaprovidencia\/wp-content\/uploads\/usu1084\/2016\/05\/IMG_9088.jpg\"><img loading=\"lazy\" decoding=\"async\" class=\"alignnone size-large wp-image-721\" src=\"http:\/\/agora.xtec.cat\/coldivinaprovidencia\/wp-content\/uploads\/usu1084\/2016\/05\/IMG_9088-1024x856.jpg\" alt=\"IMG_9088\" width=\"1024\" height=\"856\" srcset=\"https:\/\/agora.xtec.cat\/coldivinaprovidencia\/wp-content\/uploads\/usu1084\/2016\/05\/IMG_9088-1024x856.jpg 1024w, https:\/\/agora.xtec.cat\/coldivinaprovidencia\/wp-content\/uploads\/usu1084\/2016\/05\/IMG_9088-300x250.jpg 300w\" sizes=\"auto, (max-width: 1024px) 100vw, 1024px\" \/><\/a> <a href=\"http:\/\/agora.xtec.cat\/coldivinaprovidencia\/wp-content\/uploads\/usu1084\/2016\/05\/IMG_9091.jpg\"><img loading=\"lazy\" decoding=\"async\" class=\"alignnone size-large wp-image-723\" src=\"http:\/\/agora.xtec.cat\/coldivinaprovidencia\/wp-content\/uploads\/usu1084\/2016\/05\/IMG_9091-1024x768.jpg\" alt=\"\" width=\"1024\" height=\"768\" srcset=\"https:\/\/agora.xtec.cat\/coldivinaprovidencia\/wp-content\/uploads\/usu1084\/2016\/05\/IMG_9091-1024x768.jpg 1024w, https:\/\/agora.xtec.cat\/coldivinaprovidencia\/wp-content\/uploads\/usu1084\/2016\/05\/IMG_9091-300x225.jpg 300w, https:\/\/agora.xtec.cat\/coldivinaprovidencia\/wp-content\/uploads\/usu1084\/2016\/05\/IMG_9091-200x150.jpg 200w, https:\/\/agora.xtec.cat\/coldivinaprovidencia\/wp-content\/uploads\/usu1084\/2016\/05\/IMG_9091.jpg 1795w\" sizes=\"auto, (max-width: 1024px) 100vw, 1024px\" \/><\/a><\/p>\n","protected":false},"excerpt":{"rendered":"<p>Avui hem fet la classe de matem\u00e0tiques al mercat de la nostra ciutat. Recollint dades, omplint les taules i calculant diversos par\u00e0metres estad\u00edstics ens ho hem passat molt b\u00e9.<br \/>\n<a href=\"http:\/\/agora.xtec.cat\/coldivinaprovidencia\/wp-content\/uploads\/usu1084\/2016\/05\/IMG_9089.jpg\"><\/a> <a href=\"http:\/\/agora.xtec.cat\/coldivinaprovidencia\/wp-content\/uploads\/usu1084\/2016\/05\/IMG_9088.jpg\"><\/a> <a href=\"http:\/\/agora.xtec.cat\/coldivinaprovidencia\/wp-content\/uploads\/usu1084\/2016\/05\/IMG_9091.jpg\"><\/a><\/p>\n","protected":false},"author":1,"featured_media":0,"comment_status":"open","ping_status":"open","sticky":false,"template":"","format":"standard","meta":{"_bbp_topic_count":0,"_bbp_reply_count":0,"_bbp_total_topic_count":0,"_bbp_total_reply_count":0,"_bbp_voice_count":0,"_bbp_anonymous_reply_count":0,"_bbp_topic_count_hidden":0,"_bbp_reply_count_hidden":0,"_bbp_forum_subforum_count":0,"footnotes":""},"categories":[15,1,5],"tags":[50,51],"class_list":["post-720","post","type-post","status-publish","format-standard","hentry","category-6e","category-general","category-primaria","tag-6e","tag-primaria"],"post_mailing_queue_ids":[],"_links":{"self":[{"href":"https:\/\/agora.xtec.cat\/coldivinaprovidencia\/wp-json\/wp\/v2\/posts\/720","targetHints":{"allow":["GET"]}}],"collection":[{"href":"https:\/\/agora.xtec.cat\/coldivinaprovidencia\/wp-json\/wp\/v2\/posts"}],"about":[{"href":"https:\/\/agora.xtec.cat\/coldivinaprovidencia\/wp-json\/wp\/v2\/types\/post"}],"author":[{"embeddable":true,"href":"https:\/\/agora.xtec.cat\/coldivinaprovidencia\/wp-json\/wp\/v2\/users\/1"}],"replies":[{"embeddable":true,"href":"https:\/\/agora.xtec.cat\/coldivinaprovidencia\/wp-json\/wp\/v2\/comments?post=720"}],"version-history":[{"count":1,"href":"https:\/\/agora.xtec.cat\/coldivinaprovidencia\/wp-json\/wp\/v2\/posts\/720\/revisions"}],"predecessor-version":[{"id":724,"href":"https:\/\/agora.xtec.cat\/coldivinaprovidencia\/wp-json\/wp\/v2\/posts\/720\/revisions\/724"}],"wp:attachment":[{"href":"https:\/\/agora.xtec.cat\/coldivinaprovidencia\/wp-json\/wp\/v2\/media?parent=720"}],"wp:term":[{"taxonomy":"category","embeddable":true,"href":"https:\/\/agora.xtec.cat\/coldivinaprovidencia\/wp-json\/wp\/v2\/categories?post=720"},{"taxonomy":"post_tag","embeddable":true,"href":"https:\/\/agora.xtec.cat\/coldivinaprovidencia\/wp-json\/wp\/v2\/tags?post=720"}],"curies":[{"name":"wp","href":"https:\/\/api.w.org\/{rel}","templated":true}]}}