{"id":4429,"date":"2018-06-20T10:43:02","date_gmt":"2018-06-20T08:43:02","guid":{"rendered":"http:\/\/agora.xtec.cat\/coldivinaprovidencia\/?p=4429"},"modified":"2018-06-20T10:46:52","modified_gmt":"2018-06-20T08:46:52","slug":"projecte-demprenedoria","status":"publish","type":"post","link":"https:\/\/agora.xtec.cat\/coldivinaprovidencia\/general\/projecte-demprenedoria\/","title":{"rendered":"PROJECTE D&#8217;EMPRENEDORIA"},"content":{"rendered":"<p>Benvolgudes fam\u00edlies,<\/p>\n<p>enguany els alumnes de cinqu\u00e8 i sis\u00e8 de prim\u00e0ria han dut a terme un projecte d&#8217;emprenedoria on han pogut treballar la seva creativitat i solidaritat.<\/p>\n<p>Informar-vos que els beneficis obtinguts amb la venda del material confeccionat per l&#8217;alumnat anir\u00e0 destinat &#8220;PARA LOS VALIENTES&#8221; de l&#8217;Hospital Sant Joan de D\u00e9u, concretament en la futura construcci\u00f3 del SJD Pedi\u00e0tric C\u00e0ncer Center.<\/p>\n<p>Us desitgem un molt bon estiu!<\/p>\n","protected":false},"excerpt":{"rendered":"<p>Benvolgudes fam\u00edlies,<br \/>\nenguany els alumnes de cinqu\u00e8 i sis\u00e8 de prim\u00e0ria han dut a terme un projecte d&#8217;emprenedoria on han pogut treballar la seva creativitat i solidaritat.<br \/>\nInformar-vos que els beneficis obtinguts amb la venda del material confeccionat per l&#8217;alumnat anir\u00e0 destinat &#8220;PARA LOS VALIENTES&#8221; de l&#8217;Hospital&hellip;  <a href=\"https:\/\/agora.xtec.cat\/coldivinaprovidencia\/general\/projecte-demprenedoria\/\" title=\"Read PROJECTE D&#8217;EMPRENEDORIA\">Llegeix m\u00e9s\u00bb<\/a><\/p>\n","protected":false},"author":1,"featured_media":0,"comment_status":"open","ping_status":"closed","sticky":false,"template":"","format":"standard","meta":{"_bbp_topic_count":0,"_bbp_reply_count":0,"_bbp_total_topic_count":0,"_bbp_total_reply_count":0,"_bbp_voice_count":0,"_bbp_anonymous_reply_count":0,"_bbp_topic_count_hidden":0,"_bbp_reply_count_hidden":0,"_bbp_forum_subforum_count":0,"footnotes":""},"categories":[14,15,1],"tags":[],"class_list":["post-4429","post","type-post","status-publish","format-standard","hentry","category-5e","category-6e","category-general"],"post_mailing_queue_ids":[],"_links":{"self":[{"href":"https:\/\/agora.xtec.cat\/coldivinaprovidencia\/wp-json\/wp\/v2\/posts\/4429","targetHints":{"allow":["GET"]}}],"collection":[{"href":"https:\/\/agora.xtec.cat\/coldivinaprovidencia\/wp-json\/wp\/v2\/posts"}],"about":[{"href":"https:\/\/agora.xtec.cat\/coldivinaprovidencia\/wp-json\/wp\/v2\/types\/post"}],"author":[{"embeddable":true,"href":"https:\/\/agora.xtec.cat\/coldivinaprovidencia\/wp-json\/wp\/v2\/users\/1"}],"replies":[{"embeddable":true,"href":"https:\/\/agora.xtec.cat\/coldivinaprovidencia\/wp-json\/wp\/v2\/comments?post=4429"}],"version-history":[{"count":3,"href":"https:\/\/agora.xtec.cat\/coldivinaprovidencia\/wp-json\/wp\/v2\/posts\/4429\/revisions"}],"predecessor-version":[{"id":4432,"href":"https:\/\/agora.xtec.cat\/coldivinaprovidencia\/wp-json\/wp\/v2\/posts\/4429\/revisions\/4432"}],"wp:attachment":[{"href":"https:\/\/agora.xtec.cat\/coldivinaprovidencia\/wp-json\/wp\/v2\/media?parent=4429"}],"wp:term":[{"taxonomy":"category","embeddable":true,"href":"https:\/\/agora.xtec.cat\/coldivinaprovidencia\/wp-json\/wp\/v2\/categories?post=4429"},{"taxonomy":"post_tag","embeddable":true,"href":"https:\/\/agora.xtec.cat\/coldivinaprovidencia\/wp-json\/wp\/v2\/tags?post=4429"}],"curies":[{"name":"wp","href":"https:\/\/api.w.org\/{rel}","templated":true}]}}