{"id":4424,"date":"2018-05-23T19:01:31","date_gmt":"2018-05-23T17:01:31","guid":{"rendered":"http:\/\/agora.xtec.cat\/coldivinaprovidencia\/?p=4424"},"modified":"2018-05-23T19:01:31","modified_gmt":"2018-05-23T17:01:31","slug":"informacio-important-documents","status":"publish","type":"post","link":"https:\/\/agora.xtec.cat\/coldivinaprovidencia\/general\/informacio-important-documents\/","title":{"rendered":"Informaci\u00f3 important &#8211; Documents"},"content":{"rendered":"<p>Aqu\u00ed podeu visualitzar la nova autoritzaci\u00f3 de la protecci\u00f3 de dades.<\/p>\n<p>Feu click al seg\u00fcent enlla\u00e7:<\/p>\n<p><a href=\"http:\/\/agora.xtec.cat\/coldivinaprovidencia\/docs\/nova-autoritzacio-de-la-proteccio-de-dades\/\">Autoritzaci\u00f3 protecci\u00f3 de dades<\/a><\/p>\n","protected":false},"excerpt":{"rendered":"<p>Nova autoritzacci\u00f3 de la protecci\u00f3 de dades. Maig 2018.&hellip;  <a href=\"https:\/\/agora.xtec.cat\/coldivinaprovidencia\/general\/informacio-important-documents\/\" title=\"Read Informaci\u00f3 important &#8211; Documents\">Llegeix m\u00e9s\u00bb<\/a><\/p>\n","protected":false},"author":1,"featured_media":0,"comment_status":"open","ping_status":"closed","sticky":false,"template":"","format":"standard","meta":{"_bbp_topic_count":0,"_bbp_reply_count":0,"_bbp_total_topic_count":0,"_bbp_total_reply_count":0,"_bbp_voice_count":0,"_bbp_anonymous_reply_count":0,"_bbp_topic_count_hidden":0,"_bbp_reply_count_hidden":0,"_bbp_forum_subforum_count":0,"footnotes":""},"categories":[1],"tags":[112],"class_list":["post-4424","post","type-post","status-publish","format-standard","hentry","category-general","tag-documents"],"post_mailing_queue_ids":[],"_links":{"self":[{"href":"https:\/\/agora.xtec.cat\/coldivinaprovidencia\/wp-json\/wp\/v2\/posts\/4424","targetHints":{"allow":["GET"]}}],"collection":[{"href":"https:\/\/agora.xtec.cat\/coldivinaprovidencia\/wp-json\/wp\/v2\/posts"}],"about":[{"href":"https:\/\/agora.xtec.cat\/coldivinaprovidencia\/wp-json\/wp\/v2\/types\/post"}],"author":[{"embeddable":true,"href":"https:\/\/agora.xtec.cat\/coldivinaprovidencia\/wp-json\/wp\/v2\/users\/1"}],"replies":[{"embeddable":true,"href":"https:\/\/agora.xtec.cat\/coldivinaprovidencia\/wp-json\/wp\/v2\/comments?post=4424"}],"version-history":[{"count":1,"href":"https:\/\/agora.xtec.cat\/coldivinaprovidencia\/wp-json\/wp\/v2\/posts\/4424\/revisions"}],"predecessor-version":[{"id":4425,"href":"https:\/\/agora.xtec.cat\/coldivinaprovidencia\/wp-json\/wp\/v2\/posts\/4424\/revisions\/4425"}],"wp:attachment":[{"href":"https:\/\/agora.xtec.cat\/coldivinaprovidencia\/wp-json\/wp\/v2\/media?parent=4424"}],"wp:term":[{"taxonomy":"category","embeddable":true,"href":"https:\/\/agora.xtec.cat\/coldivinaprovidencia\/wp-json\/wp\/v2\/categories?post=4424"},{"taxonomy":"post_tag","embeddable":true,"href":"https:\/\/agora.xtec.cat\/coldivinaprovidencia\/wp-json\/wp\/v2\/tags?post=4424"}],"curies":[{"name":"wp","href":"https:\/\/api.w.org\/{rel}","templated":true}]}}