{"id":4381,"date":"2018-04-19T10:41:22","date_gmt":"2018-04-19T08:41:22","guid":{"rendered":"http:\/\/agora.xtec.cat\/coldivinaprovidencia\/?p=4381"},"modified":"2018-04-27T11:15:18","modified_gmt":"2018-04-27T09:15:18","slug":"aportacio-solidaria-a-save-the-children","status":"publish","type":"post","link":"https:\/\/agora.xtec.cat\/coldivinaprovidencia\/general\/aportacio-solidaria-a-save-the-children\/","title":{"rendered":"Aportaci\u00f3 solid\u00e0ria a Save the Children."},"content":{"rendered":"<p>Benvingudes fam\u00edlies,<\/p>\n<p>Us volem agrair la vostra aportaci\u00f3 solid\u00e0ria a <em>Save the Children<\/em>. La quantitat recollida ha estat de 807,8\u20ac.<\/p>\n<p>La vostra col\u00b7laboraci\u00f3 ajudar\u00e0 a millorar la situaci\u00f3 de milers de nens i nenes que estan en situaci\u00f3 de patir o pateixen desnutrici\u00f3, una malaltia que \u00e9s previsible i curable.<\/p>\n<p>Tant deb\u00f2 que el proper curs arribem a superar aquesta generosa donaci\u00f3!<\/p>\n<p><img loading=\"lazy\" decoding=\"async\" class=\"alignnone size-full wp-image-4392\" src=\"http:\/\/agora.xtec.cat\/coldivinaprovidencia\/wp-content\/uploads\/usu1084\/2018\/04\/P80425-122318.jpg\" alt=\"\" width=\"400\" height=\"300\" srcset=\"https:\/\/agora.xtec.cat\/coldivinaprovidencia\/wp-content\/uploads\/usu1084\/2018\/04\/P80425-122318.jpg 400w, https:\/\/agora.xtec.cat\/coldivinaprovidencia\/wp-content\/uploads\/usu1084\/2018\/04\/P80425-122318-300x225.jpg 300w, https:\/\/agora.xtec.cat\/coldivinaprovidencia\/wp-content\/uploads\/usu1084\/2018\/04\/P80425-122318-200x150.jpg 200w\" sizes=\"auto, (max-width: 400px) 100vw, 400px\" \/> <img loading=\"lazy\" decoding=\"async\" class=\"alignnone size-large wp-image-4393\" src=\"http:\/\/agora.xtec.cat\/coldivinaprovidencia\/wp-content\/uploads\/usu1084\/2018\/04\/P80425-122412.jpg\" alt=\"\" width=\"300\" height=\"400\" srcset=\"https:\/\/agora.xtec.cat\/coldivinaprovidencia\/wp-content\/uploads\/usu1084\/2018\/04\/P80425-122412.jpg 300w, https:\/\/agora.xtec.cat\/coldivinaprovidencia\/wp-content\/uploads\/usu1084\/2018\/04\/P80425-122412-225x300.jpg 225w\" sizes=\"auto, (max-width: 300px) 100vw, 300px\" \/><\/p>\n","protected":false},"excerpt":{"rendered":"<p>Benvingudes fam\u00edlies,<br \/>\nUs volem agrair la vostra aportaci\u00f3 solid\u00e0ria a Save the Children. La quantitat recollida ha estat de 807,8\u20ac.<br \/>\nLa vostra col\u00b7laboraci\u00f3 ajudar\u00e0 a millorar la situaci\u00f3 de milers de nens i nenes que estan en situaci\u00f3 de patir o pateixen desnutrici\u00f3, una malaltia que \u00e9s&hellip;  <a href=\"https:\/\/agora.xtec.cat\/coldivinaprovidencia\/general\/aportacio-solidaria-a-save-the-children\/\" title=\"Read Aportaci\u00f3 solid\u00e0ria a Save the Children.\">Llegeix m\u00e9s\u00bb<\/a><\/p>\n","protected":false},"author":1,"featured_media":4392,"comment_status":"open","ping_status":"closed","sticky":false,"template":"","format":"standard","meta":{"_bbp_topic_count":0,"_bbp_reply_count":0,"_bbp_total_topic_count":0,"_bbp_total_reply_count":0,"_bbp_voice_count":0,"_bbp_anonymous_reply_count":0,"_bbp_topic_count_hidden":0,"_bbp_reply_count_hidden":0,"_bbp_forum_subforum_count":0,"footnotes":""},"categories":[110,1,54],"tags":[],"class_list":["post-4381","post","type-post","status-publish","format-standard","has-post-thumbnail","hentry","category-pastoral-17-18","category-general","category-pastoral"],"post_mailing_queue_ids":[],"_links":{"self":[{"href":"https:\/\/agora.xtec.cat\/coldivinaprovidencia\/wp-json\/wp\/v2\/posts\/4381","targetHints":{"allow":["GET"]}}],"collection":[{"href":"https:\/\/agora.xtec.cat\/coldivinaprovidencia\/wp-json\/wp\/v2\/posts"}],"about":[{"href":"https:\/\/agora.xtec.cat\/coldivinaprovidencia\/wp-json\/wp\/v2\/types\/post"}],"author":[{"embeddable":true,"href":"https:\/\/agora.xtec.cat\/coldivinaprovidencia\/wp-json\/wp\/v2\/users\/1"}],"replies":[{"embeddable":true,"href":"https:\/\/agora.xtec.cat\/coldivinaprovidencia\/wp-json\/wp\/v2\/comments?post=4381"}],"version-history":[{"count":2,"href":"https:\/\/agora.xtec.cat\/coldivinaprovidencia\/wp-json\/wp\/v2\/posts\/4381\/revisions"}],"predecessor-version":[{"id":4394,"href":"https:\/\/agora.xtec.cat\/coldivinaprovidencia\/wp-json\/wp\/v2\/posts\/4381\/revisions\/4394"}],"wp:featuredmedia":[{"embeddable":true,"href":"https:\/\/agora.xtec.cat\/coldivinaprovidencia\/wp-json\/wp\/v2\/media\/4392"}],"wp:attachment":[{"href":"https:\/\/agora.xtec.cat\/coldivinaprovidencia\/wp-json\/wp\/v2\/media?parent=4381"}],"wp:term":[{"taxonomy":"category","embeddable":true,"href":"https:\/\/agora.xtec.cat\/coldivinaprovidencia\/wp-json\/wp\/v2\/categories?post=4381"},{"taxonomy":"post_tag","embeddable":true,"href":"https:\/\/agora.xtec.cat\/coldivinaprovidencia\/wp-json\/wp\/v2\/tags?post=4381"}],"curies":[{"name":"wp","href":"https:\/\/api.w.org\/{rel}","templated":true}]}}