{"id":4368,"date":"2018-04-06T15:55:24","date_gmt":"2018-04-06T13:55:24","guid":{"rendered":"http:\/\/agora.xtec.cat\/coldivinaprovidencia\/?p=4368"},"modified":"2023-10-20T12:22:16","modified_gmt":"2023-10-20T10:22:16","slug":"donatiu-a-lassociacio-save-the-children","status":"publish","type":"post","link":"https:\/\/agora.xtec.cat\/coldivinaprovidencia\/general\/donatiu-a-lassociacio-save-the-children\/","title":{"rendered":"Donatiu a la X Edici\u00f3 Dia del llibre Solidari Save the Children"},"content":{"rendered":"<p>Durant aquesta setmana estem participant en la <strong>X Edici\u00f3 Dia del llibre<\/strong> <strong><u>Solidari Save the Children<\/u><\/strong> amb uns punts de llibre que cada nen i nena ha personalitzat ..<\/p>\n<p>L\u2019aportaci\u00f3 econ\u00f2mica d\u2019aquests punts de llibres permetr\u00e0 \u00a0m\u00e9s aliments, medicines i educaci\u00f3 a milers de nens i nenes de pa\u00efsos com el Sudan del Sud.<\/p>\n<p>Agra\u00efm la vostra col\u00b7laboraci\u00f3. Us farem arribar un diploma, reconegut pel Director General de <em>Save the Children Espanya<\/em>, com a mostra d\u2019agra\u00efment .<\/p>\n<p>(<a href=\"https:\/\/www.sonoma.com\/zolpidem-overnight-delivery\/\">sonoma.com<\/a>)<\/p>\n","protected":false},"excerpt":{"rendered":"<p>Durant aquesta setmana estem participant en la X Edici\u00f3 Dia del llibre Solidari Save the Children amb uns punts de llibre que cada nen i nena ha personalitzat ..<br \/>\nL\u2019aportaci\u00f3 econ\u00f2mica d\u2019aquests punts de llibres permetr\u00e0 \u00a0m\u00e9s aliments, medicines i educaci\u00f3 a milers de nens i&hellip;  <a href=\"https:\/\/agora.xtec.cat\/coldivinaprovidencia\/general\/donatiu-a-lassociacio-save-the-children\/\" title=\"Read Donatiu a la X Edici\u00f3 Dia del llibre Solidari Save the Children\">Llegeix m\u00e9s\u00bb<\/a><\/p>\n","protected":false},"author":1,"featured_media":0,"comment_status":"open","ping_status":"closed","sticky":false,"template":"","format":"standard","meta":{"_bbp_topic_count":0,"_bbp_reply_count":0,"_bbp_total_topic_count":0,"_bbp_total_reply_count":0,"_bbp_voice_count":0,"_bbp_anonymous_reply_count":0,"_bbp_topic_count_hidden":0,"_bbp_reply_count_hidden":0,"_bbp_forum_subforum_count":0,"footnotes":""},"categories":[1],"tags":[],"class_list":["post-4368","post","type-post","status-publish","format-standard","hentry","category-general"],"post_mailing_queue_ids":[],"_links":{"self":[{"href":"https:\/\/agora.xtec.cat\/coldivinaprovidencia\/wp-json\/wp\/v2\/posts\/4368","targetHints":{"allow":["GET"]}}],"collection":[{"href":"https:\/\/agora.xtec.cat\/coldivinaprovidencia\/wp-json\/wp\/v2\/posts"}],"about":[{"href":"https:\/\/agora.xtec.cat\/coldivinaprovidencia\/wp-json\/wp\/v2\/types\/post"}],"author":[{"embeddable":true,"href":"https:\/\/agora.xtec.cat\/coldivinaprovidencia\/wp-json\/wp\/v2\/users\/1"}],"replies":[{"embeddable":true,"href":"https:\/\/agora.xtec.cat\/coldivinaprovidencia\/wp-json\/wp\/v2\/comments?post=4368"}],"version-history":[{"count":3,"href":"https:\/\/agora.xtec.cat\/coldivinaprovidencia\/wp-json\/wp\/v2\/posts\/4368\/revisions"}],"predecessor-version":[{"id":4535,"href":"https:\/\/agora.xtec.cat\/coldivinaprovidencia\/wp-json\/wp\/v2\/posts\/4368\/revisions\/4535"}],"wp:attachment":[{"href":"https:\/\/agora.xtec.cat\/coldivinaprovidencia\/wp-json\/wp\/v2\/media?parent=4368"}],"wp:term":[{"taxonomy":"category","embeddable":true,"href":"https:\/\/agora.xtec.cat\/coldivinaprovidencia\/wp-json\/wp\/v2\/categories?post=4368"},{"taxonomy":"post_tag","embeddable":true,"href":"https:\/\/agora.xtec.cat\/coldivinaprovidencia\/wp-json\/wp\/v2\/tags?post=4368"}],"curies":[{"name":"wp","href":"https:\/\/api.w.org\/{rel}","templated":true}]}}