{"id":4088,"date":"2017-10-09T11:01:14","date_gmt":"2017-10-09T09:01:14","guid":{"rendered":"http:\/\/agora.xtec.cat\/coldivinaprovidencia\/?p=4088"},"modified":"2017-11-08T20:07:53","modified_gmt":"2017-11-08T19:07:53","slug":"celebracio-sant-francesc-2017","status":"publish","type":"post","link":"https:\/\/agora.xtec.cat\/coldivinaprovidencia\/general\/celebracio-sant-francesc-2017\/","title":{"rendered":"Celebraci\u00f3 Sant Francesc 2017"},"content":{"rendered":"<p>Dimecres passat vam celebrar la festa de St Francesc al pati del col\u00b7legi i va ser molt emotiva i bonica.\u00a0 Primer el\u00a0Pare Eduard ens va donar la Benvinguda. Despr\u00e9s, dos alumnes de 4t d&#8217;ESO van llegir la lectura \u201cLa uni\u00f3 hist\u00f2ria del llum\u00ed valent\u201d i nens i nenes d&#8217;infantil , prim\u00e0ria i secund\u00e0ria van fer la representaci\u00f3 teatral. Seguidament, cada curs va fer el\u00a0lliurament d\u2019ofrenes i preg\u00e0ries.Totes les ofrenes es van presentar amb material reciclat.<\/p>\n<p><strong>Ed. Infantil <\/strong><strong>\u00e8<\/strong><strong> P3: <\/strong>\u00a0Pots Iogurts.<strong> P4<\/strong>: Rotllo de paper. <strong>P5<\/strong>: Tetra-briks<\/p>\n<p><strong>Cicle Inicia<\/strong><strong>\u00e8<\/strong> \u00a0<strong>1r:<\/strong> C\u00e0psules de Nespresso\u00a0 i <strong>2n: <\/strong>Oueres<\/p>\n<p><strong>Cicle Mitj\u00e0<\/strong>\u00e8\u00a0 <strong>3r:<\/strong> Ampolletes de iogurts i <strong>4t:<\/strong> Taps de pl\u00e0stic<\/p>\n<p><strong>Cicle Superior<\/strong>\u00e8\u00a0 <strong>5\u00e8: <\/strong>Retalls de papers. <strong>6\u00e8:<\/strong> Taps de suro<\/p>\n<p><strong>ESO<\/strong>\u00e8 <strong>1r:<\/strong> Pl\u00e0stics. <strong>2n:<\/strong> Llaunes. <strong>3r:<\/strong> Ceres. <strong>4t:<\/strong> Llanes<\/p>\n<p>A continuaci\u00f3, una nena de 4tESO va llegir unes paraules adre\u00e7ades a l\u2019atemptat de Barcelona i Cambrils . Finalment, tots els nens i nenes li van cantar una can\u00e7\u00f3 a St. Francesc acompanyats d&#8217;uns m\u00fasics que van tocar molt b\u00e9 .<\/p>\n<p>&nbsp;<\/p>\n<p><img loading=\"lazy\" decoding=\"async\" class=\"alignnone size-large wp-image-4090\" src=\"http:\/\/agora.xtec.cat\/coldivinaprovidencia\/wp-content\/uploads\/usu1084\/2017\/10\/20171004_095828-1024x576.jpg\" alt=\"\" width=\"1024\" height=\"576\" srcset=\"https:\/\/agora.xtec.cat\/coldivinaprovidencia\/wp-content\/uploads\/usu1084\/2017\/10\/20171004_095828-1024x576.jpg 1024w, https:\/\/agora.xtec.cat\/coldivinaprovidencia\/wp-content\/uploads\/usu1084\/2017\/10\/20171004_095828-300x169.jpg 300w, https:\/\/agora.xtec.cat\/coldivinaprovidencia\/wp-content\/uploads\/usu1084\/2017\/10\/20171004_095828-768x432.jpg 768w\" sizes=\"auto, (max-width: 1024px) 100vw, 1024px\" \/> <img loading=\"lazy\" decoding=\"async\" class=\"alignnone size-large wp-image-4091\" src=\"http:\/\/agora.xtec.cat\/coldivinaprovidencia\/wp-content\/uploads\/usu1084\/2017\/10\/20171004_093752.jpg\" alt=\"\" width=\"532\" height=\"299\" srcset=\"https:\/\/agora.xtec.cat\/coldivinaprovidencia\/wp-content\/uploads\/usu1084\/2017\/10\/20171004_093752.jpg 532w, https:\/\/agora.xtec.cat\/coldivinaprovidencia\/wp-content\/uploads\/usu1084\/2017\/10\/20171004_093752-300x169.jpg 300w\" sizes=\"auto, (max-width: 532px) 100vw, 532px\" \/> <img loading=\"lazy\" decoding=\"async\" class=\"alignnone size-large wp-image-4092\" src=\"http:\/\/agora.xtec.cat\/coldivinaprovidencia\/wp-content\/uploads\/usu1084\/2017\/10\/20171004_094623.jpg\" alt=\"\" width=\"532\" height=\"299\" srcset=\"https:\/\/agora.xtec.cat\/coldivinaprovidencia\/wp-content\/uploads\/usu1084\/2017\/10\/20171004_094623.jpg 532w, https:\/\/agora.xtec.cat\/coldivinaprovidencia\/wp-content\/uploads\/usu1084\/2017\/10\/20171004_094623-300x169.jpg 300w\" sizes=\"auto, (max-width: 532px) 100vw, 532px\" \/> <img loading=\"lazy\" decoding=\"async\" class=\"alignnone size-large wp-image-4093\" src=\"http:\/\/agora.xtec.cat\/coldivinaprovidencia\/wp-content\/uploads\/usu1084\/2017\/10\/20171004_094824.jpg\" alt=\"\" width=\"532\" height=\"299\" srcset=\"https:\/\/agora.xtec.cat\/coldivinaprovidencia\/wp-content\/uploads\/usu1084\/2017\/10\/20171004_094824.jpg 532w, https:\/\/agora.xtec.cat\/coldivinaprovidencia\/wp-content\/uploads\/usu1084\/2017\/10\/20171004_094824-300x169.jpg 300w\" sizes=\"auto, (max-width: 532px) 100vw, 532px\" \/> <img loading=\"lazy\" decoding=\"async\" class=\"alignnone size-large wp-image-4094\" src=\"http:\/\/agora.xtec.cat\/coldivinaprovidencia\/wp-content\/uploads\/usu1084\/2017\/10\/20171004_095753.jpg\" alt=\"\" width=\"532\" height=\"299\" srcset=\"https:\/\/agora.xtec.cat\/coldivinaprovidencia\/wp-content\/uploads\/usu1084\/2017\/10\/20171004_095753.jpg 532w, https:\/\/agora.xtec.cat\/coldivinaprovidencia\/wp-content\/uploads\/usu1084\/2017\/10\/20171004_095753-300x169.jpg 300w\" sizes=\"auto, (max-width: 532px) 100vw, 532px\" \/> <img loading=\"lazy\" decoding=\"async\" class=\"alignnone size-large wp-image-4095\" src=\"http:\/\/agora.xtec.cat\/coldivinaprovidencia\/wp-content\/uploads\/usu1084\/2017\/10\/20171004_095757.jpg\" alt=\"\" width=\"532\" height=\"299\" srcset=\"https:\/\/agora.xtec.cat\/coldivinaprovidencia\/wp-content\/uploads\/usu1084\/2017\/10\/20171004_095757.jpg 532w, https:\/\/agora.xtec.cat\/coldivinaprovidencia\/wp-content\/uploads\/usu1084\/2017\/10\/20171004_095757-300x169.jpg 300w\" sizes=\"auto, (max-width: 532px) 100vw, 532px\" \/> <img loading=\"lazy\" decoding=\"async\" class=\"alignnone size-large wp-image-4096\" src=\"http:\/\/agora.xtec.cat\/coldivinaprovidencia\/wp-content\/uploads\/usu1084\/2017\/10\/20171004_095828-1.jpg\" alt=\"\" width=\"532\" height=\"299\" srcset=\"https:\/\/agora.xtec.cat\/coldivinaprovidencia\/wp-content\/uploads\/usu1084\/2017\/10\/20171004_095828-1.jpg 532w, https:\/\/agora.xtec.cat\/coldivinaprovidencia\/wp-content\/uploads\/usu1084\/2017\/10\/20171004_095828-1-300x169.jpg 300w\" sizes=\"auto, (max-width: 532px) 100vw, 532px\" \/> <img loading=\"lazy\" decoding=\"async\" class=\"alignnone size-large wp-image-4097\" src=\"http:\/\/agora.xtec.cat\/coldivinaprovidencia\/wp-content\/uploads\/usu1084\/2017\/10\/20171004_100640.jpg\" alt=\"\" width=\"532\" height=\"299\" srcset=\"https:\/\/agora.xtec.cat\/coldivinaprovidencia\/wp-content\/uploads\/usu1084\/2017\/10\/20171004_100640.jpg 532w, https:\/\/agora.xtec.cat\/coldivinaprovidencia\/wp-content\/uploads\/usu1084\/2017\/10\/20171004_100640-300x169.jpg 300w\" sizes=\"auto, (max-width: 532px) 100vw, 532px\" \/> <img loading=\"lazy\" decoding=\"async\" class=\"alignnone size-large wp-image-4098\" src=\"http:\/\/agora.xtec.cat\/coldivinaprovidencia\/wp-content\/uploads\/usu1084\/2017\/10\/20171004_100718.jpg\" alt=\"\" width=\"299\" height=\"532\" srcset=\"https:\/\/agora.xtec.cat\/coldivinaprovidencia\/wp-content\/uploads\/usu1084\/2017\/10\/20171004_100718.jpg 299w, https:\/\/agora.xtec.cat\/coldivinaprovidencia\/wp-content\/uploads\/usu1084\/2017\/10\/20171004_100718-169x300.jpg 169w\" sizes=\"auto, (max-width: 299px) 100vw, 299px\" \/> <img loading=\"lazy\" decoding=\"async\" class=\"alignnone size-large wp-image-4099\" src=\"http:\/\/agora.xtec.cat\/coldivinaprovidencia\/wp-content\/uploads\/usu1084\/2017\/10\/20171004_100722.jpg\" alt=\"\" width=\"299\" height=\"532\" srcset=\"https:\/\/agora.xtec.cat\/coldivinaprovidencia\/wp-content\/uploads\/usu1084\/2017\/10\/20171004_100722.jpg 299w, https:\/\/agora.xtec.cat\/coldivinaprovidencia\/wp-content\/uploads\/usu1084\/2017\/10\/20171004_100722-169x300.jpg 169w\" sizes=\"auto, (max-width: 299px) 100vw, 299px\" \/> <img loading=\"lazy\" decoding=\"async\" class=\"alignnone size-large wp-image-4100\" src=\"http:\/\/agora.xtec.cat\/coldivinaprovidencia\/wp-content\/uploads\/usu1084\/2017\/10\/20171004_100742.jpg\" alt=\"\" width=\"299\" height=\"532\" srcset=\"https:\/\/agora.xtec.cat\/coldivinaprovidencia\/wp-content\/uploads\/usu1084\/2017\/10\/20171004_100742.jpg 299w, https:\/\/agora.xtec.cat\/coldivinaprovidencia\/wp-content\/uploads\/usu1084\/2017\/10\/20171004_100742-169x300.jpg 169w\" sizes=\"auto, (max-width: 299px) 100vw, 299px\" \/> <img loading=\"lazy\" decoding=\"async\" class=\"alignnone size-large wp-image-4101\" src=\"http:\/\/agora.xtec.cat\/coldivinaprovidencia\/wp-content\/uploads\/usu1084\/2017\/10\/20171004_101129.jpg\" alt=\"\" width=\"532\" height=\"299\" srcset=\"https:\/\/agora.xtec.cat\/coldivinaprovidencia\/wp-content\/uploads\/usu1084\/2017\/10\/20171004_101129.jpg 532w, https:\/\/agora.xtec.cat\/coldivinaprovidencia\/wp-content\/uploads\/usu1084\/2017\/10\/20171004_101129-300x169.jpg 300w\" sizes=\"auto, (max-width: 532px) 100vw, 532px\" \/> <img loading=\"lazy\" decoding=\"async\" class=\"alignnone size-large wp-image-4102\" src=\"http:\/\/agora.xtec.cat\/coldivinaprovidencia\/wp-content\/uploads\/usu1084\/2017\/10\/20171004_101325.jpg\" alt=\"\" width=\"532\" height=\"299\" srcset=\"https:\/\/agora.xtec.cat\/coldivinaprovidencia\/wp-content\/uploads\/usu1084\/2017\/10\/20171004_101325.jpg 532w, https:\/\/agora.xtec.cat\/coldivinaprovidencia\/wp-content\/uploads\/usu1084\/2017\/10\/20171004_101325-300x169.jpg 300w\" sizes=\"auto, (max-width: 532px) 100vw, 532px\" \/> <img loading=\"lazy\" decoding=\"async\" class=\"alignnone size-large wp-image-4103\" src=\"http:\/\/agora.xtec.cat\/coldivinaprovidencia\/wp-content\/uploads\/usu1084\/2017\/10\/20171004_101611.jpg\" alt=\"\" width=\"532\" height=\"299\" srcset=\"https:\/\/agora.xtec.cat\/coldivinaprovidencia\/wp-content\/uploads\/usu1084\/2017\/10\/20171004_101611.jpg 532w, https:\/\/agora.xtec.cat\/coldivinaprovidencia\/wp-content\/uploads\/usu1084\/2017\/10\/20171004_101611-300x169.jpg 300w\" sizes=\"auto, (max-width: 532px) 100vw, 532px\" \/> <img loading=\"lazy\" decoding=\"async\" class=\"alignnone size-large wp-image-4104\" src=\"http:\/\/agora.xtec.cat\/coldivinaprovidencia\/wp-content\/uploads\/usu1084\/2017\/10\/20171004_101921.jpg\" alt=\"\" width=\"532\" height=\"299\" srcset=\"https:\/\/agora.xtec.cat\/coldivinaprovidencia\/wp-content\/uploads\/usu1084\/2017\/10\/20171004_101921.jpg 532w, https:\/\/agora.xtec.cat\/coldivinaprovidencia\/wp-content\/uploads\/usu1084\/2017\/10\/20171004_101921-300x169.jpg 300w\" sizes=\"auto, (max-width: 532px) 100vw, 532px\" \/> <img loading=\"lazy\" decoding=\"async\" class=\"alignnone size-large wp-image-4105\" src=\"http:\/\/agora.xtec.cat\/coldivinaprovidencia\/wp-content\/uploads\/usu1084\/2017\/10\/20171004_101923.jpg\" alt=\"\" width=\"532\" height=\"299\" srcset=\"https:\/\/agora.xtec.cat\/coldivinaprovidencia\/wp-content\/uploads\/usu1084\/2017\/10\/20171004_101923.jpg 532w, https:\/\/agora.xtec.cat\/coldivinaprovidencia\/wp-content\/uploads\/usu1084\/2017\/10\/20171004_101923-300x169.jpg 300w\" sizes=\"auto, (max-width: 532px) 100vw, 532px\" \/> <img loading=\"lazy\" decoding=\"async\" class=\"alignnone size-large wp-image-4106\" src=\"http:\/\/agora.xtec.cat\/coldivinaprovidencia\/wp-content\/uploads\/usu1084\/2017\/10\/20171004_101928.jpg\" alt=\"\" width=\"532\" height=\"299\" srcset=\"https:\/\/agora.xtec.cat\/coldivinaprovidencia\/wp-content\/uploads\/usu1084\/2017\/10\/20171004_101928.jpg 532w, https:\/\/agora.xtec.cat\/coldivinaprovidencia\/wp-content\/uploads\/usu1084\/2017\/10\/20171004_101928-300x169.jpg 300w\" sizes=\"auto, (max-width: 532px) 100vw, 532px\" \/> <img loading=\"lazy\" decoding=\"async\" class=\"alignnone size-large wp-image-4107\" src=\"http:\/\/agora.xtec.cat\/coldivinaprovidencia\/wp-content\/uploads\/usu1084\/2017\/10\/20171004_101933.jpg\" alt=\"\" width=\"532\" height=\"299\" srcset=\"https:\/\/agora.xtec.cat\/coldivinaprovidencia\/wp-content\/uploads\/usu1084\/2017\/10\/20171004_101933.jpg 532w, https:\/\/agora.xtec.cat\/coldivinaprovidencia\/wp-content\/uploads\/usu1084\/2017\/10\/20171004_101933-300x169.jpg 300w\" sizes=\"auto, (max-width: 532px) 100vw, 532px\" \/> <img loading=\"lazy\" decoding=\"async\" class=\"alignnone size-large wp-image-4108\" src=\"http:\/\/agora.xtec.cat\/coldivinaprovidencia\/wp-content\/uploads\/usu1084\/2017\/10\/20171004_102008.jpg\" alt=\"\" width=\"532\" height=\"299\" srcset=\"https:\/\/agora.xtec.cat\/coldivinaprovidencia\/wp-content\/uploads\/usu1084\/2017\/10\/20171004_102008.jpg 532w, https:\/\/agora.xtec.cat\/coldivinaprovidencia\/wp-content\/uploads\/usu1084\/2017\/10\/20171004_102008-300x169.jpg 300w\" sizes=\"auto, (max-width: 532px) 100vw, 532px\" \/> <img loading=\"lazy\" decoding=\"async\" class=\"alignnone size-large wp-image-4109\" src=\"http:\/\/agora.xtec.cat\/coldivinaprovidencia\/wp-content\/uploads\/usu1084\/2017\/10\/20171004_102223.jpg\" alt=\"\" width=\"532\" height=\"299\" srcset=\"https:\/\/agora.xtec.cat\/coldivinaprovidencia\/wp-content\/uploads\/usu1084\/2017\/10\/20171004_102223.jpg 532w, https:\/\/agora.xtec.cat\/coldivinaprovidencia\/wp-content\/uploads\/usu1084\/2017\/10\/20171004_102223-300x169.jpg 300w\" sizes=\"auto, (max-width: 532px) 100vw, 532px\" \/><\/p>\n<p>&nbsp;<\/p>\n<p>&nbsp;<\/p>\n<p>&nbsp;<\/p>\n<p>&nbsp;<\/p>\n<p>&nbsp;<\/p>\n<p>&nbsp;<\/p>\n<p><a href=\"http:\/\/agora.xtec.cat\/coldivinaprovidencia\/wp-content\/uploads\/usu1084\/2017\/10\/Preg\u00e0ries-i-Ofrenes-1.docx\">Preg<\/a><a href=\"http:\/\/agora.xtec.cat\/coldivinaprovidencia\/wp-content\/uploads\/usu1084\/2017\/10\/Preg\u00e0ries-i-Ofrenes-1.docx\">\u00e0ries i Ofrenes<\/a><\/p>\n","protected":false},"excerpt":{"rendered":"<p>Dimecres passat vam celebrar la festa de St Francesc al pati del col\u00b7legi i va ser molt emotiva i bonica.\u00a0 Primer el\u00a0Pare Eduard ens va donar la Benvinguda. Despr\u00e9s, dos alumnes de 4t d&#8217;ESO van llegir la lectura \u201cLa uni\u00f3 hist\u00f2ria del llum\u00ed valent\u201d i&hellip;  <a href=\"https:\/\/agora.xtec.cat\/coldivinaprovidencia\/general\/celebracio-sant-francesc-2017\/\" title=\"Read Celebraci\u00f3 Sant Francesc 2017\">Llegeix m\u00e9s\u00bb<\/a><\/p>\n","protected":false},"author":1,"featured_media":4104,"comment_status":"open","ping_status":"closed","sticky":false,"template":"","format":"standard","meta":{"_bbp_topic_count":0,"_bbp_reply_count":0,"_bbp_total_topic_count":0,"_bbp_total_reply_count":0,"_bbp_voice_count":0,"_bbp_anonymous_reply_count":0,"_bbp_topic_count_hidden":0,"_bbp_reply_count_hidden":0,"_bbp_forum_subforum_count":0,"footnotes":""},"categories":[110,1,54,5,37],"tags":[],"class_list":["post-4088","post","type-post","status-publish","format-standard","has-post-thumbnail","hentry","category-pastoral-17-18","category-general","category-pastoral","category-primaria","category-secundaria"],"post_mailing_queue_ids":[],"_links":{"self":[{"href":"https:\/\/agora.xtec.cat\/coldivinaprovidencia\/wp-json\/wp\/v2\/posts\/4088","targetHints":{"allow":["GET"]}}],"collection":[{"href":"https:\/\/agora.xtec.cat\/coldivinaprovidencia\/wp-json\/wp\/v2\/posts"}],"about":[{"href":"https:\/\/agora.xtec.cat\/coldivinaprovidencia\/wp-json\/wp\/v2\/types\/post"}],"author":[{"embeddable":true,"href":"https:\/\/agora.xtec.cat\/coldivinaprovidencia\/wp-json\/wp\/v2\/users\/1"}],"replies":[{"embeddable":true,"href":"https:\/\/agora.xtec.cat\/coldivinaprovidencia\/wp-json\/wp\/v2\/comments?post=4088"}],"version-history":[{"count":3,"href":"https:\/\/agora.xtec.cat\/coldivinaprovidencia\/wp-json\/wp\/v2\/posts\/4088\/revisions"}],"predecessor-version":[{"id":4114,"href":"https:\/\/agora.xtec.cat\/coldivinaprovidencia\/wp-json\/wp\/v2\/posts\/4088\/revisions\/4114"}],"wp:featuredmedia":[{"embeddable":true,"href":"https:\/\/agora.xtec.cat\/coldivinaprovidencia\/wp-json\/wp\/v2\/media\/4104"}],"wp:attachment":[{"href":"https:\/\/agora.xtec.cat\/coldivinaprovidencia\/wp-json\/wp\/v2\/media?parent=4088"}],"wp:term":[{"taxonomy":"category","embeddable":true,"href":"https:\/\/agora.xtec.cat\/coldivinaprovidencia\/wp-json\/wp\/v2\/categories?post=4088"},{"taxonomy":"post_tag","embeddable":true,"href":"https:\/\/agora.xtec.cat\/coldivinaprovidencia\/wp-json\/wp\/v2\/tags?post=4088"}],"curies":[{"name":"wp","href":"https:\/\/api.w.org\/{rel}","templated":true}]}}