{"id":3859,"date":"2017-05-23T22:01:32","date_gmt":"2017-05-23T20:01:32","guid":{"rendered":"http:\/\/agora.xtec.cat\/coldivinaprovidencia\/?p=3859"},"modified":"2017-05-23T22:01:32","modified_gmt":"2017-05-23T20:01:32","slug":"congres-de-la-ciencia-6e-primaria","status":"publish","type":"post","link":"https:\/\/agora.xtec.cat\/coldivinaprovidencia\/general\/congres-de-la-ciencia-6e-primaria\/","title":{"rendered":"Congr\u00e9s de la Ci\u00e8ncia  6\u00e8 Prim\u00e0ria"},"content":{"rendered":"<p>Avui els nens i les nenes de 6\u00e8 de prim\u00e0ria han visitat la UPC per presentar una pon\u00e8ncia sobre les ombres. Ha estat una experi\u00e8ncia molt bonica perqu\u00e8 a m\u00e9s de poder exposar el seu projecte han pogut gaudir d&#8217;altres pon\u00e8ncies molt interessants de diferents escoles.<\/p>\n<p><img loading=\"lazy\" decoding=\"async\" class=\"alignnone size-full wp-image-3860\" src=\"http:\/\/agora.xtec.cat\/coldivinaprovidencia\/wp-content\/uploads\/usu1084\/2017\/05\/20170523_111831.jpg\" alt=\"20170523_111831\" width=\"532\" height=\"299\" srcset=\"https:\/\/agora.xtec.cat\/coldivinaprovidencia\/wp-content\/uploads\/usu1084\/2017\/05\/20170523_111831.jpg 532w, https:\/\/agora.xtec.cat\/coldivinaprovidencia\/wp-content\/uploads\/usu1084\/2017\/05\/20170523_111831-300x169.jpg 300w\" sizes=\"auto, (max-width: 532px) 100vw, 532px\" \/> <img loading=\"lazy\" decoding=\"async\" class=\"alignnone size-large wp-image-3861\" src=\"http:\/\/agora.xtec.cat\/coldivinaprovidencia\/wp-content\/uploads\/usu1084\/2017\/05\/20170523_111954.jpg\" alt=\"20170523_111954\" width=\"532\" height=\"299\" srcset=\"https:\/\/agora.xtec.cat\/coldivinaprovidencia\/wp-content\/uploads\/usu1084\/2017\/05\/20170523_111954.jpg 532w, https:\/\/agora.xtec.cat\/coldivinaprovidencia\/wp-content\/uploads\/usu1084\/2017\/05\/20170523_111954-300x169.jpg 300w\" sizes=\"auto, (max-width: 532px) 100vw, 532px\" \/> <img loading=\"lazy\" decoding=\"async\" class=\"alignnone size-large wp-image-3862\" src=\"http:\/\/agora.xtec.cat\/coldivinaprovidencia\/wp-content\/uploads\/usu1084\/2017\/05\/20170523_112230.jpg\" alt=\"20170523_112230\" width=\"532\" height=\"299\" srcset=\"https:\/\/agora.xtec.cat\/coldivinaprovidencia\/wp-content\/uploads\/usu1084\/2017\/05\/20170523_112230.jpg 532w, https:\/\/agora.xtec.cat\/coldivinaprovidencia\/wp-content\/uploads\/usu1084\/2017\/05\/20170523_112230-300x169.jpg 300w\" sizes=\"auto, (max-width: 532px) 100vw, 532px\" \/> <img loading=\"lazy\" decoding=\"async\" class=\"alignnone size-large wp-image-3863\" src=\"http:\/\/agora.xtec.cat\/coldivinaprovidencia\/wp-content\/uploads\/usu1084\/2017\/05\/20170523_112606.jpg\" alt=\"20170523_112606\" width=\"532\" height=\"299\" srcset=\"https:\/\/agora.xtec.cat\/coldivinaprovidencia\/wp-content\/uploads\/usu1084\/2017\/05\/20170523_112606.jpg 532w, https:\/\/agora.xtec.cat\/coldivinaprovidencia\/wp-content\/uploads\/usu1084\/2017\/05\/20170523_112606-300x169.jpg 300w\" sizes=\"auto, (max-width: 532px) 100vw, 532px\" \/> <img loading=\"lazy\" decoding=\"async\" class=\"alignnone size-large wp-image-3864\" src=\"http:\/\/agora.xtec.cat\/coldivinaprovidencia\/wp-content\/uploads\/usu1084\/2017\/05\/20170523_114905.jpg\" alt=\"20170523_114905\" width=\"532\" height=\"299\" srcset=\"https:\/\/agora.xtec.cat\/coldivinaprovidencia\/wp-content\/uploads\/usu1084\/2017\/05\/20170523_114905.jpg 532w, https:\/\/agora.xtec.cat\/coldivinaprovidencia\/wp-content\/uploads\/usu1084\/2017\/05\/20170523_114905-300x169.jpg 300w\" sizes=\"auto, (max-width: 532px) 100vw, 532px\" \/> <img loading=\"lazy\" decoding=\"async\" class=\"alignnone size-large wp-image-3865\" src=\"http:\/\/agora.xtec.cat\/coldivinaprovidencia\/wp-content\/uploads\/usu1084\/2017\/05\/20170523_115809.jpg\" alt=\"20170523_115809\" width=\"532\" height=\"299\" srcset=\"https:\/\/agora.xtec.cat\/coldivinaprovidencia\/wp-content\/uploads\/usu1084\/2017\/05\/20170523_115809.jpg 532w, https:\/\/agora.xtec.cat\/coldivinaprovidencia\/wp-content\/uploads\/usu1084\/2017\/05\/20170523_115809-300x169.jpg 300w\" sizes=\"auto, (max-width: 532px) 100vw, 532px\" \/><\/p>\n","protected":false},"excerpt":{"rendered":"<p>Avui els nens i les nenes de 6\u00e8 de prim\u00e0ria han visitat la UPC per presentar una pon\u00e8ncia sobre les ombres. Ha estat una experi\u00e8ncia molt bonica perqu\u00e8 a m\u00e9s de poder exposar el seu projecte han pogut gaudir d&#8217;altres pon\u00e8ncies molt interessants de diferents&hellip;  <a href=\"https:\/\/agora.xtec.cat\/coldivinaprovidencia\/general\/congres-de-la-ciencia-6e-primaria\/\" title=\"Read Congr\u00e9s de la Ci\u00e8ncia  6\u00e8 Prim\u00e0ria\">Llegeix m\u00e9s\u00bb<\/a><\/p>\n","protected":false},"author":1,"featured_media":3865,"comment_status":"open","ping_status":"open","sticky":false,"template":"","format":"standard","meta":{"_bbp_topic_count":0,"_bbp_reply_count":0,"_bbp_total_topic_count":0,"_bbp_total_reply_count":0,"_bbp_voice_count":0,"_bbp_anonymous_reply_count":0,"_bbp_topic_count_hidden":0,"_bbp_reply_count_hidden":0,"_bbp_forum_subforum_count":0,"footnotes":""},"categories":[15,1],"tags":[],"class_list":["post-3859","post","type-post","status-publish","format-standard","has-post-thumbnail","hentry","category-6e","category-general"],"post_mailing_queue_ids":[],"_links":{"self":[{"href":"https:\/\/agora.xtec.cat\/coldivinaprovidencia\/wp-json\/wp\/v2\/posts\/3859","targetHints":{"allow":["GET"]}}],"collection":[{"href":"https:\/\/agora.xtec.cat\/coldivinaprovidencia\/wp-json\/wp\/v2\/posts"}],"about":[{"href":"https:\/\/agora.xtec.cat\/coldivinaprovidencia\/wp-json\/wp\/v2\/types\/post"}],"author":[{"embeddable":true,"href":"https:\/\/agora.xtec.cat\/coldivinaprovidencia\/wp-json\/wp\/v2\/users\/1"}],"replies":[{"embeddable":true,"href":"https:\/\/agora.xtec.cat\/coldivinaprovidencia\/wp-json\/wp\/v2\/comments?post=3859"}],"version-history":[{"count":1,"href":"https:\/\/agora.xtec.cat\/coldivinaprovidencia\/wp-json\/wp\/v2\/posts\/3859\/revisions"}],"predecessor-version":[{"id":3866,"href":"https:\/\/agora.xtec.cat\/coldivinaprovidencia\/wp-json\/wp\/v2\/posts\/3859\/revisions\/3866"}],"wp:featuredmedia":[{"embeddable":true,"href":"https:\/\/agora.xtec.cat\/coldivinaprovidencia\/wp-json\/wp\/v2\/media\/3865"}],"wp:attachment":[{"href":"https:\/\/agora.xtec.cat\/coldivinaprovidencia\/wp-json\/wp\/v2\/media?parent=3859"}],"wp:term":[{"taxonomy":"category","embeddable":true,"href":"https:\/\/agora.xtec.cat\/coldivinaprovidencia\/wp-json\/wp\/v2\/categories?post=3859"},{"taxonomy":"post_tag","embeddable":true,"href":"https:\/\/agora.xtec.cat\/coldivinaprovidencia\/wp-json\/wp\/v2\/tags?post=3859"}],"curies":[{"name":"wp","href":"https:\/\/api.w.org\/{rel}","templated":true}]}}