{"id":3561,"date":"2017-05-17T20:59:11","date_gmt":"2017-05-17T18:59:11","guid":{"rendered":"http:\/\/agora.xtec.cat\/coldivinaprovidencia\/?p=3561"},"modified":"2017-05-17T20:59:11","modified_gmt":"2017-05-17T18:59:11","slug":"6e-de-primaria-a-una-jornada-dagenda-21","status":"publish","type":"post","link":"https:\/\/agora.xtec.cat\/coldivinaprovidencia\/general\/6e-de-primaria-a-una-jornada-dagenda-21\/","title":{"rendered":"6\u00e8 de prim\u00e0ria a una jornada d&#8217;Agenda 21"},"content":{"rendered":"<p>Avui un grup de nens\/es de 6\u00e8 de prim\u00e0ria han participat a una jornada d&#8217;Agenda 21 sobre turisme sostenible al garraf. L&#8217;experi\u00e8ncia ha estat molt positiva!<\/p>\n<p><img loading=\"lazy\" decoding=\"async\" class=\"alignnone size-full wp-image-3574\" src=\"http:\/\/agora.xtec.cat\/coldivinaprovidencia\/wp-content\/uploads\/usu1084\/2017\/05\/IMG-20170517-WA0036.jpg\" alt=\"IMG-20170517-WA0036\" width=\"352\" height=\"198\" srcset=\"https:\/\/agora.xtec.cat\/coldivinaprovidencia\/wp-content\/uploads\/usu1084\/2017\/05\/IMG-20170517-WA0036.jpg 352w, https:\/\/agora.xtec.cat\/coldivinaprovidencia\/wp-content\/uploads\/usu1084\/2017\/05\/IMG-20170517-WA0036-300x169.jpg 300w\" sizes=\"auto, (max-width: 352px) 100vw, 352px\" \/> <img loading=\"lazy\" decoding=\"async\" class=\"alignnone size-large wp-image-3575\" src=\"http:\/\/agora.xtec.cat\/coldivinaprovidencia\/wp-content\/uploads\/usu1084\/2017\/05\/IMG-20170517-WA0037.jpg\" alt=\"IMG-20170517-WA0037\" width=\"352\" height=\"198\" srcset=\"https:\/\/agora.xtec.cat\/coldivinaprovidencia\/wp-content\/uploads\/usu1084\/2017\/05\/IMG-20170517-WA0037.jpg 352w, https:\/\/agora.xtec.cat\/coldivinaprovidencia\/wp-content\/uploads\/usu1084\/2017\/05\/IMG-20170517-WA0037-300x169.jpg 300w\" sizes=\"auto, (max-width: 352px) 100vw, 352px\" \/><\/p>\n","protected":false},"excerpt":{"rendered":"<p>Avui un grup de nens\/es de 6\u00e8 de prim\u00e0ria han participat a una jornada d&#8217;Agenda 21 sobre turisme sostenible al garraf. L&#8217;experi\u00e8ncia ha estat molt positiva!<\/p>\n","protected":false},"author":1,"featured_media":3574,"comment_status":"open","ping_status":"open","sticky":false,"template":"","format":"standard","meta":{"_bbp_topic_count":0,"_bbp_reply_count":0,"_bbp_total_topic_count":0,"_bbp_total_reply_count":0,"_bbp_voice_count":0,"_bbp_anonymous_reply_count":0,"_bbp_topic_count_hidden":0,"_bbp_reply_count_hidden":0,"_bbp_forum_subforum_count":0,"footnotes":""},"categories":[15,1],"tags":[],"class_list":["post-3561","post","type-post","status-publish","format-standard","has-post-thumbnail","hentry","category-6e","category-general"],"post_mailing_queue_ids":[],"_links":{"self":[{"href":"https:\/\/agora.xtec.cat\/coldivinaprovidencia\/wp-json\/wp\/v2\/posts\/3561","targetHints":{"allow":["GET"]}}],"collection":[{"href":"https:\/\/agora.xtec.cat\/coldivinaprovidencia\/wp-json\/wp\/v2\/posts"}],"about":[{"href":"https:\/\/agora.xtec.cat\/coldivinaprovidencia\/wp-json\/wp\/v2\/types\/post"}],"author":[{"embeddable":true,"href":"https:\/\/agora.xtec.cat\/coldivinaprovidencia\/wp-json\/wp\/v2\/users\/1"}],"replies":[{"embeddable":true,"href":"https:\/\/agora.xtec.cat\/coldivinaprovidencia\/wp-json\/wp\/v2\/comments?post=3561"}],"version-history":[{"count":1,"href":"https:\/\/agora.xtec.cat\/coldivinaprovidencia\/wp-json\/wp\/v2\/posts\/3561\/revisions"}],"predecessor-version":[{"id":3577,"href":"https:\/\/agora.xtec.cat\/coldivinaprovidencia\/wp-json\/wp\/v2\/posts\/3561\/revisions\/3577"}],"wp:featuredmedia":[{"embeddable":true,"href":"https:\/\/agora.xtec.cat\/coldivinaprovidencia\/wp-json\/wp\/v2\/media\/3574"}],"wp:attachment":[{"href":"https:\/\/agora.xtec.cat\/coldivinaprovidencia\/wp-json\/wp\/v2\/media?parent=3561"}],"wp:term":[{"taxonomy":"category","embeddable":true,"href":"https:\/\/agora.xtec.cat\/coldivinaprovidencia\/wp-json\/wp\/v2\/categories?post=3561"},{"taxonomy":"post_tag","embeddable":true,"href":"https:\/\/agora.xtec.cat\/coldivinaprovidencia\/wp-json\/wp\/v2\/tags?post=3561"}],"curies":[{"name":"wp","href":"https:\/\/api.w.org\/{rel}","templated":true}]}}