{"id":3552,"date":"2017-05-17T13:51:34","date_gmt":"2017-05-17T11:51:34","guid":{"rendered":"http:\/\/agora.xtec.cat\/coldivinaprovidencia\/?p=3552"},"modified":"2017-05-17T13:52:41","modified_gmt":"2017-05-17T11:52:41","slug":"ja-estem-a-italia","status":"publish","type":"post","link":"https:\/\/agora.xtec.cat\/coldivinaprovidencia\/general\/ja-estem-a-italia\/","title":{"rendered":"Ja estem a It\u00e0lia"},"content":{"rendered":"<p style=\"text-align: left;\">Ja estem a la\u00a0<em>Bella It\u00e0lia<\/em>! Aqu\u00ed deixem les primeres fotos cam\u00ed de Burano (Ven\u00e8cia).<\/p>\n<p><img loading=\"lazy\" decoding=\"async\" class=\"alignnone size-large wp-image-3553\" src=\"http:\/\/agora.xtec.cat\/coldivinaprovidencia\/wp-content\/uploads\/usu1084\/2017\/05\/IMG_4988-1024x576.jpg\" alt=\"IMG_4988\" width=\"1024\" height=\"576\" srcset=\"https:\/\/agora.xtec.cat\/coldivinaprovidencia\/wp-content\/uploads\/usu1084\/2017\/05\/IMG_4988-1024x576.jpg 1024w, https:\/\/agora.xtec.cat\/coldivinaprovidencia\/wp-content\/uploads\/usu1084\/2017\/05\/IMG_4988-300x169.jpg 300w, https:\/\/agora.xtec.cat\/coldivinaprovidencia\/wp-content\/uploads\/usu1084\/2017\/05\/IMG_4988-768x432.jpg 768w, https:\/\/agora.xtec.cat\/coldivinaprovidencia\/wp-content\/uploads\/usu1084\/2017\/05\/IMG_4988.jpg 1600w\" sizes=\"auto, (max-width: 1024px) 100vw, 1024px\" \/> <img loading=\"lazy\" decoding=\"async\" class=\"alignnone size-large wp-image-3554\" src=\"http:\/\/agora.xtec.cat\/coldivinaprovidencia\/wp-content\/uploads\/usu1084\/2017\/05\/IMG_4989-576x1024.jpg\" alt=\"IMG_4989\" width=\"576\" height=\"1024\" srcset=\"https:\/\/agora.xtec.cat\/coldivinaprovidencia\/wp-content\/uploads\/usu1084\/2017\/05\/IMG_4989-576x1024.jpg 576w, https:\/\/agora.xtec.cat\/coldivinaprovidencia\/wp-content\/uploads\/usu1084\/2017\/05\/IMG_4989-169x300.jpg 169w, https:\/\/agora.xtec.cat\/coldivinaprovidencia\/wp-content\/uploads\/usu1084\/2017\/05\/IMG_4989-768x1365.jpg 768w, https:\/\/agora.xtec.cat\/coldivinaprovidencia\/wp-content\/uploads\/usu1084\/2017\/05\/IMG_4989.jpg 900w\" sizes=\"auto, (max-width: 576px) 100vw, 576px\" \/> <img loading=\"lazy\" decoding=\"async\" class=\"alignnone size-large wp-image-3555\" src=\"http:\/\/agora.xtec.cat\/coldivinaprovidencia\/wp-content\/uploads\/usu1084\/2017\/05\/IMG_4990-576x1024.jpg\" alt=\"IMG_4990\" width=\"576\" height=\"1024\" srcset=\"https:\/\/agora.xtec.cat\/coldivinaprovidencia\/wp-content\/uploads\/usu1084\/2017\/05\/IMG_4990-576x1024.jpg 576w, https:\/\/agora.xtec.cat\/coldivinaprovidencia\/wp-content\/uploads\/usu1084\/2017\/05\/IMG_4990-169x300.jpg 169w, https:\/\/agora.xtec.cat\/coldivinaprovidencia\/wp-content\/uploads\/usu1084\/2017\/05\/IMG_4990-768x1365.jpg 768w, https:\/\/agora.xtec.cat\/coldivinaprovidencia\/wp-content\/uploads\/usu1084\/2017\/05\/IMG_4990.jpg 900w\" sizes=\"auto, (max-width: 576px) 100vw, 576px\" \/> <img loading=\"lazy\" decoding=\"async\" class=\"alignnone size-large wp-image-3556\" src=\"http:\/\/agora.xtec.cat\/coldivinaprovidencia\/wp-content\/uploads\/usu1084\/2017\/05\/IMG_4991-576x1024.jpg\" alt=\"IMG_4991\" width=\"576\" height=\"1024\" srcset=\"https:\/\/agora.xtec.cat\/coldivinaprovidencia\/wp-content\/uploads\/usu1084\/2017\/05\/IMG_4991-576x1024.jpg 576w, https:\/\/agora.xtec.cat\/coldivinaprovidencia\/wp-content\/uploads\/usu1084\/2017\/05\/IMG_4991-169x300.jpg 169w, https:\/\/agora.xtec.cat\/coldivinaprovidencia\/wp-content\/uploads\/usu1084\/2017\/05\/IMG_4991-768x1365.jpg 768w, https:\/\/agora.xtec.cat\/coldivinaprovidencia\/wp-content\/uploads\/usu1084\/2017\/05\/IMG_4991.jpg 900w\" sizes=\"auto, (max-width: 576px) 100vw, 576px\" \/><\/p>\n","protected":false},"excerpt":{"rendered":"<p>Primeres imatges del viatge a It\u00e0lia!&hellip;  <a href=\"https:\/\/agora.xtec.cat\/coldivinaprovidencia\/general\/ja-estem-a-italia\/\" title=\"Read Ja estem a It\u00e0lia\">Llegeix m\u00e9s\u00bb<\/a><\/p>\n","protected":false},"author":1,"featured_media":3555,"comment_status":"open","ping_status":"open","sticky":false,"template":"","format":"standard","meta":{"_bbp_topic_count":0,"_bbp_reply_count":0,"_bbp_total_topic_count":0,"_bbp_total_reply_count":0,"_bbp_voice_count":0,"_bbp_anonymous_reply_count":0,"_bbp_topic_count_hidden":0,"_bbp_reply_count_hidden":0,"_bbp_forum_subforum_count":0,"footnotes":""},"categories":[45,46,1,37],"tags":[],"class_list":["post-3552","post","type-post","status-publish","format-standard","has-post-thumbnail","hentry","category-3r-eso","category-4t-eso","category-general","category-secundaria"],"post_mailing_queue_ids":[],"_links":{"self":[{"href":"https:\/\/agora.xtec.cat\/coldivinaprovidencia\/wp-json\/wp\/v2\/posts\/3552","targetHints":{"allow":["GET"]}}],"collection":[{"href":"https:\/\/agora.xtec.cat\/coldivinaprovidencia\/wp-json\/wp\/v2\/posts"}],"about":[{"href":"https:\/\/agora.xtec.cat\/coldivinaprovidencia\/wp-json\/wp\/v2\/types\/post"}],"author":[{"embeddable":true,"href":"https:\/\/agora.xtec.cat\/coldivinaprovidencia\/wp-json\/wp\/v2\/users\/1"}],"replies":[{"embeddable":true,"href":"https:\/\/agora.xtec.cat\/coldivinaprovidencia\/wp-json\/wp\/v2\/comments?post=3552"}],"version-history":[{"count":2,"href":"https:\/\/agora.xtec.cat\/coldivinaprovidencia\/wp-json\/wp\/v2\/posts\/3552\/revisions"}],"predecessor-version":[{"id":3559,"href":"https:\/\/agora.xtec.cat\/coldivinaprovidencia\/wp-json\/wp\/v2\/posts\/3552\/revisions\/3559"}],"wp:featuredmedia":[{"embeddable":true,"href":"https:\/\/agora.xtec.cat\/coldivinaprovidencia\/wp-json\/wp\/v2\/media\/3555"}],"wp:attachment":[{"href":"https:\/\/agora.xtec.cat\/coldivinaprovidencia\/wp-json\/wp\/v2\/media?parent=3552"}],"wp:term":[{"taxonomy":"category","embeddable":true,"href":"https:\/\/agora.xtec.cat\/coldivinaprovidencia\/wp-json\/wp\/v2\/categories?post=3552"},{"taxonomy":"post_tag","embeddable":true,"href":"https:\/\/agora.xtec.cat\/coldivinaprovidencia\/wp-json\/wp\/v2\/tags?post=3552"}],"curies":[{"name":"wp","href":"https:\/\/api.w.org\/{rel}","templated":true}]}}