{"id":3177,"date":"2017-04-26T17:56:47","date_gmt":"2017-04-26T15:56:47","guid":{"rendered":"http:\/\/agora.xtec.cat\/coldivinaprovidencia\/?p=3177"},"modified":"2017-04-26T22:26:44","modified_gmt":"2017-04-26T20:26:44","slug":"lescriptor-pere-marti-i-bertran-a-2n-de-primaria","status":"publish","type":"post","link":"https:\/\/agora.xtec.cat\/coldivinaprovidencia\/general\/lescriptor-pere-marti-i-bertran-a-2n-de-primaria\/","title":{"rendered":"L&#8217;escriptor Pere Mart\u00ed i Bertran a 2n de Prim\u00e0ria!"},"content":{"rendered":"<p>Avui els nens i nenes de segon de prim\u00e0ria \u00a0han rebut una visita molt especial i emotiva i ha estat la del Sr Pere Mart\u00ed i Bertran, escriptor del llibre que s&#8217;havien llegit a la classe:\u00a0<span class=\"text\"> <i>La tortuga d&#8217;en Hans. \u00a0Ens ha agradat molt poder compartir una estona amb ell i a m\u00e9s, li hem pogut preguntar moltes coses . Finalment, ens ha signat a tots els nens i nenes els llibres . Moltes gr\u00e0cies Sr Pere per tot !<\/i><\/span><\/p>\n<p><img loading=\"lazy\" decoding=\"async\" class=\"alignleft size-medium wp-image-3178\" src=\"http:\/\/agora.xtec.cat\/coldivinaprovidencia\/wp-content\/uploads\/usu1084\/2017\/04\/20170426_113701-300x169.jpg\" alt=\"20170426_113701\" width=\"300\" height=\"169\" srcset=\"https:\/\/agora.xtec.cat\/coldivinaprovidencia\/wp-content\/uploads\/usu1084\/2017\/04\/20170426_113701-300x169.jpg 300w, https:\/\/agora.xtec.cat\/coldivinaprovidencia\/wp-content\/uploads\/usu1084\/2017\/04\/20170426_113701.jpg 532w\" sizes=\"auto, (max-width: 300px) 100vw, 300px\" \/> <img loading=\"lazy\" decoding=\"async\" class=\"alignleft size-medium wp-image-3179\" src=\"http:\/\/agora.xtec.cat\/coldivinaprovidencia\/wp-content\/uploads\/usu1084\/2017\/04\/20170426_113702-300x169.jpg\" alt=\"20170426_113702\" width=\"300\" height=\"169\" srcset=\"https:\/\/agora.xtec.cat\/coldivinaprovidencia\/wp-content\/uploads\/usu1084\/2017\/04\/20170426_113702-300x169.jpg 300w, https:\/\/agora.xtec.cat\/coldivinaprovidencia\/wp-content\/uploads\/usu1084\/2017\/04\/20170426_113702.jpg 532w\" sizes=\"auto, (max-width: 300px) 100vw, 300px\" \/> <img loading=\"lazy\" decoding=\"async\" class=\"alignleft size-medium wp-image-3180\" src=\"http:\/\/agora.xtec.cat\/coldivinaprovidencia\/wp-content\/uploads\/usu1084\/2017\/04\/20170426_113721-300x169.jpg\" alt=\"20170426_113721\" width=\"300\" height=\"169\" srcset=\"https:\/\/agora.xtec.cat\/coldivinaprovidencia\/wp-content\/uploads\/usu1084\/2017\/04\/20170426_113721-300x169.jpg 300w, https:\/\/agora.xtec.cat\/coldivinaprovidencia\/wp-content\/uploads\/usu1084\/2017\/04\/20170426_113721.jpg 532w\" sizes=\"auto, (max-width: 300px) 100vw, 300px\" \/> <img loading=\"lazy\" decoding=\"async\" class=\"alignleft size-medium wp-image-3181\" src=\"http:\/\/agora.xtec.cat\/coldivinaprovidencia\/wp-content\/uploads\/usu1084\/2017\/04\/20170426_113738-300x169.jpg\" alt=\"20170426_113738\" width=\"300\" height=\"169\" srcset=\"https:\/\/agora.xtec.cat\/coldivinaprovidencia\/wp-content\/uploads\/usu1084\/2017\/04\/20170426_113738-300x169.jpg 300w, https:\/\/agora.xtec.cat\/coldivinaprovidencia\/wp-content\/uploads\/usu1084\/2017\/04\/20170426_113738.jpg 532w\" sizes=\"auto, (max-width: 300px) 100vw, 300px\" \/> <img loading=\"lazy\" decoding=\"async\" class=\"alignleft size-medium wp-image-3182\" src=\"http:\/\/agora.xtec.cat\/coldivinaprovidencia\/wp-content\/uploads\/usu1084\/2017\/04\/20170426_113755-169x300.jpg\" alt=\"20170426_113755\" width=\"169\" height=\"300\" srcset=\"https:\/\/agora.xtec.cat\/coldivinaprovidencia\/wp-content\/uploads\/usu1084\/2017\/04\/20170426_113755-169x300.jpg 169w, https:\/\/agora.xtec.cat\/coldivinaprovidencia\/wp-content\/uploads\/usu1084\/2017\/04\/20170426_113755.jpg 299w\" sizes=\"auto, (max-width: 169px) 100vw, 169px\" \/> <img loading=\"lazy\" decoding=\"async\" class=\"alignleft size-medium wp-image-3183\" src=\"http:\/\/agora.xtec.cat\/coldivinaprovidencia\/wp-content\/uploads\/usu1084\/2017\/04\/20170426_113810-169x300.jpg\" alt=\"20170426_113810\" width=\"169\" height=\"300\" srcset=\"https:\/\/agora.xtec.cat\/coldivinaprovidencia\/wp-content\/uploads\/usu1084\/2017\/04\/20170426_113810-169x300.jpg 169w, https:\/\/agora.xtec.cat\/coldivinaprovidencia\/wp-content\/uploads\/usu1084\/2017\/04\/20170426_113810.jpg 299w\" sizes=\"auto, (max-width: 169px) 100vw, 169px\" \/><\/p>\n","protected":false},"excerpt":{"rendered":"<p>Avui els nens i nenes de segon de prim\u00e0ria \u00a0han rebut una visita molt especial i emotiva i ha estat la del Sr Pere Mart\u00ed i Bertran, escriptor del llibre que s&#8217;havien llegit a la classe:\u00a0 La tortuga d&#8217;en Hans. \u00a0Ens ha agradat molt poder&hellip;  <a href=\"https:\/\/agora.xtec.cat\/coldivinaprovidencia\/general\/lescriptor-pere-marti-i-bertran-a-2n-de-primaria\/\" title=\"Read L&#8217;escriptor Pere Mart\u00ed i Bertran a 2n de Prim\u00e0ria!\">Llegeix m\u00e9s\u00bb<\/a><\/p>\n","protected":false},"author":1,"featured_media":3183,"comment_status":"open","ping_status":"open","sticky":false,"template":"","format":"standard","meta":{"_bbp_topic_count":0,"_bbp_reply_count":0,"_bbp_total_topic_count":0,"_bbp_total_reply_count":0,"_bbp_voice_count":0,"_bbp_anonymous_reply_count":0,"_bbp_topic_count_hidden":0,"_bbp_reply_count_hidden":0,"_bbp_forum_subforum_count":0,"footnotes":""},"categories":[11,1,5],"tags":[],"class_list":["post-3177","post","type-post","status-publish","format-standard","has-post-thumbnail","hentry","category-2n","category-general","category-primaria"],"post_mailing_queue_ids":[],"_links":{"self":[{"href":"https:\/\/agora.xtec.cat\/coldivinaprovidencia\/wp-json\/wp\/v2\/posts\/3177","targetHints":{"allow":["GET"]}}],"collection":[{"href":"https:\/\/agora.xtec.cat\/coldivinaprovidencia\/wp-json\/wp\/v2\/posts"}],"about":[{"href":"https:\/\/agora.xtec.cat\/coldivinaprovidencia\/wp-json\/wp\/v2\/types\/post"}],"author":[{"embeddable":true,"href":"https:\/\/agora.xtec.cat\/coldivinaprovidencia\/wp-json\/wp\/v2\/users\/1"}],"replies":[{"embeddable":true,"href":"https:\/\/agora.xtec.cat\/coldivinaprovidencia\/wp-json\/wp\/v2\/comments?post=3177"}],"version-history":[{"count":3,"href":"https:\/\/agora.xtec.cat\/coldivinaprovidencia\/wp-json\/wp\/v2\/posts\/3177\/revisions"}],"predecessor-version":[{"id":3186,"href":"https:\/\/agora.xtec.cat\/coldivinaprovidencia\/wp-json\/wp\/v2\/posts\/3177\/revisions\/3186"}],"wp:featuredmedia":[{"embeddable":true,"href":"https:\/\/agora.xtec.cat\/coldivinaprovidencia\/wp-json\/wp\/v2\/media\/3183"}],"wp:attachment":[{"href":"https:\/\/agora.xtec.cat\/coldivinaprovidencia\/wp-json\/wp\/v2\/media?parent=3177"}],"wp:term":[{"taxonomy":"category","embeddable":true,"href":"https:\/\/agora.xtec.cat\/coldivinaprovidencia\/wp-json\/wp\/v2\/categories?post=3177"},{"taxonomy":"post_tag","embeddable":true,"href":"https:\/\/agora.xtec.cat\/coldivinaprovidencia\/wp-json\/wp\/v2\/tags?post=3177"}],"curies":[{"name":"wp","href":"https:\/\/api.w.org\/{rel}","templated":true}]}}