{"id":3106,"date":"2017-04-12T17:59:03","date_gmt":"2017-04-12T15:59:03","guid":{"rendered":"http:\/\/agora.xtec.cat\/coldivinaprovidencia\/?p=3106"},"modified":"2017-04-12T17:59:03","modified_gmt":"2017-04-12T15:59:03","slug":"sortida-al-poble-espanyol-cicle-mitja","status":"publish","type":"post","link":"https:\/\/agora.xtec.cat\/coldivinaprovidencia\/general\/sortida-al-poble-espanyol-cicle-mitja\/","title":{"rendered":"Sortida al Poble Espanyol  CICLE MITJ\u00c0"},"content":{"rendered":"<p>Dimecres passat vam anar d&#8217;excursi\u00f3 3r i 4t de prim\u00e0ria al Poble Espanyol. Va ser un dia molt emotiu i ens ho vam passar genial perqu\u00e8 vam poder fer d&#8217;artesans! Quan vam visitar el taller del vidre vam veure \u00a0com uns senyors feien figures de vidre, despr\u00e9s vam visitar el taller d&#8217;un artes\u00e0 que estava treballant el cuir. Finalment , tots els nens i nenes van fer una polsera de cuir i van poder gravar el seu nom.<\/p>\n<p><img loading=\"lazy\" decoding=\"async\" class=\"alignleft size-medium wp-image-3108\" src=\"http:\/\/agora.xtec.cat\/coldivinaprovidencia\/wp-content\/uploads\/usu1084\/2017\/04\/20170405_105824-300x169.jpg\" alt=\"20170405_105824\" width=\"300\" height=\"169\" srcset=\"https:\/\/agora.xtec.cat\/coldivinaprovidencia\/wp-content\/uploads\/usu1084\/2017\/04\/20170405_105824-300x169.jpg 300w, https:\/\/agora.xtec.cat\/coldivinaprovidencia\/wp-content\/uploads\/usu1084\/2017\/04\/20170405_105824.jpg 532w\" sizes=\"auto, (max-width: 300px) 100vw, 300px\" \/> <img loading=\"lazy\" decoding=\"async\" class=\"alignleft size-medium wp-image-3109\" src=\"http:\/\/agora.xtec.cat\/coldivinaprovidencia\/wp-content\/uploads\/usu1084\/2017\/04\/20170405_105911-300x169.jpg\" alt=\"20170405_105911\" width=\"300\" height=\"169\" srcset=\"https:\/\/agora.xtec.cat\/coldivinaprovidencia\/wp-content\/uploads\/usu1084\/2017\/04\/20170405_105911-300x169.jpg 300w, https:\/\/agora.xtec.cat\/coldivinaprovidencia\/wp-content\/uploads\/usu1084\/2017\/04\/20170405_105911.jpg 532w\" sizes=\"auto, (max-width: 300px) 100vw, 300px\" \/> <img loading=\"lazy\" decoding=\"async\" class=\"alignleft size-medium wp-image-3110\" src=\"http:\/\/agora.xtec.cat\/coldivinaprovidencia\/wp-content\/uploads\/usu1084\/2017\/04\/20170405_110105-300x169.jpg\" alt=\"20170405_110105\" width=\"300\" height=\"169\" srcset=\"https:\/\/agora.xtec.cat\/coldivinaprovidencia\/wp-content\/uploads\/usu1084\/2017\/04\/20170405_110105-300x169.jpg 300w, https:\/\/agora.xtec.cat\/coldivinaprovidencia\/wp-content\/uploads\/usu1084\/2017\/04\/20170405_110105.jpg 532w\" sizes=\"auto, (max-width: 300px) 100vw, 300px\" \/> <img loading=\"lazy\" decoding=\"async\" class=\"alignleft size-medium wp-image-3111\" src=\"http:\/\/agora.xtec.cat\/coldivinaprovidencia\/wp-content\/uploads\/usu1084\/2017\/04\/20170405_110108-300x169.jpg\" alt=\"20170405_110108\" width=\"300\" height=\"169\" srcset=\"https:\/\/agora.xtec.cat\/coldivinaprovidencia\/wp-content\/uploads\/usu1084\/2017\/04\/20170405_110108-300x169.jpg 300w, https:\/\/agora.xtec.cat\/coldivinaprovidencia\/wp-content\/uploads\/usu1084\/2017\/04\/20170405_110108.jpg 532w\" sizes=\"auto, (max-width: 300px) 100vw, 300px\" \/> <img loading=\"lazy\" decoding=\"async\" class=\"alignleft size-medium wp-image-3112\" src=\"http:\/\/agora.xtec.cat\/coldivinaprovidencia\/wp-content\/uploads\/usu1084\/2017\/04\/20170405_110339-300x169.jpg\" alt=\"20170405_110339\" width=\"300\" height=\"169\" srcset=\"https:\/\/agora.xtec.cat\/coldivinaprovidencia\/wp-content\/uploads\/usu1084\/2017\/04\/20170405_110339-300x169.jpg 300w, https:\/\/agora.xtec.cat\/coldivinaprovidencia\/wp-content\/uploads\/usu1084\/2017\/04\/20170405_110339.jpg 532w\" sizes=\"auto, (max-width: 300px) 100vw, 300px\" \/> <img loading=\"lazy\" decoding=\"async\" class=\"alignleft size-medium wp-image-3113\" src=\"http:\/\/agora.xtec.cat\/coldivinaprovidencia\/wp-content\/uploads\/usu1084\/2017\/04\/20170405_113405-300x169.jpg\" alt=\"20170405_113405\" width=\"300\" height=\"169\" srcset=\"https:\/\/agora.xtec.cat\/coldivinaprovidencia\/wp-content\/uploads\/usu1084\/2017\/04\/20170405_113405-300x169.jpg 300w, https:\/\/agora.xtec.cat\/coldivinaprovidencia\/wp-content\/uploads\/usu1084\/2017\/04\/20170405_113405.jpg 532w\" sizes=\"auto, (max-width: 300px) 100vw, 300px\" \/> <img loading=\"lazy\" decoding=\"async\" class=\"alignleft size-medium wp-image-3114\" src=\"http:\/\/agora.xtec.cat\/coldivinaprovidencia\/wp-content\/uploads\/usu1084\/2017\/04\/20170405_113445-300x169.jpg\" alt=\"20170405_113445\" width=\"300\" height=\"169\" srcset=\"https:\/\/agora.xtec.cat\/coldivinaprovidencia\/wp-content\/uploads\/usu1084\/2017\/04\/20170405_113445-300x169.jpg 300w, https:\/\/agora.xtec.cat\/coldivinaprovidencia\/wp-content\/uploads\/usu1084\/2017\/04\/20170405_113445.jpg 532w\" sizes=\"auto, (max-width: 300px) 100vw, 300px\" \/> <img loading=\"lazy\" decoding=\"async\" class=\"alignleft size-medium wp-image-3115\" src=\"http:\/\/agora.xtec.cat\/coldivinaprovidencia\/wp-content\/uploads\/usu1084\/2017\/04\/20170405_113836-300x169.jpg\" alt=\"20170405_113836\" width=\"300\" height=\"169\" srcset=\"https:\/\/agora.xtec.cat\/coldivinaprovidencia\/wp-content\/uploads\/usu1084\/2017\/04\/20170405_113836-300x169.jpg 300w, https:\/\/agora.xtec.cat\/coldivinaprovidencia\/wp-content\/uploads\/usu1084\/2017\/04\/20170405_113836.jpg 532w\" sizes=\"auto, (max-width: 300px) 100vw, 300px\" \/> <img loading=\"lazy\" decoding=\"async\" class=\"alignleft size-medium wp-image-3116\" src=\"http:\/\/agora.xtec.cat\/coldivinaprovidencia\/wp-content\/uploads\/usu1084\/2017\/04\/20170405_123558-300x169.jpg\" alt=\"20170405_123558\" width=\"300\" height=\"169\" srcset=\"https:\/\/agora.xtec.cat\/coldivinaprovidencia\/wp-content\/uploads\/usu1084\/2017\/04\/20170405_123558-300x169.jpg 300w, https:\/\/agora.xtec.cat\/coldivinaprovidencia\/wp-content\/uploads\/usu1084\/2017\/04\/20170405_123558.jpg 532w\" sizes=\"auto, (max-width: 300px) 100vw, 300px\" \/> <img loading=\"lazy\" decoding=\"async\" class=\"alignleft size-medium wp-image-3117\" src=\"http:\/\/agora.xtec.cat\/coldivinaprovidencia\/wp-content\/uploads\/usu1084\/2017\/04\/20170405_124656-300x169.jpg\" alt=\"20170405_124656\" width=\"300\" height=\"169\" srcset=\"https:\/\/agora.xtec.cat\/coldivinaprovidencia\/wp-content\/uploads\/usu1084\/2017\/04\/20170405_124656-300x169.jpg 300w, https:\/\/agora.xtec.cat\/coldivinaprovidencia\/wp-content\/uploads\/usu1084\/2017\/04\/20170405_124656.jpg 532w\" sizes=\"auto, (max-width: 300px) 100vw, 300px\" \/> <img loading=\"lazy\" decoding=\"async\" class=\"alignleft size-medium wp-image-3118\" src=\"http:\/\/agora.xtec.cat\/coldivinaprovidencia\/wp-content\/uploads\/usu1084\/2017\/04\/20170405_125402-300x169.jpg\" alt=\"20170405_125402\" width=\"300\" height=\"169\" srcset=\"https:\/\/agora.xtec.cat\/coldivinaprovidencia\/wp-content\/uploads\/usu1084\/2017\/04\/20170405_125402-300x169.jpg 300w, https:\/\/agora.xtec.cat\/coldivinaprovidencia\/wp-content\/uploads\/usu1084\/2017\/04\/20170405_125402.jpg 532w\" sizes=\"auto, (max-width: 300px) 100vw, 300px\" \/> <img loading=\"lazy\" decoding=\"async\" class=\"alignleft size-medium wp-image-3119\" src=\"http:\/\/agora.xtec.cat\/coldivinaprovidencia\/wp-content\/uploads\/usu1084\/2017\/04\/20170405_130414-300x169.jpg\" alt=\"20170405_130414\" width=\"300\" height=\"169\" srcset=\"https:\/\/agora.xtec.cat\/coldivinaprovidencia\/wp-content\/uploads\/usu1084\/2017\/04\/20170405_130414-300x169.jpg 300w, https:\/\/agora.xtec.cat\/coldivinaprovidencia\/wp-content\/uploads\/usu1084\/2017\/04\/20170405_130414.jpg 532w\" sizes=\"auto, (max-width: 300px) 100vw, 300px\" \/> <img loading=\"lazy\" decoding=\"async\" class=\"alignleft size-medium wp-image-3120\" src=\"http:\/\/agora.xtec.cat\/coldivinaprovidencia\/wp-content\/uploads\/usu1084\/2017\/04\/20170405_133248-300x169.jpg\" alt=\"20170405_133248\" width=\"300\" height=\"169\" srcset=\"https:\/\/agora.xtec.cat\/coldivinaprovidencia\/wp-content\/uploads\/usu1084\/2017\/04\/20170405_133248-300x169.jpg 300w, https:\/\/agora.xtec.cat\/coldivinaprovidencia\/wp-content\/uploads\/usu1084\/2017\/04\/20170405_133248.jpg 532w\" sizes=\"auto, (max-width: 300px) 100vw, 300px\" \/> <img loading=\"lazy\" decoding=\"async\" class=\"alignleft size-medium wp-image-3121\" src=\"http:\/\/agora.xtec.cat\/coldivinaprovidencia\/wp-content\/uploads\/usu1084\/2017\/04\/IMG-20170405-WA0007.jpg\" alt=\"IMG-20170405-WA0007\" width=\"160\" height=\"90\" \/><\/p>\n","protected":false},"excerpt":{"rendered":"<p>Dimecres passat vam anar d&#8217;excursi\u00f3 3r i 4t de prim\u00e0ria al Poble Espanyol. Va ser un dia molt emotiu i ens ho vam passar genial perqu\u00e8 vam poder fer d&#8217;artesans! Quan vam visitar el taller del vidre vam veure \u00a0com uns senyors feien figures de&hellip;  <a href=\"https:\/\/agora.xtec.cat\/coldivinaprovidencia\/general\/sortida-al-poble-espanyol-cicle-mitja\/\" title=\"Read Sortida al Poble Espanyol  CICLE MITJ\u00c0\">Llegeix m\u00e9s\u00bb<\/a><\/p>\n","protected":false},"author":1,"featured_media":3111,"comment_status":"open","ping_status":"open","sticky":false,"template":"","format":"standard","meta":{"_bbp_topic_count":0,"_bbp_reply_count":0,"_bbp_total_topic_count":0,"_bbp_total_reply_count":0,"_bbp_voice_count":0,"_bbp_anonymous_reply_count":0,"_bbp_topic_count_hidden":0,"_bbp_reply_count_hidden":0,"_bbp_forum_subforum_count":0,"footnotes":""},"categories":[12,13,1],"tags":[],"class_list":["post-3106","post","type-post","status-publish","format-standard","has-post-thumbnail","hentry","category-3r","category-4t","category-general"],"post_mailing_queue_ids":[],"_links":{"self":[{"href":"https:\/\/agora.xtec.cat\/coldivinaprovidencia\/wp-json\/wp\/v2\/posts\/3106","targetHints":{"allow":["GET"]}}],"collection":[{"href":"https:\/\/agora.xtec.cat\/coldivinaprovidencia\/wp-json\/wp\/v2\/posts"}],"about":[{"href":"https:\/\/agora.xtec.cat\/coldivinaprovidencia\/wp-json\/wp\/v2\/types\/post"}],"author":[{"embeddable":true,"href":"https:\/\/agora.xtec.cat\/coldivinaprovidencia\/wp-json\/wp\/v2\/users\/1"}],"replies":[{"embeddable":true,"href":"https:\/\/agora.xtec.cat\/coldivinaprovidencia\/wp-json\/wp\/v2\/comments?post=3106"}],"version-history":[{"count":3,"href":"https:\/\/agora.xtec.cat\/coldivinaprovidencia\/wp-json\/wp\/v2\/posts\/3106\/revisions"}],"predecessor-version":[{"id":3123,"href":"https:\/\/agora.xtec.cat\/coldivinaprovidencia\/wp-json\/wp\/v2\/posts\/3106\/revisions\/3123"}],"wp:featuredmedia":[{"embeddable":true,"href":"https:\/\/agora.xtec.cat\/coldivinaprovidencia\/wp-json\/wp\/v2\/media\/3111"}],"wp:attachment":[{"href":"https:\/\/agora.xtec.cat\/coldivinaprovidencia\/wp-json\/wp\/v2\/media?parent=3106"}],"wp:term":[{"taxonomy":"category","embeddable":true,"href":"https:\/\/agora.xtec.cat\/coldivinaprovidencia\/wp-json\/wp\/v2\/categories?post=3106"},{"taxonomy":"post_tag","embeddable":true,"href":"https:\/\/agora.xtec.cat\/coldivinaprovidencia\/wp-json\/wp\/v2\/tags?post=3106"}],"curies":[{"name":"wp","href":"https:\/\/api.w.org\/{rel}","templated":true}]}}