{"id":2839,"date":"2017-03-23T17:34:48","date_gmt":"2017-03-23T16:34:48","guid":{"rendered":"http:\/\/agora.xtec.cat\/coldivinaprovidencia\/?p=2839"},"modified":"2017-03-23T17:34:48","modified_gmt":"2017-03-23T16:34:48","slug":"lhora-del-planeta","status":"publish","type":"post","link":"https:\/\/agora.xtec.cat\/coldivinaprovidencia\/general\/lhora-del-planeta\/","title":{"rendered":"L&#8217;HORA DEL PLANETA"},"content":{"rendered":"<div class=\"x_gmail_default\">\n<p>L&#8217;escola s&#8217;adhereix a la <b>Campanya &#8220;l&#8217;Hora del Planeta&#8221; de l&#8217;ONG WWF<\/b> (World Wide Fund For Nature), que es dur\u00e0 a terme el dissabte <u>25 de mar\u00e7 de 2017, entre les 20:30h i les 21:30h.<\/u><\/p>\n<p class=\"x_MsoNormal\">L&#8217;Hora del Planeta \u00e9s una campanya de WWF que va comen\u00e7ar el 2007 a Sidney, Austr\u00e0lia, amb el gest simb\u00f2lic <b>d&#8217;apagar la llum durant una hora com a mostra de la lluita contra el canvi clim\u00e0tic.<\/b><\/p>\n<p class=\"x_MsoNormal\">Per aquest motiu, us demanem que el dissabte 25 de mar\u00e7, entre les 20:30h i les 21:30h de la nit, apagueu els llums i participeu activament en aquesta iniciativa mundial en defensa del medi ambient.<\/p>\n<p class=\"x_MsoNormal\">VOLEU M\u00c9S INFORMACI\u00d3:<\/p>\n<p class=\"x_MsoNormal\"><a href=\"http:\/\/www.horadelplaneta.es\/\">L&#8217;HORA DEL PLANETA<\/a><\/p>\n<p class=\"x_MsoNormal\">\u00a0Moltes gr\u00e0cies.<\/p>\n<\/div>\n","protected":false},"excerpt":{"rendered":"<p>Campanya &#8220;l&#8217;Hora del Planeta&#8221; de l&#8217;ONG WWF&hellip;  <a href=\"https:\/\/agora.xtec.cat\/coldivinaprovidencia\/general\/lhora-del-planeta\/\" title=\"Read L&#8217;HORA DEL PLANETA\">Llegeix m\u00e9s\u00bb<\/a><\/p>\n","protected":false},"author":1,"featured_media":0,"comment_status":"open","ping_status":"open","sticky":false,"template":"","format":"standard","meta":{"_bbp_topic_count":0,"_bbp_reply_count":0,"_bbp_total_topic_count":0,"_bbp_total_reply_count":0,"_bbp_voice_count":0,"_bbp_anonymous_reply_count":0,"_bbp_topic_count_hidden":0,"_bbp_reply_count_hidden":0,"_bbp_forum_subforum_count":0,"footnotes":""},"categories":[1],"tags":[],"class_list":["post-2839","post","type-post","status-publish","format-standard","hentry","category-general"],"post_mailing_queue_ids":[],"_links":{"self":[{"href":"https:\/\/agora.xtec.cat\/coldivinaprovidencia\/wp-json\/wp\/v2\/posts\/2839","targetHints":{"allow":["GET"]}}],"collection":[{"href":"https:\/\/agora.xtec.cat\/coldivinaprovidencia\/wp-json\/wp\/v2\/posts"}],"about":[{"href":"https:\/\/agora.xtec.cat\/coldivinaprovidencia\/wp-json\/wp\/v2\/types\/post"}],"author":[{"embeddable":true,"href":"https:\/\/agora.xtec.cat\/coldivinaprovidencia\/wp-json\/wp\/v2\/users\/1"}],"replies":[{"embeddable":true,"href":"https:\/\/agora.xtec.cat\/coldivinaprovidencia\/wp-json\/wp\/v2\/comments?post=2839"}],"version-history":[{"count":1,"href":"https:\/\/agora.xtec.cat\/coldivinaprovidencia\/wp-json\/wp\/v2\/posts\/2839\/revisions"}],"predecessor-version":[{"id":2840,"href":"https:\/\/agora.xtec.cat\/coldivinaprovidencia\/wp-json\/wp\/v2\/posts\/2839\/revisions\/2840"}],"wp:attachment":[{"href":"https:\/\/agora.xtec.cat\/coldivinaprovidencia\/wp-json\/wp\/v2\/media?parent=2839"}],"wp:term":[{"taxonomy":"category","embeddable":true,"href":"https:\/\/agora.xtec.cat\/coldivinaprovidencia\/wp-json\/wp\/v2\/categories?post=2839"},{"taxonomy":"post_tag","embeddable":true,"href":"https:\/\/agora.xtec.cat\/coldivinaprovidencia\/wp-json\/wp\/v2\/tags?post=2839"}],"curies":[{"name":"wp","href":"https:\/\/api.w.org\/{rel}","templated":true}]}}