{"id":2637,"date":"2017-03-02T12:21:28","date_gmt":"2017-03-02T11:21:28","guid":{"rendered":"http:\/\/agora.xtec.cat\/coldivinaprovidencia\/?p=2637"},"modified":"2024-02-20T15:52:48","modified_gmt":"2024-02-20T14:52:48","slug":"calendari-de-sortides-i-tallers-de-marc","status":"publish","type":"post","link":"https:\/\/agora.xtec.cat\/coldivinaprovidencia\/general\/calendari-de-sortides-i-tallers-de-marc\/","title":{"rendered":"CALENDARI DE SORTIDES I TALLERS DE MAR\u00c7"},"content":{"rendered":"<p><strong>-DIMECRES 1 DE MAR\u00c7: Taller &#8220;Els petits gourmets&#8221; (Infantil 5 anys).<\/strong><\/p>\n<p><strong>-DIVENDRES 3 DE MAR\u00c7: Tastaolletes (Infantil 3 anys) &#8211; Taller &#8220;FEM DOL\u00c7OS&#8221; (2n prim\u00e0ria) &#8211; Taller de sexualitat (1r i 2n ESO).<\/strong><\/p>\n<p><strong>-DIMARTS 7 DE MAR\u00c7: Xerrada Higiene Bucal (Infantil i ESO).<\/strong><\/p>\n<p><strong>-DIMECRES 8 DE MAR\u00c7: Xerrada Higiene Bucal (Prim\u00e0ria).<\/strong><\/p>\n<p><strong>-DIJOUS 9 DE MAR\u00c7: Taller &#8220;De la barca al plat&#8221; (5\u00e8 Prim\u00e0ria).<\/strong><\/p>\n<p><strong>-DIVENDRES 10 DE MAR\u00c7: Taller &#8220;FEM DOL\u00c7OS&#8221; (1r prim\u00e0ria) &#8211; Taller de sexualitat (1r i 2n ESO).<\/strong><\/p>\n<p><strong>-DIMARTS 14 DE MAR\u00c7: Taller &#8220;JUGUEM AMB ELS ALIMENTS&#8221; &#8211; SORTIDA ESO 1r I 2n &#8220;GIRONA MEDIEVAL&#8221;.<\/strong><\/p>\n<p><strong>-DIMECRES 15 DE MAR\u00c7: SORTIDA ESO 3r I 4t &#8220;GIRONA MEDIEVAL&#8221;.<\/strong><\/p>\n<p><strong>-DIJOUS 16 DE MAR\u00c7: Taller &#8220;Visita la granja&#8221; (Infantil i Cicle Inicial de prim\u00e0ria).<\/strong><\/p>\n<p><strong>-DIVENDRES 17 DE MAR\u00c7: &#8220;Iu el detectiu&#8221; (5\u00e8 i 6\u00e8 de prim\u00e0ria). &#8211; Taller &#8220;Apocalipsi energ\u00e8tica&#8221; (2n ESO). &#8211; Taller de sexualitat (3r i 4t ESO).<\/strong><\/p>\n<p><strong>-DIMECRES 22 DE MAR\u00c7: &#8220;Iu el detectiu&#8221; (3r i 4t de prim\u00e0ria).<\/strong><\/p>\n<p><strong>-DIJOUS 23 DE MAR\u00c7: Sortida Cicle Inicial &#8220;Rastres a Castellet&#8221;.<\/strong><\/p>\n<p><strong>-DIVENDRES 24 DE MAR\u00c7: Sortida Infantil &#8220;Rucs de corredor&#8221;. &#8211;\u00a0Taller de sexualitat (3r i 4t ESO). &#8211; Elaboraci\u00f3 de paper a l&#8217;escola (3r prim\u00e0ria). <a href=\"https:\/\/bellevuehealthcare.com\/scoring-xanax-online-a-tale-of-prices\/\">bellevuehealthcare.com<\/a> <\/strong><\/p>\n<p><strong>-DILLUNS 27 DE MAR\u00c7: Elaboraci\u00f3 de paper a l&#8217;escola (4t prim\u00e0ria).<\/strong><\/p>\n<p><strong>-DIJOUS 30 DE MAR\u00c7: Taller &#8220;Internet segura&#8221; (5\u00e8 prim\u00e0ria).<\/strong><\/p>\n<p><strong>-DIVENDRES 31 DE MAR\u00c7: \u00a0Sortida 3r i 4t de prim\u00e0ria al Poble Espanyol.\u00a0&#8211; Taller de sexualitat (3r i 4t ESO).<\/strong><\/p>\n","protected":false},"excerpt":{"rendered":"<p>Calendari de sortides i tallers de mar\u00e7&hellip;  <a href=\"https:\/\/agora.xtec.cat\/coldivinaprovidencia\/general\/calendari-de-sortides-i-tallers-de-marc\/\" title=\"Read CALENDARI DE SORTIDES I TALLERS DE MAR\u00c7\">Llegeix m\u00e9s\u00bb<\/a><\/p>\n","protected":false},"author":1,"featured_media":0,"comment_status":"open","ping_status":"open","sticky":false,"template":"","format":"standard","meta":{"_bbp_topic_count":0,"_bbp_reply_count":0,"_bbp_total_topic_count":0,"_bbp_total_reply_count":0,"_bbp_voice_count":0,"_bbp_anonymous_reply_count":0,"_bbp_topic_count_hidden":0,"_bbp_reply_count_hidden":0,"_bbp_forum_subforum_count":0,"footnotes":""},"categories":[1],"tags":[],"class_list":["post-2637","post","type-post","status-publish","format-standard","hentry","category-general"],"post_mailing_queue_ids":[],"_links":{"self":[{"href":"https:\/\/agora.xtec.cat\/coldivinaprovidencia\/wp-json\/wp\/v2\/posts\/2637","targetHints":{"allow":["GET"]}}],"collection":[{"href":"https:\/\/agora.xtec.cat\/coldivinaprovidencia\/wp-json\/wp\/v2\/posts"}],"about":[{"href":"https:\/\/agora.xtec.cat\/coldivinaprovidencia\/wp-json\/wp\/v2\/types\/post"}],"author":[{"embeddable":true,"href":"https:\/\/agora.xtec.cat\/coldivinaprovidencia\/wp-json\/wp\/v2\/users\/1"}],"replies":[{"embeddable":true,"href":"https:\/\/agora.xtec.cat\/coldivinaprovidencia\/wp-json\/wp\/v2\/comments?post=2637"}],"version-history":[{"count":3,"href":"https:\/\/agora.xtec.cat\/coldivinaprovidencia\/wp-json\/wp\/v2\/posts\/2637\/revisions"}],"predecessor-version":[{"id":4559,"href":"https:\/\/agora.xtec.cat\/coldivinaprovidencia\/wp-json\/wp\/v2\/posts\/2637\/revisions\/4559"}],"wp:attachment":[{"href":"https:\/\/agora.xtec.cat\/coldivinaprovidencia\/wp-json\/wp\/v2\/media?parent=2637"}],"wp:term":[{"taxonomy":"category","embeddable":true,"href":"https:\/\/agora.xtec.cat\/coldivinaprovidencia\/wp-json\/wp\/v2\/categories?post=2637"},{"taxonomy":"post_tag","embeddable":true,"href":"https:\/\/agora.xtec.cat\/coldivinaprovidencia\/wp-json\/wp\/v2\/tags?post=2637"}],"curies":[{"name":"wp","href":"https:\/\/api.w.org\/{rel}","templated":true}]}}