{"id":2220,"date":"2017-02-02T23:55:33","date_gmt":"2017-02-02T22:55:33","guid":{"rendered":"http:\/\/agora.xtec.cat\/coldivinaprovidencia\/?p=2220"},"modified":"2017-11-08T20:41:41","modified_gmt":"2017-11-08T19:41:41","slug":"festa-de-la-candelera","status":"publish","type":"post","link":"https:\/\/agora.xtec.cat\/coldivinaprovidencia\/general\/festa-de-la-candelera\/","title":{"rendered":"Festa de la Candelera"},"content":{"rendered":"<p>Avui 2 de febrer \u00a0hem celebrat la Candelera. Els alumnes de Cicle Mitj\u00e0 i Cicle Superior han anat a l\u2019esgl\u00e9sia del col\u00b7legi i han compartir una estona de preg\u00e0ria i celebraci\u00f3. El Pare Eduard ens ha dirigit unes paraules sobre aquesta festa de la llum, tamb\u00e9 dos nens han llegit una preg\u00e0ria i finalment,\u00a0 tots els nens i nenes han cantat una can\u00e7\u00f3 relacionada amb la llum molt bonica.<\/p>\n<p><img loading=\"lazy\" decoding=\"async\" class=\"size-full wp-image-2231 alignleft\" src=\"http:\/\/agora.xtec.cat\/coldivinaprovidencia\/wp-content\/uploads\/usu1084\/2017\/02\/IMG-20170202-WA0016.jpg\" alt=\"img-20170202-wa0016\" width=\"160\" height=\"120\" \/> <img loading=\"lazy\" decoding=\"async\" class=\"size-full wp-image-2230 alignleft\" src=\"http:\/\/agora.xtec.cat\/coldivinaprovidencia\/wp-content\/uploads\/usu1084\/2017\/02\/IMG-20170202-WA0012.jpg\" alt=\"img-20170202-wa0012\" width=\"160\" height=\"120\" \/> <img loading=\"lazy\" decoding=\"async\" class=\"size-full wp-image-2229 alignleft\" src=\"http:\/\/agora.xtec.cat\/coldivinaprovidencia\/wp-content\/uploads\/usu1084\/2017\/02\/IMG-20170202-WA0011.jpg\" alt=\"img-20170202-wa0011\" width=\"160\" height=\"120\" \/> <img loading=\"lazy\" decoding=\"async\" class=\"size-full wp-image-2228 alignleft\" src=\"http:\/\/agora.xtec.cat\/coldivinaprovidencia\/wp-content\/uploads\/usu1084\/2017\/02\/IMG-20170202-WA0009.jpg\" alt=\"img-20170202-wa0009\" width=\"160\" height=\"120\" \/> <img loading=\"lazy\" decoding=\"async\" class=\"size-full wp-image-2227 alignleft\" src=\"http:\/\/agora.xtec.cat\/coldivinaprovidencia\/wp-content\/uploads\/usu1084\/2017\/02\/IMG-20170202-WA0004.jpg\" alt=\"img-20170202-wa0004\" width=\"160\" height=\"120\" \/> <img loading=\"lazy\" decoding=\"async\" class=\"size-medium wp-image-2226 alignleft\" src=\"http:\/\/agora.xtec.cat\/coldivinaprovidencia\/wp-content\/uploads\/usu1084\/2017\/02\/20170202_094351-169x300.jpg\" alt=\"20170202_094351\" width=\"169\" height=\"300\" srcset=\"https:\/\/agora.xtec.cat\/coldivinaprovidencia\/wp-content\/uploads\/usu1084\/2017\/02\/20170202_094351-169x300.jpg 169w, https:\/\/agora.xtec.cat\/coldivinaprovidencia\/wp-content\/uploads\/usu1084\/2017\/02\/20170202_094351.jpg 299w\" sizes=\"auto, (max-width: 169px) 100vw, 169px\" \/> <img loading=\"lazy\" decoding=\"async\" class=\"size-medium wp-image-2225 alignleft\" src=\"http:\/\/agora.xtec.cat\/coldivinaprovidencia\/wp-content\/uploads\/usu1084\/2017\/02\/20170202_094335-300x169.jpg\" alt=\"20170202_094335\" width=\"300\" height=\"169\" srcset=\"https:\/\/agora.xtec.cat\/coldivinaprovidencia\/wp-content\/uploads\/usu1084\/2017\/02\/20170202_094335-300x169.jpg 300w, https:\/\/agora.xtec.cat\/coldivinaprovidencia\/wp-content\/uploads\/usu1084\/2017\/02\/20170202_094335.jpg 531w\" sizes=\"auto, (max-width: 300px) 100vw, 300px\" \/> <img loading=\"lazy\" decoding=\"async\" class=\"size-medium wp-image-2224 alignleft\" src=\"http:\/\/agora.xtec.cat\/coldivinaprovidencia\/wp-content\/uploads\/usu1084\/2017\/02\/20170202_094121-300x169.jpg\" alt=\"20170202_094121\" width=\"300\" height=\"169\" srcset=\"https:\/\/agora.xtec.cat\/coldivinaprovidencia\/wp-content\/uploads\/usu1084\/2017\/02\/20170202_094121-300x169.jpg 300w, https:\/\/agora.xtec.cat\/coldivinaprovidencia\/wp-content\/uploads\/usu1084\/2017\/02\/20170202_094121.jpg 531w\" sizes=\"auto, (max-width: 300px) 100vw, 300px\" \/> <img loading=\"lazy\" decoding=\"async\" class=\"size-medium wp-image-2223 alignleft\" src=\"http:\/\/agora.xtec.cat\/coldivinaprovidencia\/wp-content\/uploads\/usu1084\/2017\/02\/20170202_093835-300x169.jpg\" alt=\"20170202_093835\" width=\"300\" height=\"169\" srcset=\"https:\/\/agora.xtec.cat\/coldivinaprovidencia\/wp-content\/uploads\/usu1084\/2017\/02\/20170202_093835-300x169.jpg 300w, https:\/\/agora.xtec.cat\/coldivinaprovidencia\/wp-content\/uploads\/usu1084\/2017\/02\/20170202_093835.jpg 531w\" sizes=\"auto, (max-width: 300px) 100vw, 300px\" \/> <img loading=\"lazy\" decoding=\"async\" class=\"alignnone size-medium wp-image-2222\" src=\"http:\/\/agora.xtec.cat\/coldivinaprovidencia\/wp-content\/uploads\/usu1084\/2017\/02\/20170202_092357-300x169.jpg\" alt=\"20170202_092357\" width=\"300\" height=\"169\" srcset=\"https:\/\/agora.xtec.cat\/coldivinaprovidencia\/wp-content\/uploads\/usu1084\/2017\/02\/20170202_092357-300x169.jpg 300w, https:\/\/agora.xtec.cat\/coldivinaprovidencia\/wp-content\/uploads\/usu1084\/2017\/02\/20170202_092357.jpg 531w\" sizes=\"auto, (max-width: 300px) 100vw, 300px\" \/><\/p>\n<p>&nbsp;<\/p>\n<p>&nbsp;<\/p>\n<p>&nbsp;<\/p>\n<p>&nbsp;<\/p>\n<p>&nbsp;<\/p>\n<p>&nbsp;<\/p>\n<p>&nbsp;<\/p>\n<p><strong>Preg\u00e0ries:<\/strong><\/p>\n<p>Avui ens apleguem els nenes\/es de Cicle Mitj\u00e0 i Cicle Superior per celebrar la festa de la Candelera, anomenada tamb\u00e9 la festa de la llum.<\/p>\n<p>Preguem per nosaltres, perqu\u00e8 no tinguem la llum del Crist guardada sota el llit de la comoditat i l&#8217;egoisme, sin\u00f3 que brilli a la nostra vida personal i comunit\u00e0ria.<\/p>\n<p>&nbsp;<\/p>\n<p>Jes\u00fas, tu ets la llum de la nostra vida.<\/p>\n<p>Sempre que em sento enfadat, cansat o trist i prego, dins el meu cor s&#8217;enc\u00e9n una llumeta que m&#8217;il\u00b7lumina i m&#8217;escalfa.<\/p>\n<p>Gr\u00e0cies per estar sempre a prop meu, esperant-me i amb ganes d&#8217;ajudar-me i orientar-me.<\/p>\n<p>&nbsp;<\/p>\n<p>&nbsp;<\/p>\n","protected":false},"excerpt":{"rendered":"<p>Avui 2 de febrer \u00a0hem celebrat la Candelera. Els alumnes de Cicle Mitj\u00e0 i Cicle Superior han anat a l\u2019esgl\u00e9sia del col\u00b7legi i han compartir una estona de preg\u00e0ria i celebraci\u00f3. El Pare Eduard ens ha dirigit unes paraules sobre aquesta festa de la llum,&hellip;  <a href=\"https:\/\/agora.xtec.cat\/coldivinaprovidencia\/general\/festa-de-la-candelera\/\" title=\"Read Festa de la Candelera\">Llegeix m\u00e9s\u00bb<\/a><\/p>\n","protected":false},"author":1,"featured_media":2225,"comment_status":"open","ping_status":"closed","sticky":false,"template":"","format":"standard","meta":{"_bbp_topic_count":0,"_bbp_reply_count":0,"_bbp_total_topic_count":0,"_bbp_total_reply_count":0,"_bbp_voice_count":0,"_bbp_anonymous_reply_count":0,"_bbp_topic_count_hidden":0,"_bbp_reply_count_hidden":0,"_bbp_forum_subforum_count":0,"footnotes":""},"categories":[12,13,14,15,81,1,54],"tags":[],"class_list":["post-2220","post","type-post","status-publish","format-standard","has-post-thumbnail","hentry","category-3r","category-4t","category-5e","category-6e","category-pastoral-2016-17","category-general","category-pastoral"],"post_mailing_queue_ids":[],"_links":{"self":[{"href":"https:\/\/agora.xtec.cat\/coldivinaprovidencia\/wp-json\/wp\/v2\/posts\/2220","targetHints":{"allow":["GET"]}}],"collection":[{"href":"https:\/\/agora.xtec.cat\/coldivinaprovidencia\/wp-json\/wp\/v2\/posts"}],"about":[{"href":"https:\/\/agora.xtec.cat\/coldivinaprovidencia\/wp-json\/wp\/v2\/types\/post"}],"author":[{"embeddable":true,"href":"https:\/\/agora.xtec.cat\/coldivinaprovidencia\/wp-json\/wp\/v2\/users\/1"}],"replies":[{"embeddable":true,"href":"https:\/\/agora.xtec.cat\/coldivinaprovidencia\/wp-json\/wp\/v2\/comments?post=2220"}],"version-history":[{"count":3,"href":"https:\/\/agora.xtec.cat\/coldivinaprovidencia\/wp-json\/wp\/v2\/posts\/2220\/revisions"}],"predecessor-version":[{"id":2233,"href":"https:\/\/agora.xtec.cat\/coldivinaprovidencia\/wp-json\/wp\/v2\/posts\/2220\/revisions\/2233"}],"wp:featuredmedia":[{"embeddable":true,"href":"https:\/\/agora.xtec.cat\/coldivinaprovidencia\/wp-json\/wp\/v2\/media\/2225"}],"wp:attachment":[{"href":"https:\/\/agora.xtec.cat\/coldivinaprovidencia\/wp-json\/wp\/v2\/media?parent=2220"}],"wp:term":[{"taxonomy":"category","embeddable":true,"href":"https:\/\/agora.xtec.cat\/coldivinaprovidencia\/wp-json\/wp\/v2\/categories?post=2220"},{"taxonomy":"post_tag","embeddable":true,"href":"https:\/\/agora.xtec.cat\/coldivinaprovidencia\/wp-json\/wp\/v2\/tags?post=2220"}],"curies":[{"name":"wp","href":"https:\/\/api.w.org\/{rel}","templated":true}]}}