{"id":2216,"date":"2017-01-30T21:22:18","date_gmt":"2017-01-30T20:22:18","guid":{"rendered":"http:\/\/agora.xtec.cat\/coldivinaprovidencia\/?p=2216"},"modified":"2017-02-15T21:58:01","modified_gmt":"2017-02-15T20:58:01","slug":"dia-de-la-pau-i-la-no-violencia","status":"publish","type":"post","link":"https:\/\/agora.xtec.cat\/coldivinaprovidencia\/general\/dia-de-la-pau-i-la-no-violencia\/","title":{"rendered":"Dia de la Pau i la No Viol\u00e8ncia"},"content":{"rendered":"<p><img loading=\"lazy\" decoding=\"async\" class=\"alignleft size-medium wp-image-2300\" src=\"http:\/\/agora.xtec.cat\/coldivinaprovidencia\/wp-content\/uploads\/usu1084\/2017\/01\/20170130_121526-FILEminimizer-300x169.jpg\" alt=\"20170130_121526-fileminimizer\" width=\"300\" height=\"169\" srcset=\"https:\/\/agora.xtec.cat\/coldivinaprovidencia\/wp-content\/uploads\/usu1084\/2017\/01\/20170130_121526-FILEminimizer-300x169.jpg 300w, https:\/\/agora.xtec.cat\/coldivinaprovidencia\/wp-content\/uploads\/usu1084\/2017\/01\/20170130_121526-FILEminimizer-768x432.jpg 768w, https:\/\/agora.xtec.cat\/coldivinaprovidencia\/wp-content\/uploads\/usu1084\/2017\/01\/20170130_121526-FILEminimizer-1024x576.jpg 1024w, https:\/\/agora.xtec.cat\/coldivinaprovidencia\/wp-content\/uploads\/usu1084\/2017\/01\/20170130_121526-FILEminimizer.jpg 1365w\" sizes=\"auto, (max-width: 300px) 100vw, 300px\" \/> <img loading=\"lazy\" decoding=\"async\" class=\"alignleft size-medium wp-image-2301\" src=\"http:\/\/agora.xtec.cat\/coldivinaprovidencia\/wp-content\/uploads\/usu1084\/2017\/01\/20170130_121551-FILEminimizer-300x169.jpg\" alt=\"20170130_121551-fileminimizer\" width=\"300\" height=\"169\" srcset=\"https:\/\/agora.xtec.cat\/coldivinaprovidencia\/wp-content\/uploads\/usu1084\/2017\/01\/20170130_121551-FILEminimizer-300x169.jpg 300w, https:\/\/agora.xtec.cat\/coldivinaprovidencia\/wp-content\/uploads\/usu1084\/2017\/01\/20170130_121551-FILEminimizer-768x432.jpg 768w, https:\/\/agora.xtec.cat\/coldivinaprovidencia\/wp-content\/uploads\/usu1084\/2017\/01\/20170130_121551-FILEminimizer-1024x576.jpg 1024w, https:\/\/agora.xtec.cat\/coldivinaprovidencia\/wp-content\/uploads\/usu1084\/2017\/01\/20170130_121551-FILEminimizer.jpg 1365w\" sizes=\"auto, (max-width: 300px) 100vw, 300px\" \/>Avui hem celebrat el dia de la Pau i de No-viol\u00e8ncia a l&#8217;escola. Lletres, m\u00fasica i reflexi\u00f3 ens han acompanyat a tots alumnes i cl\u00e0ustre docent durant la jornada.<\/p>\n<p>&nbsp;<\/p>\n<p><img loading=\"lazy\" decoding=\"async\" class=\"aligncenter wp-image-2239 size-large\" src=\"http:\/\/agora.xtec.cat\/coldivinaprovidencia\/wp-content\/uploads\/usu1084\/2017\/01\/IMG_2558-min-1024x768.jpg\" alt=\"img_2558-min\" width=\"1024\" height=\"768\" srcset=\"https:\/\/agora.xtec.cat\/coldivinaprovidencia\/wp-content\/uploads\/usu1084\/2017\/01\/IMG_2558-min-1024x768.jpg 1024w, https:\/\/agora.xtec.cat\/coldivinaprovidencia\/wp-content\/uploads\/usu1084\/2017\/01\/IMG_2558-min-300x225.jpg 300w, https:\/\/agora.xtec.cat\/coldivinaprovidencia\/wp-content\/uploads\/usu1084\/2017\/01\/IMG_2558-min-768x576.jpg 768w, https:\/\/agora.xtec.cat\/coldivinaprovidencia\/wp-content\/uploads\/usu1084\/2017\/01\/IMG_2558-min-200x150.jpg 200w\" sizes=\"auto, (max-width: 1024px) 100vw, 1024px\" \/> <img loading=\"lazy\" decoding=\"async\" class=\"aligncenter wp-image-2240 size-large\" src=\"http:\/\/agora.xtec.cat\/coldivinaprovidencia\/wp-content\/uploads\/usu1084\/2017\/01\/IMG_2552-min-1024x768.jpg\" alt=\"img_2552-min\" width=\"1024\" height=\"768\" srcset=\"https:\/\/agora.xtec.cat\/coldivinaprovidencia\/wp-content\/uploads\/usu1084\/2017\/01\/IMG_2552-min-1024x768.jpg 1024w, https:\/\/agora.xtec.cat\/coldivinaprovidencia\/wp-content\/uploads\/usu1084\/2017\/01\/IMG_2552-min-300x225.jpg 300w, https:\/\/agora.xtec.cat\/coldivinaprovidencia\/wp-content\/uploads\/usu1084\/2017\/01\/IMG_2552-min-768x576.jpg 768w, https:\/\/agora.xtec.cat\/coldivinaprovidencia\/wp-content\/uploads\/usu1084\/2017\/01\/IMG_2552-min-200x150.jpg 200w\" sizes=\"auto, (max-width: 1024px) 100vw, 1024px\" \/> <img loading=\"lazy\" decoding=\"async\" class=\"alignnone wp-image-2241 size-large\" src=\"http:\/\/agora.xtec.cat\/coldivinaprovidencia\/wp-content\/uploads\/usu1084\/2017\/01\/IMG_2562-min-1024x710.jpg\" alt=\"img_2562-min\" width=\"1024\" height=\"710\" srcset=\"https:\/\/agora.xtec.cat\/coldivinaprovidencia\/wp-content\/uploads\/usu1084\/2017\/01\/IMG_2562-min-1024x710.jpg 1024w, https:\/\/agora.xtec.cat\/coldivinaprovidencia\/wp-content\/uploads\/usu1084\/2017\/01\/IMG_2562-min-300x208.jpg 300w, https:\/\/agora.xtec.cat\/coldivinaprovidencia\/wp-content\/uploads\/usu1084\/2017\/01\/IMG_2562-min-768x533.jpg 768w\" sizes=\"auto, (max-width: 1024px) 100vw, 1024px\" \/><\/p>\n<p>&nbsp;<\/p>\n","protected":false},"excerpt":{"rendered":"<p>DIA INTERNACIONAL DE LA PAU&hellip;  <a href=\"https:\/\/agora.xtec.cat\/coldivinaprovidencia\/general\/dia-de-la-pau-i-la-no-violencia\/\" title=\"Read Dia de la Pau i la No Viol\u00e8ncia\">Llegeix m\u00e9s\u00bb<\/a><\/p>\n","protected":false},"author":1,"featured_media":2241,"comment_status":"open","ping_status":"open","sticky":false,"template":"","format":"standard","meta":{"_bbp_topic_count":0,"_bbp_reply_count":0,"_bbp_total_topic_count":0,"_bbp_total_reply_count":0,"_bbp_voice_count":0,"_bbp_anonymous_reply_count":0,"_bbp_topic_count_hidden":0,"_bbp_reply_count_hidden":0,"_bbp_forum_subforum_count":0,"footnotes":""},"categories":[1],"tags":[],"class_list":["post-2216","post","type-post","status-publish","format-standard","has-post-thumbnail","hentry","category-general"],"post_mailing_queue_ids":[],"_links":{"self":[{"href":"https:\/\/agora.xtec.cat\/coldivinaprovidencia\/wp-json\/wp\/v2\/posts\/2216","targetHints":{"allow":["GET"]}}],"collection":[{"href":"https:\/\/agora.xtec.cat\/coldivinaprovidencia\/wp-json\/wp\/v2\/posts"}],"about":[{"href":"https:\/\/agora.xtec.cat\/coldivinaprovidencia\/wp-json\/wp\/v2\/types\/post"}],"author":[{"embeddable":true,"href":"https:\/\/agora.xtec.cat\/coldivinaprovidencia\/wp-json\/wp\/v2\/users\/1"}],"replies":[{"embeddable":true,"href":"https:\/\/agora.xtec.cat\/coldivinaprovidencia\/wp-json\/wp\/v2\/comments?post=2216"}],"version-history":[{"count":3,"href":"https:\/\/agora.xtec.cat\/coldivinaprovidencia\/wp-json\/wp\/v2\/posts\/2216\/revisions"}],"predecessor-version":[{"id":2302,"href":"https:\/\/agora.xtec.cat\/coldivinaprovidencia\/wp-json\/wp\/v2\/posts\/2216\/revisions\/2302"}],"wp:featuredmedia":[{"embeddable":true,"href":"https:\/\/agora.xtec.cat\/coldivinaprovidencia\/wp-json\/wp\/v2\/media\/2241"}],"wp:attachment":[{"href":"https:\/\/agora.xtec.cat\/coldivinaprovidencia\/wp-json\/wp\/v2\/media?parent=2216"}],"wp:term":[{"taxonomy":"category","embeddable":true,"href":"https:\/\/agora.xtec.cat\/coldivinaprovidencia\/wp-json\/wp\/v2\/categories?post=2216"},{"taxonomy":"post_tag","embeddable":true,"href":"https:\/\/agora.xtec.cat\/coldivinaprovidencia\/wp-json\/wp\/v2\/tags?post=2216"}],"curies":[{"name":"wp","href":"https:\/\/api.w.org\/{rel}","templated":true}]}}