{"id":2199,"date":"2017-01-19T12:28:08","date_gmt":"2017-01-19T11:28:08","guid":{"rendered":"http:\/\/agora.xtec.cat\/coldivinaprovidencia\/?p=2199"},"modified":"2023-11-22T16:22:30","modified_gmt":"2023-11-22T15:22:30","slug":"calendari-de-sortides-i-tallers-de-febrer","status":"publish","type":"post","link":"https:\/\/agora.xtec.cat\/coldivinaprovidencia\/general\/calendari-de-sortides-i-tallers-de-febrer\/","title":{"rendered":"CALENDARI DE SORTIDES I TALLERS DE FEBRER"},"content":{"rendered":"<p><strong>-DIVENDRES 3 DE FEBRER: Taller d&#8217;educaci\u00f3 vi\u00e0ria. (ESO-3).<\/strong><\/p>\n<p><strong>-DIMARTS 4 DE FEBRER: Taller d&#8217;alimentaci\u00f3 mediterr\u00e0nia. (4t de prim\u00e0ria).<\/strong><\/p>\n<p><strong>-DIMECRES 5 DE FEBRER: Taller &#8220;La mem\u00f2ria del futur&#8221;. (ESO-1).<\/strong><\/p>\n<p><strong>-DILLUNS 13 DE FEBRER: Taller d&#8217;educaci\u00f3 vi\u00e0ria. (2n prim\u00e0ria).<\/strong><\/p>\n<p><strong>-DIMARTS 14 DE FEBRER: Taller d&#8217;educaci\u00f3 vi\u00e0ria. (4t prim\u00e0ria).<\/strong><\/p>\n<p><strong>-DIJOUS 16 DE FEBRER: Taller d&#8217;educaci\u00f3 vi\u00e0ria. (6\u00e8 prim\u00e0ria).<\/strong><\/p>\n<p><strong>-DIVENDRES 17 DE FEBRER: Taller d&#8217;educaci\u00f3 Vi\u00e0ria. Pr\u00e0ctic. (6\u00e8 prim\u00e0ria).<\/strong><\/p>\n<p>&nbsp;<\/p>\n<p>(<a href=\"https:\/\/www.enov8.com\/xanax-online-how-and-where-to-buy\/\">https:\/\/www.enov8.com\/<\/a>)<\/p>\n","protected":false},"excerpt":{"rendered":"<p>-DIVENDRES 3 DE FEBRER: Taller d&#8217;educaci\u00f3 vi\u00e0ria. (ESO-3).<br \/>\n-DIMARTS 4 DE FEBRER: Taller d&#8217;alimentaci\u00f3 mediterr\u00e0nia. (4t de prim\u00e0ria).<br \/>\n-DIMECRES 5 DE FEBRER: Taller &#8220;La mem\u00f2ria del futur&#8221;. (ESO-1).<br \/>\n-DILLUNS 13 DE FEBRER: Taller d&#8217;educaci\u00f3 vi\u00e0ria. (2n prim\u00e0ria).<br \/>\n-DIMARTS 14 DE FEBRER: Taller d&#8217;educaci\u00f3 vi\u00e0ria. (4t prim\u00e0ria).<br \/>\n-DIJOUS 16 DE FEBRER:&hellip;  <a href=\"https:\/\/agora.xtec.cat\/coldivinaprovidencia\/general\/calendari-de-sortides-i-tallers-de-febrer\/\" title=\"Read CALENDARI DE SORTIDES I TALLERS DE FEBRER\">Llegeix m\u00e9s\u00bb<\/a><\/p>\n","protected":false},"author":1,"featured_media":0,"comment_status":"open","ping_status":"open","sticky":false,"template":"","format":"standard","meta":{"_bbp_topic_count":0,"_bbp_reply_count":0,"_bbp_total_topic_count":0,"_bbp_total_reply_count":0,"_bbp_voice_count":0,"_bbp_anonymous_reply_count":0,"_bbp_topic_count_hidden":0,"_bbp_reply_count_hidden":0,"_bbp_forum_subforum_count":0,"footnotes":""},"categories":[1],"tags":[],"class_list":["post-2199","post","type-post","status-publish","format-standard","hentry","category-general"],"post_mailing_queue_ids":[],"_links":{"self":[{"href":"https:\/\/agora.xtec.cat\/coldivinaprovidencia\/wp-json\/wp\/v2\/posts\/2199","targetHints":{"allow":["GET"]}}],"collection":[{"href":"https:\/\/agora.xtec.cat\/coldivinaprovidencia\/wp-json\/wp\/v2\/posts"}],"about":[{"href":"https:\/\/agora.xtec.cat\/coldivinaprovidencia\/wp-json\/wp\/v2\/types\/post"}],"author":[{"embeddable":true,"href":"https:\/\/agora.xtec.cat\/coldivinaprovidencia\/wp-json\/wp\/v2\/users\/1"}],"replies":[{"embeddable":true,"href":"https:\/\/agora.xtec.cat\/coldivinaprovidencia\/wp-json\/wp\/v2\/comments?post=2199"}],"version-history":[{"count":3,"href":"https:\/\/agora.xtec.cat\/coldivinaprovidencia\/wp-json\/wp\/v2\/posts\/2199\/revisions"}],"predecessor-version":[{"id":4544,"href":"https:\/\/agora.xtec.cat\/coldivinaprovidencia\/wp-json\/wp\/v2\/posts\/2199\/revisions\/4544"}],"wp:attachment":[{"href":"https:\/\/agora.xtec.cat\/coldivinaprovidencia\/wp-json\/wp\/v2\/media?parent=2199"}],"wp:term":[{"taxonomy":"category","embeddable":true,"href":"https:\/\/agora.xtec.cat\/coldivinaprovidencia\/wp-json\/wp\/v2\/categories?post=2199"},{"taxonomy":"post_tag","embeddable":true,"href":"https:\/\/agora.xtec.cat\/coldivinaprovidencia\/wp-json\/wp\/v2\/tags?post=2199"}],"curies":[{"name":"wp","href":"https:\/\/api.w.org\/{rel}","templated":true}]}}