{"id":1963,"date":"2016-11-14T11:58:06","date_gmt":"2016-11-14T10:58:06","guid":{"rendered":"http:\/\/agora.xtec.cat\/coldivinaprovidencia\/?p=1963"},"modified":"2016-11-14T13:20:01","modified_gmt":"2016-11-14T12:20:01","slug":"defuncio-dun-pare-de-lescola","status":"publish","type":"post","link":"https:\/\/agora.xtec.cat\/coldivinaprovidencia\/general\/defuncio-dun-pare-de-lescola\/","title":{"rendered":"Defunci\u00f3 d&#8217;un pare de l&#8217;escola"},"content":{"rendered":"<p>Ha mort en C\u00e8sar Mohedano, pare de la nostra escola.<\/p>\n<p>El funeral ser\u00e0 dem\u00e0 dimarts dia 15 a les 10h del mat\u00ed a l&#8217;esgl\u00e9sia de Santa Maria de la Geltr\u00fa.<\/p>\n<p>La comunitat educativa comparteix el dolor amb tota la seva fam\u00edlia.<\/p>\n","protected":false},"excerpt":{"rendered":"<p>Ha mort en C\u00e8sar Mohedano, pare de la nostra escola.<br \/>\nEl funeral ser\u00e0 dem\u00e0 dimarts dia 15 a les 10h del mat\u00ed a l&#8217;esgl\u00e9sia de Santa Maria de la Geltr\u00fa.<br \/>\nLa comunitat educativa comparteix el dolor amb tota la seva fam\u00edlia.<\/p>\n","protected":false},"author":1,"featured_media":0,"comment_status":"open","ping_status":"open","sticky":false,"template":"","format":"standard","meta":{"_bbp_topic_count":0,"_bbp_reply_count":0,"_bbp_total_topic_count":0,"_bbp_total_reply_count":0,"_bbp_voice_count":0,"_bbp_anonymous_reply_count":0,"_bbp_topic_count_hidden":0,"_bbp_reply_count_hidden":0,"_bbp_forum_subforum_count":0,"footnotes":""},"categories":[1],"tags":[],"class_list":["post-1963","post","type-post","status-publish","format-standard","hentry","category-general"],"post_mailing_queue_ids":[],"_links":{"self":[{"href":"https:\/\/agora.xtec.cat\/coldivinaprovidencia\/wp-json\/wp\/v2\/posts\/1963","targetHints":{"allow":["GET"]}}],"collection":[{"href":"https:\/\/agora.xtec.cat\/coldivinaprovidencia\/wp-json\/wp\/v2\/posts"}],"about":[{"href":"https:\/\/agora.xtec.cat\/coldivinaprovidencia\/wp-json\/wp\/v2\/types\/post"}],"author":[{"embeddable":true,"href":"https:\/\/agora.xtec.cat\/coldivinaprovidencia\/wp-json\/wp\/v2\/users\/1"}],"replies":[{"embeddable":true,"href":"https:\/\/agora.xtec.cat\/coldivinaprovidencia\/wp-json\/wp\/v2\/comments?post=1963"}],"version-history":[{"count":2,"href":"https:\/\/agora.xtec.cat\/coldivinaprovidencia\/wp-json\/wp\/v2\/posts\/1963\/revisions"}],"predecessor-version":[{"id":1965,"href":"https:\/\/agora.xtec.cat\/coldivinaprovidencia\/wp-json\/wp\/v2\/posts\/1963\/revisions\/1965"}],"wp:attachment":[{"href":"https:\/\/agora.xtec.cat\/coldivinaprovidencia\/wp-json\/wp\/v2\/media?parent=1963"}],"wp:term":[{"taxonomy":"category","embeddable":true,"href":"https:\/\/agora.xtec.cat\/coldivinaprovidencia\/wp-json\/wp\/v2\/categories?post=1963"},{"taxonomy":"post_tag","embeddable":true,"href":"https:\/\/agora.xtec.cat\/coldivinaprovidencia\/wp-json\/wp\/v2\/tags?post=1963"}],"curies":[{"name":"wp","href":"https:\/\/api.w.org\/{rel}","templated":true}]}}