{"id":1836,"date":"2016-10-28T11:26:19","date_gmt":"2016-10-28T09:26:19","guid":{"rendered":"http:\/\/agora.xtec.cat\/coldivinaprovidencia\/?p=1836"},"modified":"2016-10-28T11:28:31","modified_gmt":"2016-10-28T09:28:31","slug":"el-protagonista-de-la-setmana-lhector-medina","status":"publish","type":"post","link":"https:\/\/agora.xtec.cat\/coldivinaprovidencia\/general\/el-protagonista-de-la-setmana-lhector-medina\/","title":{"rendered":"EL PROTAGONISTA DE LA SETMANA: L&#8217;H\u00c9CTOR MEDINA"},"content":{"rendered":"<p><img loading=\"lazy\" decoding=\"async\" class=\"alignnone size-medium wp-image-1837\" src=\"http:\/\/agora.xtec.cat\/coldivinaprovidencia\/wp-content\/uploads\/usu1084\/2016\/10\/IMG_9493-FILEminimizer-300x300.jpg\" alt=\"img_9493-fileminimizer\" width=\"300\" height=\"300\" srcset=\"https:\/\/agora.xtec.cat\/coldivinaprovidencia\/wp-content\/uploads\/usu1084\/2016\/10\/IMG_9493-FILEminimizer-300x300.jpg 300w, https:\/\/agora.xtec.cat\/coldivinaprovidencia\/wp-content\/uploads\/usu1084\/2016\/10\/IMG_9493-FILEminimizer-150x150.jpg 150w, https:\/\/agora.xtec.cat\/coldivinaprovidencia\/wp-content\/uploads\/usu1084\/2016\/10\/IMG_9493-FILEminimizer-768x768.jpg 768w, https:\/\/agora.xtec.cat\/coldivinaprovidencia\/wp-content\/uploads\/usu1084\/2016\/10\/IMG_9493-FILEminimizer.jpg 1024w\" sizes=\"auto, (max-width: 300px) 100vw, 300px\" \/><\/p>\n","protected":false},"excerpt":{"rendered":"<p>La setmana del 10 al 14 d&#8217;Octubre l&#8217;H\u00e9ctor i la seva fam\u00edlia van ser els protagonistes!! Hem conegut quines s\u00f3n les aficions de l&#8217;H\u00e9ctor, els seus gustos, la seva fam\u00edlia&#8230; Moltes gr\u00e0cies!! &hellip;  <a href=\"https:\/\/agora.xtec.cat\/coldivinaprovidencia\/general\/el-protagonista-de-la-setmana-lhector-medina\/\" title=\"Read EL PROTAGONISTA DE LA SETMANA: L&#8217;H\u00c9CTOR MEDINA\">Llegeix m\u00e9s\u00bb<\/a><\/p>\n","protected":false},"author":1,"featured_media":1837,"comment_status":"open","ping_status":"open","sticky":false,"template":"","format":"standard","meta":{"_bbp_topic_count":0,"_bbp_reply_count":0,"_bbp_total_topic_count":0,"_bbp_total_reply_count":0,"_bbp_voice_count":0,"_bbp_anonymous_reply_count":0,"_bbp_topic_count_hidden":0,"_bbp_reply_count_hidden":0,"_bbp_forum_subforum_count":0,"footnotes":""},"categories":[1,3],"tags":[],"class_list":["post-1836","post","type-post","status-publish","format-standard","has-post-thumbnail","hentry","category-general","category-p3"],"post_mailing_queue_ids":[],"_links":{"self":[{"href":"https:\/\/agora.xtec.cat\/coldivinaprovidencia\/wp-json\/wp\/v2\/posts\/1836","targetHints":{"allow":["GET"]}}],"collection":[{"href":"https:\/\/agora.xtec.cat\/coldivinaprovidencia\/wp-json\/wp\/v2\/posts"}],"about":[{"href":"https:\/\/agora.xtec.cat\/coldivinaprovidencia\/wp-json\/wp\/v2\/types\/post"}],"author":[{"embeddable":true,"href":"https:\/\/agora.xtec.cat\/coldivinaprovidencia\/wp-json\/wp\/v2\/users\/1"}],"replies":[{"embeddable":true,"href":"https:\/\/agora.xtec.cat\/coldivinaprovidencia\/wp-json\/wp\/v2\/comments?post=1836"}],"version-history":[{"count":1,"href":"https:\/\/agora.xtec.cat\/coldivinaprovidencia\/wp-json\/wp\/v2\/posts\/1836\/revisions"}],"predecessor-version":[{"id":1838,"href":"https:\/\/agora.xtec.cat\/coldivinaprovidencia\/wp-json\/wp\/v2\/posts\/1836\/revisions\/1838"}],"wp:featuredmedia":[{"embeddable":true,"href":"https:\/\/agora.xtec.cat\/coldivinaprovidencia\/wp-json\/wp\/v2\/media\/1837"}],"wp:attachment":[{"href":"https:\/\/agora.xtec.cat\/coldivinaprovidencia\/wp-json\/wp\/v2\/media?parent=1836"}],"wp:term":[{"taxonomy":"category","embeddable":true,"href":"https:\/\/agora.xtec.cat\/coldivinaprovidencia\/wp-json\/wp\/v2\/categories?post=1836"},{"taxonomy":"post_tag","embeddable":true,"href":"https:\/\/agora.xtec.cat\/coldivinaprovidencia\/wp-json\/wp\/v2\/tags?post=1836"}],"curies":[{"name":"wp","href":"https:\/\/api.w.org\/{rel}","templated":true}]}}