{"id":1719,"date":"2016-10-09T16:02:48","date_gmt":"2016-10-09T15:02:48","guid":{"rendered":"http:\/\/agora.xtec.cat\/coldivinaprovidencia\/?p=1719"},"modified":"2016-10-09T16:03:29","modified_gmt":"2016-10-09T15:03:29","slug":"sortida-st-francesc-cicle-mitja","status":"publish","type":"post","link":"https:\/\/agora.xtec.cat\/coldivinaprovidencia\/general\/sortida-st-francesc-cicle-mitja\/","title":{"rendered":"Sortida St. Francesc Cicle Mitj\u00e0"},"content":{"rendered":"<p>Art, llibres, paraules, m\u00fasica, natura&#8230; per celebrar Sant Francesc i donar la Benvinguda a un nou curs ple de viv\u00e8ncies i emocions. D&#8217;aquesta manera els nens i les nenes de Cicle Mitj\u00e0 vam fer una passejada a trav\u00e9s del temps, fins arribar a la Masia Cabanyes. Vam veure les estances, els objectes i la decoraci\u00f3 de la casa on va viure el poeta rom\u00e0ntic Manuel de Cabanyes.<\/p>\n<p><img loading=\"lazy\" decoding=\"async\" class=\"alignnone size-medium wp-image-1720\" src=\"http:\/\/agora.xtec.cat\/coldivinaprovidencia\/wp-content\/uploads\/usu1084\/2016\/10\/IMG-20161009-WA0001-300x300.jpg\" alt=\"img-20161009-wa0001\" width=\"300\" height=\"300\" srcset=\"https:\/\/agora.xtec.cat\/coldivinaprovidencia\/wp-content\/uploads\/usu1084\/2016\/10\/IMG-20161009-WA0001-300x300.jpg 300w, https:\/\/agora.xtec.cat\/coldivinaprovidencia\/wp-content\/uploads\/usu1084\/2016\/10\/IMG-20161009-WA0001-150x150.jpg 150w, https:\/\/agora.xtec.cat\/coldivinaprovidencia\/wp-content\/uploads\/usu1084\/2016\/10\/IMG-20161009-WA0001-768x768.jpg 768w, https:\/\/agora.xtec.cat\/coldivinaprovidencia\/wp-content\/uploads\/usu1084\/2016\/10\/IMG-20161009-WA0001-1024x1024.jpg 1024w, https:\/\/agora.xtec.cat\/coldivinaprovidencia\/wp-content\/uploads\/usu1084\/2016\/10\/IMG-20161009-WA0001.jpg 1600w\" sizes=\"auto, (max-width: 300px) 100vw, 300px\" \/> <img loading=\"lazy\" decoding=\"async\" class=\"alignnone size-medium wp-image-1721\" src=\"http:\/\/agora.xtec.cat\/coldivinaprovidencia\/wp-content\/uploads\/usu1084\/2016\/10\/IMG-20161009-WA0004-300x300.jpg\" alt=\"img-20161009-wa0004\" width=\"300\" height=\"300\" srcset=\"https:\/\/agora.xtec.cat\/coldivinaprovidencia\/wp-content\/uploads\/usu1084\/2016\/10\/IMG-20161009-WA0004-300x300.jpg 300w, https:\/\/agora.xtec.cat\/coldivinaprovidencia\/wp-content\/uploads\/usu1084\/2016\/10\/IMG-20161009-WA0004-150x150.jpg 150w, https:\/\/agora.xtec.cat\/coldivinaprovidencia\/wp-content\/uploads\/usu1084\/2016\/10\/IMG-20161009-WA0004-768x768.jpg 768w, https:\/\/agora.xtec.cat\/coldivinaprovidencia\/wp-content\/uploads\/usu1084\/2016\/10\/IMG-20161009-WA0004-1024x1024.jpg 1024w, https:\/\/agora.xtec.cat\/coldivinaprovidencia\/wp-content\/uploads\/usu1084\/2016\/10\/IMG-20161009-WA0004.jpg 1600w\" sizes=\"auto, (max-width: 300px) 100vw, 300px\" \/> <img loading=\"lazy\" decoding=\"async\" class=\"alignnone size-medium wp-image-1722\" src=\"http:\/\/agora.xtec.cat\/coldivinaprovidencia\/wp-content\/uploads\/usu1084\/2016\/10\/IMG-20161009-WA0007-225x300.jpg\" alt=\"img-20161009-wa0007\" width=\"225\" height=\"300\" srcset=\"https:\/\/agora.xtec.cat\/coldivinaprovidencia\/wp-content\/uploads\/usu1084\/2016\/10\/IMG-20161009-WA0007-225x300.jpg 225w, https:\/\/agora.xtec.cat\/coldivinaprovidencia\/wp-content\/uploads\/usu1084\/2016\/10\/IMG-20161009-WA0007-768x1024.jpg 768w, https:\/\/agora.xtec.cat\/coldivinaprovidencia\/wp-content\/uploads\/usu1084\/2016\/10\/IMG-20161009-WA0007.jpg 1200w\" sizes=\"auto, (max-width: 225px) 100vw, 225px\" \/> <img loading=\"lazy\" decoding=\"async\" class=\"alignnone size-medium wp-image-1723\" src=\"http:\/\/agora.xtec.cat\/coldivinaprovidencia\/wp-content\/uploads\/usu1084\/2016\/10\/IMG-20161009-WA0009-300x225.jpg\" alt=\"img-20161009-wa0009\" width=\"300\" height=\"225\" srcset=\"https:\/\/agora.xtec.cat\/coldivinaprovidencia\/wp-content\/uploads\/usu1084\/2016\/10\/IMG-20161009-WA0009-300x225.jpg 300w, https:\/\/agora.xtec.cat\/coldivinaprovidencia\/wp-content\/uploads\/usu1084\/2016\/10\/IMG-20161009-WA0009-768x576.jpg 768w, https:\/\/agora.xtec.cat\/coldivinaprovidencia\/wp-content\/uploads\/usu1084\/2016\/10\/IMG-20161009-WA0009-1024x768.jpg 1024w, https:\/\/agora.xtec.cat\/coldivinaprovidencia\/wp-content\/uploads\/usu1084\/2016\/10\/IMG-20161009-WA0009-200x150.jpg 200w, https:\/\/agora.xtec.cat\/coldivinaprovidencia\/wp-content\/uploads\/usu1084\/2016\/10\/IMG-20161009-WA0009.jpg 1600w\" sizes=\"auto, (max-width: 300px) 100vw, 300px\" \/> <img loading=\"lazy\" decoding=\"async\" class=\"alignnone size-medium wp-image-1724\" src=\"http:\/\/agora.xtec.cat\/coldivinaprovidencia\/wp-content\/uploads\/usu1084\/2016\/10\/IMG-20161009-WA0010-300x225.jpg\" alt=\"img-20161009-wa0010\" width=\"300\" height=\"225\" srcset=\"https:\/\/agora.xtec.cat\/coldivinaprovidencia\/wp-content\/uploads\/usu1084\/2016\/10\/IMG-20161009-WA0010-300x225.jpg 300w, https:\/\/agora.xtec.cat\/coldivinaprovidencia\/wp-content\/uploads\/usu1084\/2016\/10\/IMG-20161009-WA0010-768x576.jpg 768w, https:\/\/agora.xtec.cat\/coldivinaprovidencia\/wp-content\/uploads\/usu1084\/2016\/10\/IMG-20161009-WA0010-1024x768.jpg 1024w, https:\/\/agora.xtec.cat\/coldivinaprovidencia\/wp-content\/uploads\/usu1084\/2016\/10\/IMG-20161009-WA0010-200x150.jpg 200w, https:\/\/agora.xtec.cat\/coldivinaprovidencia\/wp-content\/uploads\/usu1084\/2016\/10\/IMG-20161009-WA0010.jpg 1600w\" sizes=\"auto, (max-width: 300px) 100vw, 300px\" \/> <img loading=\"lazy\" decoding=\"async\" class=\"alignnone size-medium wp-image-1725\" src=\"http:\/\/agora.xtec.cat\/coldivinaprovidencia\/wp-content\/uploads\/usu1084\/2016\/10\/IMG-20161009-WA0011-300x225.jpg\" alt=\"img-20161009-wa0011\" width=\"300\" height=\"225\" srcset=\"https:\/\/agora.xtec.cat\/coldivinaprovidencia\/wp-content\/uploads\/usu1084\/2016\/10\/IMG-20161009-WA0011-300x225.jpg 300w, https:\/\/agora.xtec.cat\/coldivinaprovidencia\/wp-content\/uploads\/usu1084\/2016\/10\/IMG-20161009-WA0011-768x576.jpg 768w, https:\/\/agora.xtec.cat\/coldivinaprovidencia\/wp-content\/uploads\/usu1084\/2016\/10\/IMG-20161009-WA0011-1024x768.jpg 1024w, https:\/\/agora.xtec.cat\/coldivinaprovidencia\/wp-content\/uploads\/usu1084\/2016\/10\/IMG-20161009-WA0011-200x150.jpg 200w, https:\/\/agora.xtec.cat\/coldivinaprovidencia\/wp-content\/uploads\/usu1084\/2016\/10\/IMG-20161009-WA0011.jpg 1600w\" sizes=\"auto, (max-width: 300px) 100vw, 300px\" \/> <img loading=\"lazy\" decoding=\"async\" class=\"alignnone size-medium wp-image-1726\" src=\"http:\/\/agora.xtec.cat\/coldivinaprovidencia\/wp-content\/uploads\/usu1084\/2016\/10\/IMG-20161009-WA0012-300x225.jpg\" alt=\"img-20161009-wa0012\" width=\"300\" height=\"225\" srcset=\"https:\/\/agora.xtec.cat\/coldivinaprovidencia\/wp-content\/uploads\/usu1084\/2016\/10\/IMG-20161009-WA0012-300x225.jpg 300w, https:\/\/agora.xtec.cat\/coldivinaprovidencia\/wp-content\/uploads\/usu1084\/2016\/10\/IMG-20161009-WA0012-768x576.jpg 768w, https:\/\/agora.xtec.cat\/coldivinaprovidencia\/wp-content\/uploads\/usu1084\/2016\/10\/IMG-20161009-WA0012-1024x768.jpg 1024w, https:\/\/agora.xtec.cat\/coldivinaprovidencia\/wp-content\/uploads\/usu1084\/2016\/10\/IMG-20161009-WA0012-200x150.jpg 200w, https:\/\/agora.xtec.cat\/coldivinaprovidencia\/wp-content\/uploads\/usu1084\/2016\/10\/IMG-20161009-WA0012.jpg 1600w\" sizes=\"auto, (max-width: 300px) 100vw, 300px\" \/> <img loading=\"lazy\" decoding=\"async\" class=\"alignnone size-medium wp-image-1727\" src=\"http:\/\/agora.xtec.cat\/coldivinaprovidencia\/wp-content\/uploads\/usu1084\/2016\/10\/IMG-20161009-WA0013-300x300.jpg\" alt=\"img-20161009-wa0013\" width=\"300\" height=\"300\" srcset=\"https:\/\/agora.xtec.cat\/coldivinaprovidencia\/wp-content\/uploads\/usu1084\/2016\/10\/IMG-20161009-WA0013-300x300.jpg 300w, https:\/\/agora.xtec.cat\/coldivinaprovidencia\/wp-content\/uploads\/usu1084\/2016\/10\/IMG-20161009-WA0013-150x150.jpg 150w, https:\/\/agora.xtec.cat\/coldivinaprovidencia\/wp-content\/uploads\/usu1084\/2016\/10\/IMG-20161009-WA0013-768x768.jpg 768w, https:\/\/agora.xtec.cat\/coldivinaprovidencia\/wp-content\/uploads\/usu1084\/2016\/10\/IMG-20161009-WA0013-1024x1024.jpg 1024w, https:\/\/agora.xtec.cat\/coldivinaprovidencia\/wp-content\/uploads\/usu1084\/2016\/10\/IMG-20161009-WA0013.jpg 1600w\" sizes=\"auto, (max-width: 300px) 100vw, 300px\" \/> <img loading=\"lazy\" decoding=\"async\" class=\"alignnone size-medium wp-image-1728\" src=\"http:\/\/agora.xtec.cat\/coldivinaprovidencia\/wp-content\/uploads\/usu1084\/2016\/10\/IMG-20161009-WA0014-300x300.jpg\" alt=\"img-20161009-wa0014\" width=\"300\" height=\"300\" srcset=\"https:\/\/agora.xtec.cat\/coldivinaprovidencia\/wp-content\/uploads\/usu1084\/2016\/10\/IMG-20161009-WA0014-300x300.jpg 300w, https:\/\/agora.xtec.cat\/coldivinaprovidencia\/wp-content\/uploads\/usu1084\/2016\/10\/IMG-20161009-WA0014-150x150.jpg 150w, https:\/\/agora.xtec.cat\/coldivinaprovidencia\/wp-content\/uploads\/usu1084\/2016\/10\/IMG-20161009-WA0014-768x768.jpg 768w, https:\/\/agora.xtec.cat\/coldivinaprovidencia\/wp-content\/uploads\/usu1084\/2016\/10\/IMG-20161009-WA0014-1024x1024.jpg 1024w, https:\/\/agora.xtec.cat\/coldivinaprovidencia\/wp-content\/uploads\/usu1084\/2016\/10\/IMG-20161009-WA0014.jpg 1600w\" sizes=\"auto, (max-width: 300px) 100vw, 300px\" \/> <img loading=\"lazy\" decoding=\"async\" class=\"alignnone size-medium wp-image-1729\" src=\"http:\/\/agora.xtec.cat\/coldivinaprovidencia\/wp-content\/uploads\/usu1084\/2016\/10\/IMG-20161009-WA0015-300x225.jpg\" alt=\"img-20161009-wa0015\" width=\"300\" height=\"225\" srcset=\"https:\/\/agora.xtec.cat\/coldivinaprovidencia\/wp-content\/uploads\/usu1084\/2016\/10\/IMG-20161009-WA0015-300x225.jpg 300w, https:\/\/agora.xtec.cat\/coldivinaprovidencia\/wp-content\/uploads\/usu1084\/2016\/10\/IMG-20161009-WA0015-768x576.jpg 768w, https:\/\/agora.xtec.cat\/coldivinaprovidencia\/wp-content\/uploads\/usu1084\/2016\/10\/IMG-20161009-WA0015-1024x768.jpg 1024w, https:\/\/agora.xtec.cat\/coldivinaprovidencia\/wp-content\/uploads\/usu1084\/2016\/10\/IMG-20161009-WA0015-200x150.jpg 200w, https:\/\/agora.xtec.cat\/coldivinaprovidencia\/wp-content\/uploads\/usu1084\/2016\/10\/IMG-20161009-WA0015.jpg 1600w\" sizes=\"auto, (max-width: 300px) 100vw, 300px\" \/> <img loading=\"lazy\" decoding=\"async\" class=\"alignnone size-medium wp-image-1730\" src=\"http:\/\/agora.xtec.cat\/coldivinaprovidencia\/wp-content\/uploads\/usu1084\/2016\/10\/IMG-20161009-WA0016-300x300.jpg\" alt=\"img-20161009-wa0016\" width=\"300\" height=\"300\" srcset=\"https:\/\/agora.xtec.cat\/coldivinaprovidencia\/wp-content\/uploads\/usu1084\/2016\/10\/IMG-20161009-WA0016-300x300.jpg 300w, https:\/\/agora.xtec.cat\/coldivinaprovidencia\/wp-content\/uploads\/usu1084\/2016\/10\/IMG-20161009-WA0016-150x150.jpg 150w, https:\/\/agora.xtec.cat\/coldivinaprovidencia\/wp-content\/uploads\/usu1084\/2016\/10\/IMG-20161009-WA0016-768x768.jpg 768w, https:\/\/agora.xtec.cat\/coldivinaprovidencia\/wp-content\/uploads\/usu1084\/2016\/10\/IMG-20161009-WA0016-1024x1024.jpg 1024w, https:\/\/agora.xtec.cat\/coldivinaprovidencia\/wp-content\/uploads\/usu1084\/2016\/10\/IMG-20161009-WA0016.jpg 1600w\" sizes=\"auto, (max-width: 300px) 100vw, 300px\" \/> <img loading=\"lazy\" decoding=\"async\" class=\"alignnone size-medium wp-image-1731\" src=\"http:\/\/agora.xtec.cat\/coldivinaprovidencia\/wp-content\/uploads\/usu1084\/2016\/10\/IMG-20161009-WA0018-300x300.jpg\" alt=\"img-20161009-wa0018\" width=\"300\" height=\"300\" srcset=\"https:\/\/agora.xtec.cat\/coldivinaprovidencia\/wp-content\/uploads\/usu1084\/2016\/10\/IMG-20161009-WA0018-300x300.jpg 300w, https:\/\/agora.xtec.cat\/coldivinaprovidencia\/wp-content\/uploads\/usu1084\/2016\/10\/IMG-20161009-WA0018-150x150.jpg 150w, https:\/\/agora.xtec.cat\/coldivinaprovidencia\/wp-content\/uploads\/usu1084\/2016\/10\/IMG-20161009-WA0018-768x768.jpg 768w, https:\/\/agora.xtec.cat\/coldivinaprovidencia\/wp-content\/uploads\/usu1084\/2016\/10\/IMG-20161009-WA0018-1024x1024.jpg 1024w, https:\/\/agora.xtec.cat\/coldivinaprovidencia\/wp-content\/uploads\/usu1084\/2016\/10\/IMG-20161009-WA0018.jpg 1600w\" sizes=\"auto, (max-width: 300px) 100vw, 300px\" \/><\/p>\n<p>&nbsp;<\/p>\n","protected":false},"excerpt":{"rendered":"<p>Art, llibres, paraules, m\u00fasica, natura&#8230; per celebrar Sant Francesc i donar la Benvinguda a un nou curs ple de viv\u00e8ncies i emocions. D&#8217;aquesta manera els nens i les nenes de Cicle Mitj\u00e0 vam fer una passejada a trav\u00e9s del temps, fins arribar a la Masia&hellip;  <a href=\"https:\/\/agora.xtec.cat\/coldivinaprovidencia\/general\/sortida-st-francesc-cicle-mitja\/\" title=\"Read Sortida St. Francesc Cicle Mitj\u00e0\">Llegeix m\u00e9s\u00bb<\/a><\/p>\n","protected":false},"author":1,"featured_media":1727,"comment_status":"open","ping_status":"open","sticky":false,"template":"","format":"standard","meta":{"_bbp_topic_count":0,"_bbp_reply_count":0,"_bbp_total_topic_count":0,"_bbp_total_reply_count":0,"_bbp_voice_count":0,"_bbp_anonymous_reply_count":0,"_bbp_topic_count_hidden":0,"_bbp_reply_count_hidden":0,"_bbp_forum_subforum_count":0,"footnotes":""},"categories":[12,13,1],"tags":[82,83,80,51],"class_list":["post-1719","post","type-post","status-publish","format-standard","has-post-thumbnail","hentry","category-3r","category-4t","category-general","tag-3r-primaria","tag-4t-primaria","tag-curs-2016-17","tag-primaria"],"post_mailing_queue_ids":[],"_links":{"self":[{"href":"https:\/\/agora.xtec.cat\/coldivinaprovidencia\/wp-json\/wp\/v2\/posts\/1719","targetHints":{"allow":["GET"]}}],"collection":[{"href":"https:\/\/agora.xtec.cat\/coldivinaprovidencia\/wp-json\/wp\/v2\/posts"}],"about":[{"href":"https:\/\/agora.xtec.cat\/coldivinaprovidencia\/wp-json\/wp\/v2\/types\/post"}],"author":[{"embeddable":true,"href":"https:\/\/agora.xtec.cat\/coldivinaprovidencia\/wp-json\/wp\/v2\/users\/1"}],"replies":[{"embeddable":true,"href":"https:\/\/agora.xtec.cat\/coldivinaprovidencia\/wp-json\/wp\/v2\/comments?post=1719"}],"version-history":[{"count":1,"href":"https:\/\/agora.xtec.cat\/coldivinaprovidencia\/wp-json\/wp\/v2\/posts\/1719\/revisions"}],"predecessor-version":[{"id":1732,"href":"https:\/\/agora.xtec.cat\/coldivinaprovidencia\/wp-json\/wp\/v2\/posts\/1719\/revisions\/1732"}],"wp:featuredmedia":[{"embeddable":true,"href":"https:\/\/agora.xtec.cat\/coldivinaprovidencia\/wp-json\/wp\/v2\/media\/1727"}],"wp:attachment":[{"href":"https:\/\/agora.xtec.cat\/coldivinaprovidencia\/wp-json\/wp\/v2\/media?parent=1719"}],"wp:term":[{"taxonomy":"category","embeddable":true,"href":"https:\/\/agora.xtec.cat\/coldivinaprovidencia\/wp-json\/wp\/v2\/categories?post=1719"},{"taxonomy":"post_tag","embeddable":true,"href":"https:\/\/agora.xtec.cat\/coldivinaprovidencia\/wp-json\/wp\/v2\/tags?post=1719"}],"curies":[{"name":"wp","href":"https:\/\/api.w.org\/{rel}","templated":true}]}}