{"id":1211,"date":"2016-06-15T14:06:35","date_gmt":"2016-06-15T13:06:35","guid":{"rendered":"http:\/\/agora.xtec.cat\/coldivinaprovidencia\/?p=1211"},"modified":"2016-07-05T11:04:58","modified_gmt":"2016-07-05T10:04:58","slug":"el-nostre-projecte-en-imatges","status":"publish","type":"post","link":"https:\/\/agora.xtec.cat\/coldivinaprovidencia\/general\/el-nostre-projecte-en-imatges\/","title":{"rendered":"El nostre projecte en imatges!!!!"},"content":{"rendered":"\n\t\t<style type=\"text\/css\">\n\t\t\t#gallery-1 {\n\t\t\t\tmargin: auto;\n\t\t\t}\n\t\t\t#gallery-1 .gallery-item {\n\t\t\t\tfloat: left;\n\t\t\t\tmargin-top: 10px;\n\t\t\t\ttext-align: center;\n\t\t\t\twidth: 33%;\n\t\t\t}\n\t\t\t#gallery-1 img {\n\t\t\t\tborder: 2px solid #cfcfcf;\n\t\t\t}\n\t\t\t#gallery-1 .gallery-caption {\n\t\t\t\tmargin-left: 0;\n\t\t\t}\n\t\t\t\/* see gallery_shortcode() in wp-includes\/media.php *\/\n\t\t<\/style>\n\t\t<div id='gallery-1' class='gallery galleryid-1211 gallery-columns-3 gallery-size-medium'><dl class='gallery-item'>\n\t\t\t<dt class='gallery-icon landscape'>\n\t\t\t\t<a href='https:\/\/agora.xtec.cat\/coldivinaprovidencia\/general\/el-nostre-projecte-en-imatges\/attachment\/fullsizerender\/'><img loading=\"lazy\" decoding=\"async\" width=\"300\" height=\"225\" src=\"https:\/\/agora.xtec.cat\/coldivinaprovidencia\/wp-content\/uploads\/usu1084\/2016\/06\/FullSizeRender-300x225.jpeg\" class=\"attachment-medium size-medium\" alt=\"\" srcset=\"https:\/\/agora.xtec.cat\/coldivinaprovidencia\/wp-content\/uploads\/usu1084\/2016\/06\/FullSizeRender-300x225.jpeg 300w, https:\/\/agora.xtec.cat\/coldivinaprovidencia\/wp-content\/uploads\/usu1084\/2016\/06\/FullSizeRender-768x576.jpeg 768w, https:\/\/agora.xtec.cat\/coldivinaprovidencia\/wp-content\/uploads\/usu1084\/2016\/06\/FullSizeRender-1024x768.jpeg 1024w, https:\/\/agora.xtec.cat\/coldivinaprovidencia\/wp-content\/uploads\/usu1084\/2016\/06\/FullSizeRender-200x150.jpeg 200w\" sizes=\"auto, (max-width: 300px) 100vw, 300px\" \/><\/a>\n\t\t\t<\/dt><\/dl><dl class='gallery-item'>\n\t\t\t<dt class='gallery-icon portrait'>\n\t\t\t\t<a href='https:\/\/agora.xtec.cat\/coldivinaprovidencia\/general\/el-nostre-projecte-en-imatges\/attachment\/img_2135\/'><img loading=\"lazy\" decoding=\"async\" width=\"225\" height=\"300\" src=\"https:\/\/agora.xtec.cat\/coldivinaprovidencia\/wp-content\/uploads\/usu1084\/2016\/06\/IMG_2135-225x300.jpeg\" class=\"attachment-medium size-medium\" alt=\"\" srcset=\"https:\/\/agora.xtec.cat\/coldivinaprovidencia\/wp-content\/uploads\/usu1084\/2016\/06\/IMG_2135-225x300.jpeg 225w, https:\/\/agora.xtec.cat\/coldivinaprovidencia\/wp-content\/uploads\/usu1084\/2016\/06\/IMG_2135-768x1024.jpeg 768w\" sizes=\"auto, (max-width: 225px) 100vw, 225px\" \/><\/a>\n\t\t\t<\/dt><\/dl><dl class='gallery-item'>\n\t\t\t<dt class='gallery-icon portrait'>\n\t\t\t\t<a href='https:\/\/agora.xtec.cat\/coldivinaprovidencia\/general\/el-nostre-projecte-en-imatges\/attachment\/img_2137\/'><img loading=\"lazy\" decoding=\"async\" width=\"225\" height=\"300\" src=\"https:\/\/agora.xtec.cat\/coldivinaprovidencia\/wp-content\/uploads\/usu1084\/2016\/06\/IMG_2137-225x300.jpeg\" class=\"attachment-medium size-medium\" alt=\"\" srcset=\"https:\/\/agora.xtec.cat\/coldivinaprovidencia\/wp-content\/uploads\/usu1084\/2016\/06\/IMG_2137-225x300.jpeg 225w, https:\/\/agora.xtec.cat\/coldivinaprovidencia\/wp-content\/uploads\/usu1084\/2016\/06\/IMG_2137-768x1024.jpeg 768w\" sizes=\"auto, (max-width: 225px) 100vw, 225px\" \/><\/a>\n\t\t\t<\/dt><\/dl><br style=\"clear: both\" \/><dl class='gallery-item'>\n\t\t\t<dt class='gallery-icon landscape'>\n\t\t\t\t<a href='https:\/\/agora.xtec.cat\/coldivinaprovidencia\/general\/el-nostre-projecte-en-imatges\/attachment\/img_2141\/'><img loading=\"lazy\" decoding=\"async\" width=\"300\" height=\"225\" src=\"https:\/\/agora.xtec.cat\/coldivinaprovidencia\/wp-content\/uploads\/usu1084\/2016\/06\/IMG_2141-300x225.jpeg\" class=\"attachment-medium size-medium\" alt=\"\" srcset=\"https:\/\/agora.xtec.cat\/coldivinaprovidencia\/wp-content\/uploads\/usu1084\/2016\/06\/IMG_2141-300x225.jpeg 300w, https:\/\/agora.xtec.cat\/coldivinaprovidencia\/wp-content\/uploads\/usu1084\/2016\/06\/IMG_2141-768x576.jpeg 768w, https:\/\/agora.xtec.cat\/coldivinaprovidencia\/wp-content\/uploads\/usu1084\/2016\/06\/IMG_2141-1024x768.jpeg 1024w, https:\/\/agora.xtec.cat\/coldivinaprovidencia\/wp-content\/uploads\/usu1084\/2016\/06\/IMG_2141-200x150.jpeg 200w\" sizes=\"auto, (max-width: 300px) 100vw, 300px\" \/><\/a>\n\t\t\t<\/dt><\/dl><dl class='gallery-item'>\n\t\t\t<dt class='gallery-icon landscape'>\n\t\t\t\t<a href='https:\/\/agora.xtec.cat\/coldivinaprovidencia\/general\/el-nostre-projecte-en-imatges\/attachment\/img_2143\/'><img loading=\"lazy\" decoding=\"async\" width=\"300\" height=\"225\" src=\"https:\/\/agora.xtec.cat\/coldivinaprovidencia\/wp-content\/uploads\/usu1084\/2016\/06\/IMG_2143-300x225.jpeg\" class=\"attachment-medium size-medium\" alt=\"\" srcset=\"https:\/\/agora.xtec.cat\/coldivinaprovidencia\/wp-content\/uploads\/usu1084\/2016\/06\/IMG_2143-300x225.jpeg 300w, https:\/\/agora.xtec.cat\/coldivinaprovidencia\/wp-content\/uploads\/usu1084\/2016\/06\/IMG_2143-768x576.jpeg 768w, https:\/\/agora.xtec.cat\/coldivinaprovidencia\/wp-content\/uploads\/usu1084\/2016\/06\/IMG_2143-1024x768.jpeg 1024w, https:\/\/agora.xtec.cat\/coldivinaprovidencia\/wp-content\/uploads\/usu1084\/2016\/06\/IMG_2143-200x150.jpeg 200w\" sizes=\"auto, (max-width: 300px) 100vw, 300px\" \/><\/a>\n\t\t\t<\/dt><\/dl><dl class='gallery-item'>\n\t\t\t<dt class='gallery-icon landscape'>\n\t\t\t\t<a href='https:\/\/agora.xtec.cat\/coldivinaprovidencia\/general\/el-nostre-projecte-en-imatges\/attachment\/img_2144\/'><img loading=\"lazy\" decoding=\"async\" width=\"300\" height=\"225\" src=\"https:\/\/agora.xtec.cat\/coldivinaprovidencia\/wp-content\/uploads\/usu1084\/2016\/06\/IMG_2144-300x225.jpeg\" class=\"attachment-medium size-medium\" alt=\"\" srcset=\"https:\/\/agora.xtec.cat\/coldivinaprovidencia\/wp-content\/uploads\/usu1084\/2016\/06\/IMG_2144-300x225.jpeg 300w, https:\/\/agora.xtec.cat\/coldivinaprovidencia\/wp-content\/uploads\/usu1084\/2016\/06\/IMG_2144-768x576.jpeg 768w, https:\/\/agora.xtec.cat\/coldivinaprovidencia\/wp-content\/uploads\/usu1084\/2016\/06\/IMG_2144-1024x768.jpeg 1024w, https:\/\/agora.xtec.cat\/coldivinaprovidencia\/wp-content\/uploads\/usu1084\/2016\/06\/IMG_2144-200x150.jpeg 200w\" sizes=\"auto, (max-width: 300px) 100vw, 300px\" \/><\/a>\n\t\t\t<\/dt><\/dl><br style=\"clear: both\" \/><dl class='gallery-item'>\n\t\t\t<dt class='gallery-icon landscape'>\n\t\t\t\t<a href='https:\/\/agora.xtec.cat\/coldivinaprovidencia\/general\/el-nostre-projecte-en-imatges\/attachment\/img_2149\/'><img loading=\"lazy\" decoding=\"async\" width=\"300\" height=\"225\" src=\"https:\/\/agora.xtec.cat\/coldivinaprovidencia\/wp-content\/uploads\/usu1084\/2016\/06\/IMG_2149-300x225.jpeg\" class=\"attachment-medium size-medium\" alt=\"\" srcset=\"https:\/\/agora.xtec.cat\/coldivinaprovidencia\/wp-content\/uploads\/usu1084\/2016\/06\/IMG_2149-300x225.jpeg 300w, https:\/\/agora.xtec.cat\/coldivinaprovidencia\/wp-content\/uploads\/usu1084\/2016\/06\/IMG_2149-768x576.jpeg 768w, https:\/\/agora.xtec.cat\/coldivinaprovidencia\/wp-content\/uploads\/usu1084\/2016\/06\/IMG_2149-1024x768.jpeg 1024w, https:\/\/agora.xtec.cat\/coldivinaprovidencia\/wp-content\/uploads\/usu1084\/2016\/06\/IMG_2149-200x150.jpeg 200w\" sizes=\"auto, (max-width: 300px) 100vw, 300px\" \/><\/a>\n\t\t\t<\/dt><\/dl><dl class='gallery-item'>\n\t\t\t<dt class='gallery-icon portrait'>\n\t\t\t\t<a href='https:\/\/agora.xtec.cat\/coldivinaprovidencia\/general\/el-nostre-projecte-en-imatges\/attachment\/img_2182\/'><img loading=\"lazy\" decoding=\"async\" width=\"225\" height=\"300\" src=\"https:\/\/agora.xtec.cat\/coldivinaprovidencia\/wp-content\/uploads\/usu1084\/2016\/06\/IMG_2182-225x300.jpeg\" class=\"attachment-medium size-medium\" alt=\"\" srcset=\"https:\/\/agora.xtec.cat\/coldivinaprovidencia\/wp-content\/uploads\/usu1084\/2016\/06\/IMG_2182-225x300.jpeg 225w, https:\/\/agora.xtec.cat\/coldivinaprovidencia\/wp-content\/uploads\/usu1084\/2016\/06\/IMG_2182-768x1024.jpeg 768w\" sizes=\"auto, (max-width: 225px) 100vw, 225px\" \/><\/a>\n\t\t\t<\/dt><\/dl><dl class='gallery-item'>\n\t\t\t<dt class='gallery-icon landscape'>\n\t\t\t\t<a href='https:\/\/agora.xtec.cat\/coldivinaprovidencia\/general\/el-nostre-projecte-en-imatges\/attachment\/img_2185\/'><img loading=\"lazy\" decoding=\"async\" width=\"300\" height=\"225\" src=\"https:\/\/agora.xtec.cat\/coldivinaprovidencia\/wp-content\/uploads\/usu1084\/2016\/06\/IMG_2185-300x225.jpeg\" class=\"attachment-medium size-medium\" alt=\"\" srcset=\"https:\/\/agora.xtec.cat\/coldivinaprovidencia\/wp-content\/uploads\/usu1084\/2016\/06\/IMG_2185-300x225.jpeg 300w, https:\/\/agora.xtec.cat\/coldivinaprovidencia\/wp-content\/uploads\/usu1084\/2016\/06\/IMG_2185-768x576.jpeg 768w, https:\/\/agora.xtec.cat\/coldivinaprovidencia\/wp-content\/uploads\/usu1084\/2016\/06\/IMG_2185-1024x768.jpeg 1024w, https:\/\/agora.xtec.cat\/coldivinaprovidencia\/wp-content\/uploads\/usu1084\/2016\/06\/IMG_2185-200x150.jpeg 200w\" sizes=\"auto, (max-width: 300px) 100vw, 300px\" \/><\/a>\n\t\t\t<\/dt><\/dl><br style=\"clear: both\" \/><dl class='gallery-item'>\n\t\t\t<dt class='gallery-icon portrait'>\n\t\t\t\t<a href='https:\/\/agora.xtec.cat\/coldivinaprovidencia\/general\/el-nostre-projecte-en-imatges\/attachment\/img_2188\/'><img loading=\"lazy\" decoding=\"async\" width=\"225\" height=\"300\" src=\"https:\/\/agora.xtec.cat\/coldivinaprovidencia\/wp-content\/uploads\/usu1084\/2016\/06\/IMG_2188-225x300.jpeg\" class=\"attachment-medium size-medium\" alt=\"\" srcset=\"https:\/\/agora.xtec.cat\/coldivinaprovidencia\/wp-content\/uploads\/usu1084\/2016\/06\/IMG_2188-225x300.jpeg 225w, https:\/\/agora.xtec.cat\/coldivinaprovidencia\/wp-content\/uploads\/usu1084\/2016\/06\/IMG_2188-768x1024.jpeg 768w\" sizes=\"auto, (max-width: 225px) 100vw, 225px\" \/><\/a>\n\t\t\t<\/dt><\/dl><dl class='gallery-item'>\n\t\t\t<dt class='gallery-icon portrait'>\n\t\t\t\t<a href='https:\/\/agora.xtec.cat\/coldivinaprovidencia\/general\/el-nostre-projecte-en-imatges\/attachment\/img_2189\/'><img loading=\"lazy\" decoding=\"async\" width=\"225\" height=\"300\" src=\"https:\/\/agora.xtec.cat\/coldivinaprovidencia\/wp-content\/uploads\/usu1084\/2016\/06\/IMG_2189-225x300.jpeg\" class=\"attachment-medium size-medium\" alt=\"\" srcset=\"https:\/\/agora.xtec.cat\/coldivinaprovidencia\/wp-content\/uploads\/usu1084\/2016\/06\/IMG_2189-225x300.jpeg 225w, https:\/\/agora.xtec.cat\/coldivinaprovidencia\/wp-content\/uploads\/usu1084\/2016\/06\/IMG_2189-768x1024.jpeg 768w\" sizes=\"auto, (max-width: 225px) 100vw, 225px\" \/><\/a>\n\t\t\t<\/dt><\/dl><dl class='gallery-item'>\n\t\t\t<dt class='gallery-icon landscape'>\n\t\t\t\t<a href='https:\/\/agora.xtec.cat\/coldivinaprovidencia\/general\/el-nostre-projecte-en-imatges\/attachment\/img_2194\/'><img loading=\"lazy\" decoding=\"async\" width=\"300\" height=\"225\" src=\"https:\/\/agora.xtec.cat\/coldivinaprovidencia\/wp-content\/uploads\/usu1084\/2016\/06\/IMG_2194-300x225.jpeg\" class=\"attachment-medium size-medium\" alt=\"\" srcset=\"https:\/\/agora.xtec.cat\/coldivinaprovidencia\/wp-content\/uploads\/usu1084\/2016\/06\/IMG_2194-300x225.jpeg 300w, https:\/\/agora.xtec.cat\/coldivinaprovidencia\/wp-content\/uploads\/usu1084\/2016\/06\/IMG_2194-768x576.jpeg 768w, https:\/\/agora.xtec.cat\/coldivinaprovidencia\/wp-content\/uploads\/usu1084\/2016\/06\/IMG_2194-1024x768.jpeg 1024w, https:\/\/agora.xtec.cat\/coldivinaprovidencia\/wp-content\/uploads\/usu1084\/2016\/06\/IMG_2194-200x150.jpeg 200w\" sizes=\"auto, (max-width: 300px) 100vw, 300px\" \/><\/a>\n\t\t\t<\/dt><\/dl><br style=\"clear: both\" \/><dl class='gallery-item'>\n\t\t\t<dt class='gallery-icon landscape'>\n\t\t\t\t<a href='https:\/\/agora.xtec.cat\/coldivinaprovidencia\/general\/el-nostre-projecte-en-imatges\/attachment\/img_2195\/'><img loading=\"lazy\" decoding=\"async\" width=\"300\" height=\"225\" src=\"https:\/\/agora.xtec.cat\/coldivinaprovidencia\/wp-content\/uploads\/usu1084\/2016\/06\/IMG_2195-300x225.jpeg\" class=\"attachment-medium size-medium\" alt=\"\" srcset=\"https:\/\/agora.xtec.cat\/coldivinaprovidencia\/wp-content\/uploads\/usu1084\/2016\/06\/IMG_2195-300x225.jpeg 300w, https:\/\/agora.xtec.cat\/coldivinaprovidencia\/wp-content\/uploads\/usu1084\/2016\/06\/IMG_2195-768x576.jpeg 768w, https:\/\/agora.xtec.cat\/coldivinaprovidencia\/wp-content\/uploads\/usu1084\/2016\/06\/IMG_2195-1024x768.jpeg 1024w, https:\/\/agora.xtec.cat\/coldivinaprovidencia\/wp-content\/uploads\/usu1084\/2016\/06\/IMG_2195-200x150.jpeg 200w\" sizes=\"auto, (max-width: 300px) 100vw, 300px\" \/><\/a>\n\t\t\t<\/dt><\/dl><dl class='gallery-item'>\n\t\t\t<dt class='gallery-icon portrait'>\n\t\t\t\t<a href='https:\/\/agora.xtec.cat\/coldivinaprovidencia\/general\/el-nostre-projecte-en-imatges\/attachment\/img_2196\/'><img loading=\"lazy\" decoding=\"async\" width=\"225\" height=\"300\" src=\"https:\/\/agora.xtec.cat\/coldivinaprovidencia\/wp-content\/uploads\/usu1084\/2016\/06\/IMG_2196-225x300.jpeg\" class=\"attachment-medium size-medium\" alt=\"\" srcset=\"https:\/\/agora.xtec.cat\/coldivinaprovidencia\/wp-content\/uploads\/usu1084\/2016\/06\/IMG_2196-225x300.jpeg 225w, https:\/\/agora.xtec.cat\/coldivinaprovidencia\/wp-content\/uploads\/usu1084\/2016\/06\/IMG_2196-768x1024.jpeg 768w\" sizes=\"auto, (max-width: 225px) 100vw, 225px\" \/><\/a>\n\t\t\t<\/dt><\/dl><dl class='gallery-item'>\n\t\t\t<dt class='gallery-icon landscape'>\n\t\t\t\t<a href='https:\/\/agora.xtec.cat\/coldivinaprovidencia\/general\/el-nostre-projecte-en-imatges\/attachment\/img_2198\/'><img loading=\"lazy\" decoding=\"async\" width=\"300\" height=\"225\" src=\"https:\/\/agora.xtec.cat\/coldivinaprovidencia\/wp-content\/uploads\/usu1084\/2016\/06\/IMG_2198-300x225.jpeg\" class=\"attachment-medium size-medium\" alt=\"\" srcset=\"https:\/\/agora.xtec.cat\/coldivinaprovidencia\/wp-content\/uploads\/usu1084\/2016\/06\/IMG_2198-300x225.jpeg 300w, https:\/\/agora.xtec.cat\/coldivinaprovidencia\/wp-content\/uploads\/usu1084\/2016\/06\/IMG_2198-768x576.jpeg 768w, https:\/\/agora.xtec.cat\/coldivinaprovidencia\/wp-content\/uploads\/usu1084\/2016\/06\/IMG_2198-1024x768.jpeg 1024w, https:\/\/agora.xtec.cat\/coldivinaprovidencia\/wp-content\/uploads\/usu1084\/2016\/06\/IMG_2198-200x150.jpeg 200w\" sizes=\"auto, (max-width: 300px) 100vw, 300px\" \/><\/a>\n\t\t\t<\/dt><\/dl><br style=\"clear: both\" \/><dl class='gallery-item'>\n\t\t\t<dt class='gallery-icon landscape'>\n\t\t\t\t<a href='https:\/\/agora.xtec.cat\/coldivinaprovidencia\/general\/el-nostre-projecte-en-imatges\/attachment\/img_2200\/'><img loading=\"lazy\" decoding=\"async\" width=\"300\" height=\"225\" src=\"https:\/\/agora.xtec.cat\/coldivinaprovidencia\/wp-content\/uploads\/usu1084\/2016\/06\/IMG_2200-300x225.jpeg\" class=\"attachment-medium size-medium\" alt=\"\" srcset=\"https:\/\/agora.xtec.cat\/coldivinaprovidencia\/wp-content\/uploads\/usu1084\/2016\/06\/IMG_2200-300x225.jpeg 300w, https:\/\/agora.xtec.cat\/coldivinaprovidencia\/wp-content\/uploads\/usu1084\/2016\/06\/IMG_2200-768x576.jpeg 768w, https:\/\/agora.xtec.cat\/coldivinaprovidencia\/wp-content\/uploads\/usu1084\/2016\/06\/IMG_2200-1024x768.jpeg 1024w, https:\/\/agora.xtec.cat\/coldivinaprovidencia\/wp-content\/uploads\/usu1084\/2016\/06\/IMG_2200-200x150.jpeg 200w\" sizes=\"auto, (max-width: 300px) 100vw, 300px\" \/><\/a>\n\t\t\t<\/dt><\/dl><dl class='gallery-item'>\n\t\t\t<dt class='gallery-icon portrait'>\n\t\t\t\t<a href='https:\/\/agora.xtec.cat\/coldivinaprovidencia\/general\/el-nostre-projecte-en-imatges\/attachment\/img_2201\/'><img loading=\"lazy\" decoding=\"async\" width=\"225\" height=\"300\" src=\"https:\/\/agora.xtec.cat\/coldivinaprovidencia\/wp-content\/uploads\/usu1084\/2016\/06\/IMG_2201-225x300.jpeg\" class=\"attachment-medium size-medium\" alt=\"\" srcset=\"https:\/\/agora.xtec.cat\/coldivinaprovidencia\/wp-content\/uploads\/usu1084\/2016\/06\/IMG_2201-225x300.jpeg 225w, https:\/\/agora.xtec.cat\/coldivinaprovidencia\/wp-content\/uploads\/usu1084\/2016\/06\/IMG_2201-768x1024.jpeg 768w\" sizes=\"auto, (max-width: 225px) 100vw, 225px\" \/><\/a>\n\t\t\t<\/dt><\/dl><dl class='gallery-item'>\n\t\t\t<dt class='gallery-icon portrait'>\n\t\t\t\t<a href='https:\/\/agora.xtec.cat\/coldivinaprovidencia\/general\/el-nostre-projecte-en-imatges\/attachment\/img_2203\/'><img loading=\"lazy\" decoding=\"async\" width=\"225\" height=\"300\" src=\"https:\/\/agora.xtec.cat\/coldivinaprovidencia\/wp-content\/uploads\/usu1084\/2016\/06\/IMG_2203-225x300.jpeg\" class=\"attachment-medium size-medium\" alt=\"\" srcset=\"https:\/\/agora.xtec.cat\/coldivinaprovidencia\/wp-content\/uploads\/usu1084\/2016\/06\/IMG_2203-225x300.jpeg 225w, https:\/\/agora.xtec.cat\/coldivinaprovidencia\/wp-content\/uploads\/usu1084\/2016\/06\/IMG_2203-768x1024.jpeg 768w\" sizes=\"auto, (max-width: 225px) 100vw, 225px\" \/><\/a>\n\t\t\t<\/dt><\/dl><br style=\"clear: both\" \/><dl class='gallery-item'>\n\t\t\t<dt class='gallery-icon portrait'>\n\t\t\t\t<a href='https:\/\/agora.xtec.cat\/coldivinaprovidencia\/general\/el-nostre-projecte-en-imatges\/attachment\/img_2206\/'><img loading=\"lazy\" decoding=\"async\" width=\"225\" height=\"300\" src=\"https:\/\/agora.xtec.cat\/coldivinaprovidencia\/wp-content\/uploads\/usu1084\/2016\/06\/IMG_2206-225x300.jpeg\" class=\"attachment-medium size-medium\" alt=\"\" srcset=\"https:\/\/agora.xtec.cat\/coldivinaprovidencia\/wp-content\/uploads\/usu1084\/2016\/06\/IMG_2206-225x300.jpeg 225w, https:\/\/agora.xtec.cat\/coldivinaprovidencia\/wp-content\/uploads\/usu1084\/2016\/06\/IMG_2206-768x1024.jpeg 768w\" sizes=\"auto, (max-width: 225px) 100vw, 225px\" \/><\/a>\n\t\t\t<\/dt><\/dl><dl class='gallery-item'>\n\t\t\t<dt class='gallery-icon landscape'>\n\t\t\t\t<a href='https:\/\/agora.xtec.cat\/coldivinaprovidencia\/general\/el-nostre-projecte-en-imatges\/attachment\/img_2207\/'><img loading=\"lazy\" decoding=\"async\" width=\"300\" height=\"225\" src=\"https:\/\/agora.xtec.cat\/coldivinaprovidencia\/wp-content\/uploads\/usu1084\/2016\/06\/IMG_2207-300x225.jpeg\" class=\"attachment-medium size-medium\" alt=\"\" srcset=\"https:\/\/agora.xtec.cat\/coldivinaprovidencia\/wp-content\/uploads\/usu1084\/2016\/06\/IMG_2207-300x225.jpeg 300w, https:\/\/agora.xtec.cat\/coldivinaprovidencia\/wp-content\/uploads\/usu1084\/2016\/06\/IMG_2207-768x576.jpeg 768w, https:\/\/agora.xtec.cat\/coldivinaprovidencia\/wp-content\/uploads\/usu1084\/2016\/06\/IMG_2207-1024x768.jpeg 1024w, https:\/\/agora.xtec.cat\/coldivinaprovidencia\/wp-content\/uploads\/usu1084\/2016\/06\/IMG_2207-200x150.jpeg 200w\" sizes=\"auto, (max-width: 300px) 100vw, 300px\" \/><\/a>\n\t\t\t<\/dt><\/dl><dl class='gallery-item'>\n\t\t\t<dt class='gallery-icon portrait'>\n\t\t\t\t<a href='https:\/\/agora.xtec.cat\/coldivinaprovidencia\/general\/el-nostre-projecte-en-imatges\/attachment\/img_2210\/'><img loading=\"lazy\" decoding=\"async\" width=\"225\" height=\"300\" src=\"https:\/\/agora.xtec.cat\/coldivinaprovidencia\/wp-content\/uploads\/usu1084\/2016\/06\/IMG_2210-225x300.jpeg\" class=\"attachment-medium size-medium\" alt=\"\" srcset=\"https:\/\/agora.xtec.cat\/coldivinaprovidencia\/wp-content\/uploads\/usu1084\/2016\/06\/IMG_2210-225x300.jpeg 225w, https:\/\/agora.xtec.cat\/coldivinaprovidencia\/wp-content\/uploads\/usu1084\/2016\/06\/IMG_2210-768x1024.jpeg 768w\" sizes=\"auto, (max-width: 225px) 100vw, 225px\" \/><\/a>\n\t\t\t<\/dt><\/dl><br style=\"clear: both\" \/><dl class='gallery-item'>\n\t\t\t<dt class='gallery-icon landscape'>\n\t\t\t\t<a href='https:\/\/agora.xtec.cat\/coldivinaprovidencia\/general\/el-nostre-projecte-en-imatges\/attachment\/img_2213\/'><img loading=\"lazy\" decoding=\"async\" width=\"300\" height=\"225\" src=\"https:\/\/agora.xtec.cat\/coldivinaprovidencia\/wp-content\/uploads\/usu1084\/2016\/06\/IMG_2213-300x225.jpeg\" class=\"attachment-medium size-medium\" alt=\"\" srcset=\"https:\/\/agora.xtec.cat\/coldivinaprovidencia\/wp-content\/uploads\/usu1084\/2016\/06\/IMG_2213-300x225.jpeg 300w, https:\/\/agora.xtec.cat\/coldivinaprovidencia\/wp-content\/uploads\/usu1084\/2016\/06\/IMG_2213-768x576.jpeg 768w, https:\/\/agora.xtec.cat\/coldivinaprovidencia\/wp-content\/uploads\/usu1084\/2016\/06\/IMG_2213-1024x768.jpeg 1024w, https:\/\/agora.xtec.cat\/coldivinaprovidencia\/wp-content\/uploads\/usu1084\/2016\/06\/IMG_2213-200x150.jpeg 200w\" sizes=\"auto, (max-width: 300px) 100vw, 300px\" \/><\/a>\n\t\t\t<\/dt><\/dl><dl class='gallery-item'>\n\t\t\t<dt class='gallery-icon landscape'>\n\t\t\t\t<a href='https:\/\/agora.xtec.cat\/coldivinaprovidencia\/general\/el-nostre-projecte-en-imatges\/attachment\/img_2214\/'><img loading=\"lazy\" decoding=\"async\" width=\"300\" height=\"225\" src=\"https:\/\/agora.xtec.cat\/coldivinaprovidencia\/wp-content\/uploads\/usu1084\/2016\/06\/IMG_2214-300x225.jpeg\" class=\"attachment-medium size-medium\" alt=\"\" srcset=\"https:\/\/agora.xtec.cat\/coldivinaprovidencia\/wp-content\/uploads\/usu1084\/2016\/06\/IMG_2214-300x225.jpeg 300w, https:\/\/agora.xtec.cat\/coldivinaprovidencia\/wp-content\/uploads\/usu1084\/2016\/06\/IMG_2214-768x576.jpeg 768w, https:\/\/agora.xtec.cat\/coldivinaprovidencia\/wp-content\/uploads\/usu1084\/2016\/06\/IMG_2214-1024x768.jpeg 1024w, https:\/\/agora.xtec.cat\/coldivinaprovidencia\/wp-content\/uploads\/usu1084\/2016\/06\/IMG_2214-200x150.jpeg 200w\" sizes=\"auto, (max-width: 300px) 100vw, 300px\" \/><\/a>\n\t\t\t<\/dt><\/dl><dl class='gallery-item'>\n\t\t\t<dt class='gallery-icon portrait'>\n\t\t\t\t<a href='https:\/\/agora.xtec.cat\/coldivinaprovidencia\/general\/el-nostre-projecte-en-imatges\/attachment\/img_2219\/'><img loading=\"lazy\" decoding=\"async\" width=\"225\" height=\"300\" src=\"https:\/\/agora.xtec.cat\/coldivinaprovidencia\/wp-content\/uploads\/usu1084\/2016\/06\/IMG_2219-225x300.jpeg\" class=\"attachment-medium size-medium\" alt=\"\" srcset=\"https:\/\/agora.xtec.cat\/coldivinaprovidencia\/wp-content\/uploads\/usu1084\/2016\/06\/IMG_2219-225x300.jpeg 225w, https:\/\/agora.xtec.cat\/coldivinaprovidencia\/wp-content\/uploads\/usu1084\/2016\/06\/IMG_2219-768x1024.jpeg 768w\" sizes=\"auto, (max-width: 225px) 100vw, 225px\" \/><\/a>\n\t\t\t<\/dt><\/dl><br style=\"clear: both\" \/><dl class='gallery-item'>\n\t\t\t<dt class='gallery-icon portrait'>\n\t\t\t\t<a href='https:\/\/agora.xtec.cat\/coldivinaprovidencia\/general\/el-nostre-projecte-en-imatges\/attachment\/img_2220\/'><img loading=\"lazy\" decoding=\"async\" width=\"225\" height=\"300\" src=\"https:\/\/agora.xtec.cat\/coldivinaprovidencia\/wp-content\/uploads\/usu1084\/2016\/06\/IMG_2220-225x300.jpeg\" class=\"attachment-medium size-medium\" alt=\"\" srcset=\"https:\/\/agora.xtec.cat\/coldivinaprovidencia\/wp-content\/uploads\/usu1084\/2016\/06\/IMG_2220-225x300.jpeg 225w, https:\/\/agora.xtec.cat\/coldivinaprovidencia\/wp-content\/uploads\/usu1084\/2016\/06\/IMG_2220-768x1024.jpeg 768w\" sizes=\"auto, (max-width: 225px) 100vw, 225px\" \/><\/a>\n\t\t\t<\/dt><\/dl><dl class='gallery-item'>\n\t\t\t<dt class='gallery-icon portrait'>\n\t\t\t\t<a href='https:\/\/agora.xtec.cat\/coldivinaprovidencia\/general\/el-nostre-projecte-en-imatges\/attachment\/img_2223\/'><img loading=\"lazy\" decoding=\"async\" width=\"225\" height=\"300\" src=\"https:\/\/agora.xtec.cat\/coldivinaprovidencia\/wp-content\/uploads\/usu1084\/2016\/06\/IMG_2223-225x300.jpeg\" class=\"attachment-medium size-medium\" alt=\"\" srcset=\"https:\/\/agora.xtec.cat\/coldivinaprovidencia\/wp-content\/uploads\/usu1084\/2016\/06\/IMG_2223-225x300.jpeg 225w, https:\/\/agora.xtec.cat\/coldivinaprovidencia\/wp-content\/uploads\/usu1084\/2016\/06\/IMG_2223-768x1024.jpeg 768w\" sizes=\"auto, (max-width: 225px) 100vw, 225px\" \/><\/a>\n\t\t\t<\/dt><\/dl><dl class='gallery-item'>\n\t\t\t<dt class='gallery-icon portrait'>\n\t\t\t\t<a href='https:\/\/agora.xtec.cat\/coldivinaprovidencia\/general\/el-nostre-projecte-en-imatges\/attachment\/img_2224\/'><img loading=\"lazy\" decoding=\"async\" width=\"225\" height=\"300\" src=\"https:\/\/agora.xtec.cat\/coldivinaprovidencia\/wp-content\/uploads\/usu1084\/2016\/06\/IMG_2224-225x300.jpeg\" class=\"attachment-medium size-medium\" alt=\"\" srcset=\"https:\/\/agora.xtec.cat\/coldivinaprovidencia\/wp-content\/uploads\/usu1084\/2016\/06\/IMG_2224-225x300.jpeg 225w, https:\/\/agora.xtec.cat\/coldivinaprovidencia\/wp-content\/uploads\/usu1084\/2016\/06\/IMG_2224-768x1024.jpeg 768w\" sizes=\"auto, (max-width: 225px) 100vw, 225px\" \/><\/a>\n\t\t\t<\/dt><\/dl><br style=\"clear: both\" \/><dl class='gallery-item'>\n\t\t\t<dt class='gallery-icon portrait'>\n\t\t\t\t<a href='https:\/\/agora.xtec.cat\/coldivinaprovidencia\/general\/el-nostre-projecte-en-imatges\/attachment\/img_2226\/'><img loading=\"lazy\" decoding=\"async\" width=\"225\" height=\"300\" src=\"https:\/\/agora.xtec.cat\/coldivinaprovidencia\/wp-content\/uploads\/usu1084\/2016\/06\/IMG_2226-225x300.jpeg\" class=\"attachment-medium size-medium\" alt=\"\" srcset=\"https:\/\/agora.xtec.cat\/coldivinaprovidencia\/wp-content\/uploads\/usu1084\/2016\/06\/IMG_2226-225x300.jpeg 225w, https:\/\/agora.xtec.cat\/coldivinaprovidencia\/wp-content\/uploads\/usu1084\/2016\/06\/IMG_2226-768x1024.jpeg 768w\" sizes=\"auto, (max-width: 225px) 100vw, 225px\" \/><\/a>\n\t\t\t<\/dt><\/dl><dl class='gallery-item'>\n\t\t\t<dt class='gallery-icon portrait'>\n\t\t\t\t<a href='https:\/\/agora.xtec.cat\/coldivinaprovidencia\/general\/el-nostre-projecte-en-imatges\/attachment\/img_2227\/'><img loading=\"lazy\" decoding=\"async\" width=\"225\" height=\"300\" src=\"https:\/\/agora.xtec.cat\/coldivinaprovidencia\/wp-content\/uploads\/usu1084\/2016\/06\/IMG_2227-225x300.jpeg\" class=\"attachment-medium size-medium\" alt=\"\" srcset=\"https:\/\/agora.xtec.cat\/coldivinaprovidencia\/wp-content\/uploads\/usu1084\/2016\/06\/IMG_2227-225x300.jpeg 225w, https:\/\/agora.xtec.cat\/coldivinaprovidencia\/wp-content\/uploads\/usu1084\/2016\/06\/IMG_2227-768x1024.jpeg 768w\" sizes=\"auto, (max-width: 225px) 100vw, 225px\" \/><\/a>\n\t\t\t<\/dt><\/dl><dl class='gallery-item'>\n\t\t\t<dt class='gallery-icon landscape'>\n\t\t\t\t<a href='https:\/\/agora.xtec.cat\/coldivinaprovidencia\/general\/el-nostre-projecte-en-imatges\/attachment\/img_2228\/'><img loading=\"lazy\" decoding=\"async\" width=\"300\" height=\"225\" src=\"https:\/\/agora.xtec.cat\/coldivinaprovidencia\/wp-content\/uploads\/usu1084\/2016\/06\/IMG_2228-300x225.jpeg\" class=\"attachment-medium size-medium\" alt=\"\" srcset=\"https:\/\/agora.xtec.cat\/coldivinaprovidencia\/wp-content\/uploads\/usu1084\/2016\/06\/IMG_2228-300x225.jpeg 300w, https:\/\/agora.xtec.cat\/coldivinaprovidencia\/wp-content\/uploads\/usu1084\/2016\/06\/IMG_2228-768x576.jpeg 768w, https:\/\/agora.xtec.cat\/coldivinaprovidencia\/wp-content\/uploads\/usu1084\/2016\/06\/IMG_2228-1024x768.jpeg 1024w, https:\/\/agora.xtec.cat\/coldivinaprovidencia\/wp-content\/uploads\/usu1084\/2016\/06\/IMG_2228-200x150.jpeg 200w\" sizes=\"auto, (max-width: 300px) 100vw, 300px\" \/><\/a>\n\t\t\t<\/dt><\/dl><br style=\"clear: both\" \/><dl class='gallery-item'>\n\t\t\t<dt class='gallery-icon landscape'>\n\t\t\t\t<a href='https:\/\/agora.xtec.cat\/coldivinaprovidencia\/general\/el-nostre-projecte-en-imatges\/attachment\/img_2229\/'><img loading=\"lazy\" decoding=\"async\" width=\"300\" height=\"225\" src=\"https:\/\/agora.xtec.cat\/coldivinaprovidencia\/wp-content\/uploads\/usu1084\/2016\/06\/IMG_2229-300x225.jpeg\" class=\"attachment-medium size-medium\" alt=\"\" srcset=\"https:\/\/agora.xtec.cat\/coldivinaprovidencia\/wp-content\/uploads\/usu1084\/2016\/06\/IMG_2229-300x225.jpeg 300w, https:\/\/agora.xtec.cat\/coldivinaprovidencia\/wp-content\/uploads\/usu1084\/2016\/06\/IMG_2229-768x576.jpeg 768w, https:\/\/agora.xtec.cat\/coldivinaprovidencia\/wp-content\/uploads\/usu1084\/2016\/06\/IMG_2229-1024x768.jpeg 1024w, https:\/\/agora.xtec.cat\/coldivinaprovidencia\/wp-content\/uploads\/usu1084\/2016\/06\/IMG_2229-200x150.jpeg 200w\" sizes=\"auto, (max-width: 300px) 100vw, 300px\" \/><\/a>\n\t\t\t<\/dt><\/dl><dl class='gallery-item'>\n\t\t\t<dt class='gallery-icon landscape'>\n\t\t\t\t<a href='https:\/\/agora.xtec.cat\/coldivinaprovidencia\/general\/el-nostre-projecte-en-imatges\/attachment\/img_2230\/'><img loading=\"lazy\" decoding=\"async\" width=\"300\" height=\"225\" src=\"https:\/\/agora.xtec.cat\/coldivinaprovidencia\/wp-content\/uploads\/usu1084\/2016\/06\/IMG_2230-300x225.jpeg\" class=\"attachment-medium size-medium\" alt=\"\" srcset=\"https:\/\/agora.xtec.cat\/coldivinaprovidencia\/wp-content\/uploads\/usu1084\/2016\/06\/IMG_2230-300x225.jpeg 300w, https:\/\/agora.xtec.cat\/coldivinaprovidencia\/wp-content\/uploads\/usu1084\/2016\/06\/IMG_2230-768x576.jpeg 768w, https:\/\/agora.xtec.cat\/coldivinaprovidencia\/wp-content\/uploads\/usu1084\/2016\/06\/IMG_2230-1024x768.jpeg 1024w, https:\/\/agora.xtec.cat\/coldivinaprovidencia\/wp-content\/uploads\/usu1084\/2016\/06\/IMG_2230-200x150.jpeg 200w\" sizes=\"auto, (max-width: 300px) 100vw, 300px\" \/><\/a>\n\t\t\t<\/dt><\/dl><dl class='gallery-item'>\n\t\t\t<dt class='gallery-icon portrait'>\n\t\t\t\t<a href='https:\/\/agora.xtec.cat\/coldivinaprovidencia\/general\/el-nostre-projecte-en-imatges\/attachment\/img_2238\/'><img loading=\"lazy\" decoding=\"async\" width=\"225\" height=\"300\" src=\"https:\/\/agora.xtec.cat\/coldivinaprovidencia\/wp-content\/uploads\/usu1084\/2016\/06\/IMG_2238-225x300.jpeg\" class=\"attachment-medium size-medium\" alt=\"\" srcset=\"https:\/\/agora.xtec.cat\/coldivinaprovidencia\/wp-content\/uploads\/usu1084\/2016\/06\/IMG_2238-225x300.jpeg 225w, https:\/\/agora.xtec.cat\/coldivinaprovidencia\/wp-content\/uploads\/usu1084\/2016\/06\/IMG_2238-768x1024.jpeg 768w\" sizes=\"auto, (max-width: 225px) 100vw, 225px\" \/><\/a>\n\t\t\t<\/dt><\/dl><br style=\"clear: both\" \/><dl class='gallery-item'>\n\t\t\t<dt class='gallery-icon landscape'>\n\t\t\t\t<a href='https:\/\/agora.xtec.cat\/coldivinaprovidencia\/general\/el-nostre-projecte-en-imatges\/attachment\/img_2245\/'><img loading=\"lazy\" decoding=\"async\" width=\"300\" height=\"225\" src=\"https:\/\/agora.xtec.cat\/coldivinaprovidencia\/wp-content\/uploads\/usu1084\/2016\/06\/IMG_2245-300x225.jpeg\" class=\"attachment-medium size-medium\" alt=\"\" srcset=\"https:\/\/agora.xtec.cat\/coldivinaprovidencia\/wp-content\/uploads\/usu1084\/2016\/06\/IMG_2245-300x225.jpeg 300w, https:\/\/agora.xtec.cat\/coldivinaprovidencia\/wp-content\/uploads\/usu1084\/2016\/06\/IMG_2245-768x576.jpeg 768w, https:\/\/agora.xtec.cat\/coldivinaprovidencia\/wp-content\/uploads\/usu1084\/2016\/06\/IMG_2245-1024x768.jpeg 1024w, https:\/\/agora.xtec.cat\/coldivinaprovidencia\/wp-content\/uploads\/usu1084\/2016\/06\/IMG_2245-200x150.jpeg 200w\" sizes=\"auto, (max-width: 300px) 100vw, 300px\" \/><\/a>\n\t\t\t<\/dt><\/dl><dl class='gallery-item'>\n\t\t\t<dt class='gallery-icon landscape'>\n\t\t\t\t<a href='https:\/\/agora.xtec.cat\/coldivinaprovidencia\/general\/el-nostre-projecte-en-imatges\/attachment\/img_2248\/'><img loading=\"lazy\" decoding=\"async\" width=\"300\" height=\"225\" src=\"https:\/\/agora.xtec.cat\/coldivinaprovidencia\/wp-content\/uploads\/usu1084\/2016\/06\/IMG_2248-300x225.jpeg\" class=\"attachment-medium size-medium\" alt=\"\" srcset=\"https:\/\/agora.xtec.cat\/coldivinaprovidencia\/wp-content\/uploads\/usu1084\/2016\/06\/IMG_2248-300x225.jpeg 300w, https:\/\/agora.xtec.cat\/coldivinaprovidencia\/wp-content\/uploads\/usu1084\/2016\/06\/IMG_2248-768x576.jpeg 768w, https:\/\/agora.xtec.cat\/coldivinaprovidencia\/wp-content\/uploads\/usu1084\/2016\/06\/IMG_2248-1024x768.jpeg 1024w, https:\/\/agora.xtec.cat\/coldivinaprovidencia\/wp-content\/uploads\/usu1084\/2016\/06\/IMG_2248-200x150.jpeg 200w\" sizes=\"auto, (max-width: 300px) 100vw, 300px\" \/><\/a>\n\t\t\t<\/dt><\/dl><dl class='gallery-item'>\n\t\t\t<dt class='gallery-icon portrait'>\n\t\t\t\t<a href='https:\/\/agora.xtec.cat\/coldivinaprovidencia\/general\/el-nostre-projecte-en-imatges\/attachment\/img_2249\/'><img loading=\"lazy\" decoding=\"async\" width=\"225\" height=\"300\" src=\"https:\/\/agora.xtec.cat\/coldivinaprovidencia\/wp-content\/uploads\/usu1084\/2016\/06\/IMG_2249-225x300.jpeg\" class=\"attachment-medium size-medium\" alt=\"\" srcset=\"https:\/\/agora.xtec.cat\/coldivinaprovidencia\/wp-content\/uploads\/usu1084\/2016\/06\/IMG_2249-225x300.jpeg 225w, https:\/\/agora.xtec.cat\/coldivinaprovidencia\/wp-content\/uploads\/usu1084\/2016\/06\/IMG_2249-768x1024.jpeg 768w\" sizes=\"auto, (max-width: 225px) 100vw, 225px\" \/><\/a>\n\t\t\t<\/dt><\/dl><br style=\"clear: both\" \/><dl class='gallery-item'>\n\t\t\t<dt class='gallery-icon portrait'>\n\t\t\t\t<a href='https:\/\/agora.xtec.cat\/coldivinaprovidencia\/general\/el-nostre-projecte-en-imatges\/attachment\/img_2251\/'><img loading=\"lazy\" decoding=\"async\" width=\"225\" height=\"300\" src=\"https:\/\/agora.xtec.cat\/coldivinaprovidencia\/wp-content\/uploads\/usu1084\/2016\/06\/IMG_2251-225x300.jpeg\" class=\"attachment-medium size-medium\" alt=\"\" srcset=\"https:\/\/agora.xtec.cat\/coldivinaprovidencia\/wp-content\/uploads\/usu1084\/2016\/06\/IMG_2251-225x300.jpeg 225w, https:\/\/agora.xtec.cat\/coldivinaprovidencia\/wp-content\/uploads\/usu1084\/2016\/06\/IMG_2251-768x1024.jpeg 768w\" sizes=\"auto, (max-width: 225px) 100vw, 225px\" \/><\/a>\n\t\t\t<\/dt><\/dl><dl class='gallery-item'>\n\t\t\t<dt class='gallery-icon portrait'>\n\t\t\t\t<a href='https:\/\/agora.xtec.cat\/coldivinaprovidencia\/general\/el-nostre-projecte-en-imatges\/attachment\/img_2253\/'><img loading=\"lazy\" decoding=\"async\" width=\"225\" height=\"300\" src=\"https:\/\/agora.xtec.cat\/coldivinaprovidencia\/wp-content\/uploads\/usu1084\/2016\/06\/IMG_2253-225x300.jpeg\" class=\"attachment-medium size-medium\" alt=\"\" srcset=\"https:\/\/agora.xtec.cat\/coldivinaprovidencia\/wp-content\/uploads\/usu1084\/2016\/06\/IMG_2253-225x300.jpeg 225w, https:\/\/agora.xtec.cat\/coldivinaprovidencia\/wp-content\/uploads\/usu1084\/2016\/06\/IMG_2253-768x1024.jpeg 768w\" sizes=\"auto, (max-width: 225px) 100vw, 225px\" \/><\/a>\n\t\t\t<\/dt><\/dl><dl class='gallery-item'>\n\t\t\t<dt class='gallery-icon portrait'>\n\t\t\t\t<a href='https:\/\/agora.xtec.cat\/coldivinaprovidencia\/general\/el-nostre-projecte-en-imatges\/attachment\/img_2256\/'><img loading=\"lazy\" decoding=\"async\" width=\"225\" height=\"300\" src=\"https:\/\/agora.xtec.cat\/coldivinaprovidencia\/wp-content\/uploads\/usu1084\/2016\/06\/IMG_2256-225x300.jpeg\" class=\"attachment-medium size-medium\" alt=\"\" srcset=\"https:\/\/agora.xtec.cat\/coldivinaprovidencia\/wp-content\/uploads\/usu1084\/2016\/06\/IMG_2256-225x300.jpeg 225w, https:\/\/agora.xtec.cat\/coldivinaprovidencia\/wp-content\/uploads\/usu1084\/2016\/06\/IMG_2256-768x1024.jpeg 768w\" sizes=\"auto, (max-width: 225px) 100vw, 225px\" \/><\/a>\n\t\t\t<\/dt><\/dl><br style=\"clear: both\" \/><dl class='gallery-item'>\n\t\t\t<dt class='gallery-icon portrait'>\n\t\t\t\t<a href='https:\/\/agora.xtec.cat\/coldivinaprovidencia\/general\/el-nostre-projecte-en-imatges\/attachment\/img_2260\/'><img loading=\"lazy\" decoding=\"async\" width=\"225\" height=\"300\" src=\"https:\/\/agora.xtec.cat\/coldivinaprovidencia\/wp-content\/uploads\/usu1084\/2016\/06\/IMG_2260-225x300.jpeg\" class=\"attachment-medium size-medium\" alt=\"\" srcset=\"https:\/\/agora.xtec.cat\/coldivinaprovidencia\/wp-content\/uploads\/usu1084\/2016\/06\/IMG_2260-225x300.jpeg 225w, https:\/\/agora.xtec.cat\/coldivinaprovidencia\/wp-content\/uploads\/usu1084\/2016\/06\/IMG_2260-768x1024.jpeg 768w\" sizes=\"auto, (max-width: 225px) 100vw, 225px\" \/><\/a>\n\t\t\t<\/dt><\/dl><dl class='gallery-item'>\n\t\t\t<dt class='gallery-icon landscape'>\n\t\t\t\t<a href='https:\/\/agora.xtec.cat\/coldivinaprovidencia\/general\/el-nostre-projecte-en-imatges\/attachment\/img_2266\/'><img loading=\"lazy\" decoding=\"async\" width=\"300\" height=\"225\" src=\"https:\/\/agora.xtec.cat\/coldivinaprovidencia\/wp-content\/uploads\/usu1084\/2016\/06\/IMG_2266-300x225.jpeg\" class=\"attachment-medium size-medium\" alt=\"\" srcset=\"https:\/\/agora.xtec.cat\/coldivinaprovidencia\/wp-content\/uploads\/usu1084\/2016\/06\/IMG_2266-300x225.jpeg 300w, https:\/\/agora.xtec.cat\/coldivinaprovidencia\/wp-content\/uploads\/usu1084\/2016\/06\/IMG_2266-768x576.jpeg 768w, https:\/\/agora.xtec.cat\/coldivinaprovidencia\/wp-content\/uploads\/usu1084\/2016\/06\/IMG_2266-1024x768.jpeg 1024w, https:\/\/agora.xtec.cat\/coldivinaprovidencia\/wp-content\/uploads\/usu1084\/2016\/06\/IMG_2266-200x150.jpeg 200w\" sizes=\"auto, (max-width: 300px) 100vw, 300px\" \/><\/a>\n\t\t\t<\/dt><\/dl><dl class='gallery-item'>\n\t\t\t<dt class='gallery-icon landscape'>\n\t\t\t\t<a href='https:\/\/agora.xtec.cat\/coldivinaprovidencia\/general\/el-nostre-projecte-en-imatges\/attachment\/img_2268\/'><img loading=\"lazy\" decoding=\"async\" width=\"300\" height=\"225\" src=\"https:\/\/agora.xtec.cat\/coldivinaprovidencia\/wp-content\/uploads\/usu1084\/2016\/06\/IMG_2268-300x225.jpeg\" class=\"attachment-medium size-medium\" alt=\"\" srcset=\"https:\/\/agora.xtec.cat\/coldivinaprovidencia\/wp-content\/uploads\/usu1084\/2016\/06\/IMG_2268-300x225.jpeg 300w, https:\/\/agora.xtec.cat\/coldivinaprovidencia\/wp-content\/uploads\/usu1084\/2016\/06\/IMG_2268-768x576.jpeg 768w, https:\/\/agora.xtec.cat\/coldivinaprovidencia\/wp-content\/uploads\/usu1084\/2016\/06\/IMG_2268-1024x768.jpeg 1024w, https:\/\/agora.xtec.cat\/coldivinaprovidencia\/wp-content\/uploads\/usu1084\/2016\/06\/IMG_2268-200x150.jpeg 200w\" sizes=\"auto, (max-width: 300px) 100vw, 300px\" \/><\/a>\n\t\t\t<\/dt><\/dl><br style=\"clear: both\" \/><dl class='gallery-item'>\n\t\t\t<dt class='gallery-icon portrait'>\n\t\t\t\t<a href='https:\/\/agora.xtec.cat\/coldivinaprovidencia\/general\/el-nostre-projecte-en-imatges\/attachment\/img_2269\/'><img loading=\"lazy\" decoding=\"async\" width=\"225\" height=\"300\" src=\"https:\/\/agora.xtec.cat\/coldivinaprovidencia\/wp-content\/uploads\/usu1084\/2016\/06\/IMG_2269-225x300.jpeg\" class=\"attachment-medium size-medium\" alt=\"\" srcset=\"https:\/\/agora.xtec.cat\/coldivinaprovidencia\/wp-content\/uploads\/usu1084\/2016\/06\/IMG_2269-225x300.jpeg 225w, https:\/\/agora.xtec.cat\/coldivinaprovidencia\/wp-content\/uploads\/usu1084\/2016\/06\/IMG_2269-768x1024.jpeg 768w\" sizes=\"auto, (max-width: 225px) 100vw, 225px\" \/><\/a>\n\t\t\t<\/dt><\/dl><dl class='gallery-item'>\n\t\t\t<dt class='gallery-icon landscape'>\n\t\t\t\t<a href='https:\/\/agora.xtec.cat\/coldivinaprovidencia\/general\/el-nostre-projecte-en-imatges\/attachment\/img_2271\/'><img loading=\"lazy\" decoding=\"async\" width=\"300\" height=\"225\" src=\"https:\/\/agora.xtec.cat\/coldivinaprovidencia\/wp-content\/uploads\/usu1084\/2016\/06\/IMG_2271-300x225.jpeg\" class=\"attachment-medium size-medium\" alt=\"\" srcset=\"https:\/\/agora.xtec.cat\/coldivinaprovidencia\/wp-content\/uploads\/usu1084\/2016\/06\/IMG_2271-300x225.jpeg 300w, https:\/\/agora.xtec.cat\/coldivinaprovidencia\/wp-content\/uploads\/usu1084\/2016\/06\/IMG_2271-768x576.jpeg 768w, https:\/\/agora.xtec.cat\/coldivinaprovidencia\/wp-content\/uploads\/usu1084\/2016\/06\/IMG_2271-1024x768.jpeg 1024w, https:\/\/agora.xtec.cat\/coldivinaprovidencia\/wp-content\/uploads\/usu1084\/2016\/06\/IMG_2271-200x150.jpeg 200w\" sizes=\"auto, (max-width: 300px) 100vw, 300px\" \/><\/a>\n\t\t\t<\/dt><\/dl><dl class='gallery-item'>\n\t\t\t<dt class='gallery-icon landscape'>\n\t\t\t\t<a href='https:\/\/agora.xtec.cat\/coldivinaprovidencia\/general\/el-nostre-projecte-en-imatges\/attachment\/img_2274\/'><img loading=\"lazy\" decoding=\"async\" width=\"300\" height=\"225\" src=\"https:\/\/agora.xtec.cat\/coldivinaprovidencia\/wp-content\/uploads\/usu1084\/2016\/06\/IMG_2274-300x225.jpeg\" class=\"attachment-medium size-medium\" alt=\"\" srcset=\"https:\/\/agora.xtec.cat\/coldivinaprovidencia\/wp-content\/uploads\/usu1084\/2016\/06\/IMG_2274-300x225.jpeg 300w, https:\/\/agora.xtec.cat\/coldivinaprovidencia\/wp-content\/uploads\/usu1084\/2016\/06\/IMG_2274-768x576.jpeg 768w, https:\/\/agora.xtec.cat\/coldivinaprovidencia\/wp-content\/uploads\/usu1084\/2016\/06\/IMG_2274-1024x768.jpeg 1024w, https:\/\/agora.xtec.cat\/coldivinaprovidencia\/wp-content\/uploads\/usu1084\/2016\/06\/IMG_2274-200x150.jpeg 200w\" sizes=\"auto, (max-width: 300px) 100vw, 300px\" \/><\/a>\n\t\t\t<\/dt><\/dl><br style=\"clear: both\" \/><dl class='gallery-item'>\n\t\t\t<dt class='gallery-icon landscape'>\n\t\t\t\t<a href='https:\/\/agora.xtec.cat\/coldivinaprovidencia\/general\/el-nostre-projecte-en-imatges\/attachment\/img_2279\/'><img loading=\"lazy\" decoding=\"async\" width=\"300\" height=\"225\" src=\"https:\/\/agora.xtec.cat\/coldivinaprovidencia\/wp-content\/uploads\/usu1084\/2016\/06\/IMG_2279-300x225.jpeg\" class=\"attachment-medium size-medium\" alt=\"\" srcset=\"https:\/\/agora.xtec.cat\/coldivinaprovidencia\/wp-content\/uploads\/usu1084\/2016\/06\/IMG_2279-300x225.jpeg 300w, https:\/\/agora.xtec.cat\/coldivinaprovidencia\/wp-content\/uploads\/usu1084\/2016\/06\/IMG_2279-768x576.jpeg 768w, https:\/\/agora.xtec.cat\/coldivinaprovidencia\/wp-content\/uploads\/usu1084\/2016\/06\/IMG_2279-1024x768.jpeg 1024w, https:\/\/agora.xtec.cat\/coldivinaprovidencia\/wp-content\/uploads\/usu1084\/2016\/06\/IMG_2279-200x150.jpeg 200w\" sizes=\"auto, (max-width: 300px) 100vw, 300px\" \/><\/a>\n\t\t\t<\/dt><\/dl><dl class='gallery-item'>\n\t\t\t<dt class='gallery-icon landscape'>\n\t\t\t\t<a href='https:\/\/agora.xtec.cat\/coldivinaprovidencia\/general\/el-nostre-projecte-en-imatges\/attachment\/img_2281\/'><img loading=\"lazy\" decoding=\"async\" width=\"300\" height=\"225\" src=\"https:\/\/agora.xtec.cat\/coldivinaprovidencia\/wp-content\/uploads\/usu1084\/2016\/06\/IMG_2281-300x225.jpeg\" class=\"attachment-medium size-medium\" alt=\"\" srcset=\"https:\/\/agora.xtec.cat\/coldivinaprovidencia\/wp-content\/uploads\/usu1084\/2016\/06\/IMG_2281-300x225.jpeg 300w, https:\/\/agora.xtec.cat\/coldivinaprovidencia\/wp-content\/uploads\/usu1084\/2016\/06\/IMG_2281-768x576.jpeg 768w, https:\/\/agora.xtec.cat\/coldivinaprovidencia\/wp-content\/uploads\/usu1084\/2016\/06\/IMG_2281-1024x768.jpeg 1024w, https:\/\/agora.xtec.cat\/coldivinaprovidencia\/wp-content\/uploads\/usu1084\/2016\/06\/IMG_2281-200x150.jpeg 200w\" sizes=\"auto, (max-width: 300px) 100vw, 300px\" \/><\/a>\n\t\t\t<\/dt><\/dl><dl class='gallery-item'>\n\t\t\t<dt class='gallery-icon landscape'>\n\t\t\t\t<a href='https:\/\/agora.xtec.cat\/coldivinaprovidencia\/general\/el-nostre-projecte-en-imatges\/attachment\/img_2283\/'><img loading=\"lazy\" decoding=\"async\" width=\"300\" height=\"225\" src=\"https:\/\/agora.xtec.cat\/coldivinaprovidencia\/wp-content\/uploads\/usu1084\/2016\/06\/IMG_2283-300x225.jpeg\" class=\"attachment-medium size-medium\" alt=\"\" srcset=\"https:\/\/agora.xtec.cat\/coldivinaprovidencia\/wp-content\/uploads\/usu1084\/2016\/06\/IMG_2283-300x225.jpeg 300w, https:\/\/agora.xtec.cat\/coldivinaprovidencia\/wp-content\/uploads\/usu1084\/2016\/06\/IMG_2283-768x576.jpeg 768w, https:\/\/agora.xtec.cat\/coldivinaprovidencia\/wp-content\/uploads\/usu1084\/2016\/06\/IMG_2283-1024x768.jpeg 1024w, https:\/\/agora.xtec.cat\/coldivinaprovidencia\/wp-content\/uploads\/usu1084\/2016\/06\/IMG_2283-200x150.jpeg 200w\" sizes=\"auto, (max-width: 300px) 100vw, 300px\" \/><\/a>\n\t\t\t<\/dt><\/dl><br style=\"clear: both\" \/><dl class='gallery-item'>\n\t\t\t<dt class='gallery-icon landscape'>\n\t\t\t\t<a href='https:\/\/agora.xtec.cat\/coldivinaprovidencia\/general\/el-nostre-projecte-en-imatges\/attachment\/img_2284\/'><img loading=\"lazy\" decoding=\"async\" width=\"300\" height=\"225\" src=\"https:\/\/agora.xtec.cat\/coldivinaprovidencia\/wp-content\/uploads\/usu1084\/2016\/06\/IMG_2284-300x225.jpeg\" class=\"attachment-medium size-medium\" alt=\"\" srcset=\"https:\/\/agora.xtec.cat\/coldivinaprovidencia\/wp-content\/uploads\/usu1084\/2016\/06\/IMG_2284-300x225.jpeg 300w, https:\/\/agora.xtec.cat\/coldivinaprovidencia\/wp-content\/uploads\/usu1084\/2016\/06\/IMG_2284-768x576.jpeg 768w, https:\/\/agora.xtec.cat\/coldivinaprovidencia\/wp-content\/uploads\/usu1084\/2016\/06\/IMG_2284-1024x768.jpeg 1024w, https:\/\/agora.xtec.cat\/coldivinaprovidencia\/wp-content\/uploads\/usu1084\/2016\/06\/IMG_2284-200x150.jpeg 200w\" sizes=\"auto, (max-width: 300px) 100vw, 300px\" \/><\/a>\n\t\t\t<\/dt><\/dl><dl class='gallery-item'>\n\t\t\t<dt class='gallery-icon portrait'>\n\t\t\t\t<a href='https:\/\/agora.xtec.cat\/coldivinaprovidencia\/general\/el-nostre-projecte-en-imatges\/attachment\/img_2286\/'><img loading=\"lazy\" decoding=\"async\" width=\"225\" height=\"300\" src=\"https:\/\/agora.xtec.cat\/coldivinaprovidencia\/wp-content\/uploads\/usu1084\/2016\/06\/IMG_2286-225x300.jpeg\" class=\"attachment-medium size-medium\" alt=\"\" srcset=\"https:\/\/agora.xtec.cat\/coldivinaprovidencia\/wp-content\/uploads\/usu1084\/2016\/06\/IMG_2286-225x300.jpeg 225w, https:\/\/agora.xtec.cat\/coldivinaprovidencia\/wp-content\/uploads\/usu1084\/2016\/06\/IMG_2286-768x1024.jpeg 768w\" sizes=\"auto, (max-width: 225px) 100vw, 225px\" \/><\/a>\n\t\t\t<\/dt><\/dl><dl class='gallery-item'>\n\t\t\t<dt class='gallery-icon landscape'>\n\t\t\t\t<a href='https:\/\/agora.xtec.cat\/coldivinaprovidencia\/general\/el-nostre-projecte-en-imatges\/attachment\/img_2289\/'><img loading=\"lazy\" decoding=\"async\" width=\"300\" height=\"225\" src=\"https:\/\/agora.xtec.cat\/coldivinaprovidencia\/wp-content\/uploads\/usu1084\/2016\/06\/IMG_2289-300x225.jpeg\" class=\"attachment-medium size-medium\" alt=\"\" srcset=\"https:\/\/agora.xtec.cat\/coldivinaprovidencia\/wp-content\/uploads\/usu1084\/2016\/06\/IMG_2289-300x225.jpeg 300w, https:\/\/agora.xtec.cat\/coldivinaprovidencia\/wp-content\/uploads\/usu1084\/2016\/06\/IMG_2289-768x576.jpeg 768w, https:\/\/agora.xtec.cat\/coldivinaprovidencia\/wp-content\/uploads\/usu1084\/2016\/06\/IMG_2289-1024x768.jpeg 1024w, https:\/\/agora.xtec.cat\/coldivinaprovidencia\/wp-content\/uploads\/usu1084\/2016\/06\/IMG_2289-200x150.jpeg 200w\" sizes=\"auto, (max-width: 300px) 100vw, 300px\" \/><\/a>\n\t\t\t<\/dt><\/dl><br style=\"clear: both\" \/><dl class='gallery-item'>\n\t\t\t<dt class='gallery-icon landscape'>\n\t\t\t\t<a href='https:\/\/agora.xtec.cat\/coldivinaprovidencia\/general\/el-nostre-projecte-en-imatges\/attachment\/img_2293\/'><img loading=\"lazy\" decoding=\"async\" width=\"300\" height=\"225\" src=\"https:\/\/agora.xtec.cat\/coldivinaprovidencia\/wp-content\/uploads\/usu1084\/2016\/06\/IMG_2293-300x225.jpeg\" class=\"attachment-medium size-medium\" alt=\"\" srcset=\"https:\/\/agora.xtec.cat\/coldivinaprovidencia\/wp-content\/uploads\/usu1084\/2016\/06\/IMG_2293-300x225.jpeg 300w, https:\/\/agora.xtec.cat\/coldivinaprovidencia\/wp-content\/uploads\/usu1084\/2016\/06\/IMG_2293-768x576.jpeg 768w, https:\/\/agora.xtec.cat\/coldivinaprovidencia\/wp-content\/uploads\/usu1084\/2016\/06\/IMG_2293-1024x768.jpeg 1024w, https:\/\/agora.xtec.cat\/coldivinaprovidencia\/wp-content\/uploads\/usu1084\/2016\/06\/IMG_2293-200x150.jpeg 200w\" sizes=\"auto, (max-width: 300px) 100vw, 300px\" \/><\/a>\n\t\t\t<\/dt><\/dl><dl class='gallery-item'>\n\t\t\t<dt class='gallery-icon landscape'>\n\t\t\t\t<a href='https:\/\/agora.xtec.cat\/coldivinaprovidencia\/general\/el-nostre-projecte-en-imatges\/attachment\/img_2297\/'><img loading=\"lazy\" decoding=\"async\" width=\"300\" height=\"225\" src=\"https:\/\/agora.xtec.cat\/coldivinaprovidencia\/wp-content\/uploads\/usu1084\/2016\/06\/IMG_2297-300x225.jpeg\" class=\"attachment-medium size-medium\" alt=\"\" srcset=\"https:\/\/agora.xtec.cat\/coldivinaprovidencia\/wp-content\/uploads\/usu1084\/2016\/06\/IMG_2297-300x225.jpeg 300w, https:\/\/agora.xtec.cat\/coldivinaprovidencia\/wp-content\/uploads\/usu1084\/2016\/06\/IMG_2297-768x576.jpeg 768w, https:\/\/agora.xtec.cat\/coldivinaprovidencia\/wp-content\/uploads\/usu1084\/2016\/06\/IMG_2297-1024x768.jpeg 1024w, https:\/\/agora.xtec.cat\/coldivinaprovidencia\/wp-content\/uploads\/usu1084\/2016\/06\/IMG_2297-200x150.jpeg 200w\" sizes=\"auto, (max-width: 300px) 100vw, 300px\" \/><\/a>\n\t\t\t<\/dt><\/dl><dl class='gallery-item'>\n\t\t\t<dt class='gallery-icon landscape'>\n\t\t\t\t<a href='https:\/\/agora.xtec.cat\/coldivinaprovidencia\/general\/el-nostre-projecte-en-imatges\/attachment\/img_2314\/'><img loading=\"lazy\" decoding=\"async\" width=\"300\" height=\"225\" src=\"https:\/\/agora.xtec.cat\/coldivinaprovidencia\/wp-content\/uploads\/usu1084\/2016\/06\/IMG_2314-300x225.jpeg\" class=\"attachment-medium size-medium\" alt=\"\" srcset=\"https:\/\/agora.xtec.cat\/coldivinaprovidencia\/wp-content\/uploads\/usu1084\/2016\/06\/IMG_2314-300x225.jpeg 300w, https:\/\/agora.xtec.cat\/coldivinaprovidencia\/wp-content\/uploads\/usu1084\/2016\/06\/IMG_2314-768x576.jpeg 768w, https:\/\/agora.xtec.cat\/coldivinaprovidencia\/wp-content\/uploads\/usu1084\/2016\/06\/IMG_2314-1024x768.jpeg 1024w, https:\/\/agora.xtec.cat\/coldivinaprovidencia\/wp-content\/uploads\/usu1084\/2016\/06\/IMG_2314-200x150.jpeg 200w\" sizes=\"auto, (max-width: 300px) 100vw, 300px\" \/><\/a>\n\t\t\t<\/dt><\/dl><br style=\"clear: both\" \/><dl class='gallery-item'>\n\t\t\t<dt class='gallery-icon landscape'>\n\t\t\t\t<a href='https:\/\/agora.xtec.cat\/coldivinaprovidencia\/general\/el-nostre-projecte-en-imatges\/attachment\/img_2827\/'><img loading=\"lazy\" decoding=\"async\" width=\"300\" height=\"225\" src=\"https:\/\/agora.xtec.cat\/coldivinaprovidencia\/wp-content\/uploads\/usu1084\/2016\/06\/IMG_2827-300x225.jpeg\" class=\"attachment-medium size-medium\" alt=\"\" srcset=\"https:\/\/agora.xtec.cat\/coldivinaprovidencia\/wp-content\/uploads\/usu1084\/2016\/06\/IMG_2827-300x225.jpeg 300w, https:\/\/agora.xtec.cat\/coldivinaprovidencia\/wp-content\/uploads\/usu1084\/2016\/06\/IMG_2827-768x576.jpeg 768w, https:\/\/agora.xtec.cat\/coldivinaprovidencia\/wp-content\/uploads\/usu1084\/2016\/06\/IMG_2827-1024x768.jpeg 1024w, https:\/\/agora.xtec.cat\/coldivinaprovidencia\/wp-content\/uploads\/usu1084\/2016\/06\/IMG_2827-200x150.jpeg 200w\" sizes=\"auto, (max-width: 300px) 100vw, 300px\" \/><\/a>\n\t\t\t<\/dt><\/dl><dl class='gallery-item'>\n\t\t\t<dt class='gallery-icon landscape'>\n\t\t\t\t<a href='https:\/\/agora.xtec.cat\/coldivinaprovidencia\/general\/el-nostre-projecte-en-imatges\/attachment\/img_2828\/'><img loading=\"lazy\" decoding=\"async\" width=\"300\" height=\"225\" src=\"https:\/\/agora.xtec.cat\/coldivinaprovidencia\/wp-content\/uploads\/usu1084\/2016\/06\/IMG_2828-300x225.jpeg\" class=\"attachment-medium size-medium\" alt=\"\" srcset=\"https:\/\/agora.xtec.cat\/coldivinaprovidencia\/wp-content\/uploads\/usu1084\/2016\/06\/IMG_2828-300x225.jpeg 300w, https:\/\/agora.xtec.cat\/coldivinaprovidencia\/wp-content\/uploads\/usu1084\/2016\/06\/IMG_2828-768x576.jpeg 768w, https:\/\/agora.xtec.cat\/coldivinaprovidencia\/wp-content\/uploads\/usu1084\/2016\/06\/IMG_2828-1024x768.jpeg 1024w, https:\/\/agora.xtec.cat\/coldivinaprovidencia\/wp-content\/uploads\/usu1084\/2016\/06\/IMG_2828-200x150.jpeg 200w\" sizes=\"auto, (max-width: 300px) 100vw, 300px\" \/><\/a>\n\t\t\t<\/dt><\/dl><dl class='gallery-item'>\n\t\t\t<dt class='gallery-icon landscape'>\n\t\t\t\t<a href='https:\/\/agora.xtec.cat\/coldivinaprovidencia\/general\/el-nostre-projecte-en-imatges\/attachment\/img_2829\/'><img loading=\"lazy\" decoding=\"async\" width=\"300\" height=\"225\" src=\"https:\/\/agora.xtec.cat\/coldivinaprovidencia\/wp-content\/uploads\/usu1084\/2016\/06\/IMG_2829-300x225.jpeg\" class=\"attachment-medium size-medium\" alt=\"\" srcset=\"https:\/\/agora.xtec.cat\/coldivinaprovidencia\/wp-content\/uploads\/usu1084\/2016\/06\/IMG_2829-300x225.jpeg 300w, https:\/\/agora.xtec.cat\/coldivinaprovidencia\/wp-content\/uploads\/usu1084\/2016\/06\/IMG_2829-768x576.jpeg 768w, https:\/\/agora.xtec.cat\/coldivinaprovidencia\/wp-content\/uploads\/usu1084\/2016\/06\/IMG_2829-1024x768.jpeg 1024w, https:\/\/agora.xtec.cat\/coldivinaprovidencia\/wp-content\/uploads\/usu1084\/2016\/06\/IMG_2829-200x150.jpeg 200w\" sizes=\"auto, (max-width: 300px) 100vw, 300px\" \/><\/a>\n\t\t\t<\/dt><\/dl><br style=\"clear: both\" \/><dl class='gallery-item'>\n\t\t\t<dt class='gallery-icon landscape'>\n\t\t\t\t<a href='https:\/\/agora.xtec.cat\/coldivinaprovidencia\/general\/el-nostre-projecte-en-imatges\/attachment\/img_2830\/'><img loading=\"lazy\" decoding=\"async\" width=\"300\" height=\"225\" src=\"https:\/\/agora.xtec.cat\/coldivinaprovidencia\/wp-content\/uploads\/usu1084\/2016\/06\/IMG_2830-300x225.jpeg\" class=\"attachment-medium size-medium\" alt=\"\" srcset=\"https:\/\/agora.xtec.cat\/coldivinaprovidencia\/wp-content\/uploads\/usu1084\/2016\/06\/IMG_2830-300x225.jpeg 300w, https:\/\/agora.xtec.cat\/coldivinaprovidencia\/wp-content\/uploads\/usu1084\/2016\/06\/IMG_2830-768x576.jpeg 768w, https:\/\/agora.xtec.cat\/coldivinaprovidencia\/wp-content\/uploads\/usu1084\/2016\/06\/IMG_2830-1024x768.jpeg 1024w, https:\/\/agora.xtec.cat\/coldivinaprovidencia\/wp-content\/uploads\/usu1084\/2016\/06\/IMG_2830-200x150.jpeg 200w\" sizes=\"auto, (max-width: 300px) 100vw, 300px\" \/><\/a>\n\t\t\t<\/dt><\/dl><dl class='gallery-item'>\n\t\t\t<dt class='gallery-icon landscape'>\n\t\t\t\t<a href='https:\/\/agora.xtec.cat\/coldivinaprovidencia\/general\/el-nostre-projecte-en-imatges\/attachment\/img_2831\/'><img loading=\"lazy\" decoding=\"async\" width=\"300\" height=\"225\" src=\"https:\/\/agora.xtec.cat\/coldivinaprovidencia\/wp-content\/uploads\/usu1084\/2016\/06\/IMG_2831-300x225.jpeg\" class=\"attachment-medium size-medium\" alt=\"\" srcset=\"https:\/\/agora.xtec.cat\/coldivinaprovidencia\/wp-content\/uploads\/usu1084\/2016\/06\/IMG_2831-300x225.jpeg 300w, https:\/\/agora.xtec.cat\/coldivinaprovidencia\/wp-content\/uploads\/usu1084\/2016\/06\/IMG_2831-768x576.jpeg 768w, https:\/\/agora.xtec.cat\/coldivinaprovidencia\/wp-content\/uploads\/usu1084\/2016\/06\/IMG_2831-1024x768.jpeg 1024w, https:\/\/agora.xtec.cat\/coldivinaprovidencia\/wp-content\/uploads\/usu1084\/2016\/06\/IMG_2831-200x150.jpeg 200w\" sizes=\"auto, (max-width: 300px) 100vw, 300px\" \/><\/a>\n\t\t\t<\/dt><\/dl><dl class='gallery-item'>\n\t\t\t<dt class='gallery-icon landscape'>\n\t\t\t\t<a href='https:\/\/agora.xtec.cat\/coldivinaprovidencia\/general\/el-nostre-projecte-en-imatges\/attachment\/img_2832\/'><img loading=\"lazy\" decoding=\"async\" width=\"300\" height=\"225\" src=\"https:\/\/agora.xtec.cat\/coldivinaprovidencia\/wp-content\/uploads\/usu1084\/2016\/06\/IMG_2832-300x225.jpeg\" class=\"attachment-medium size-medium\" alt=\"\" srcset=\"https:\/\/agora.xtec.cat\/coldivinaprovidencia\/wp-content\/uploads\/usu1084\/2016\/06\/IMG_2832-300x225.jpeg 300w, https:\/\/agora.xtec.cat\/coldivinaprovidencia\/wp-content\/uploads\/usu1084\/2016\/06\/IMG_2832-768x576.jpeg 768w, https:\/\/agora.xtec.cat\/coldivinaprovidencia\/wp-content\/uploads\/usu1084\/2016\/06\/IMG_2832-1024x768.jpeg 1024w, https:\/\/agora.xtec.cat\/coldivinaprovidencia\/wp-content\/uploads\/usu1084\/2016\/06\/IMG_2832-200x150.jpeg 200w\" sizes=\"auto, (max-width: 300px) 100vw, 300px\" \/><\/a>\n\t\t\t<\/dt><\/dl><br style=\"clear: both\" \/><dl class='gallery-item'>\n\t\t\t<dt class='gallery-icon landscape'>\n\t\t\t\t<a href='https:\/\/agora.xtec.cat\/coldivinaprovidencia\/general\/el-nostre-projecte-en-imatges\/attachment\/img_2833\/'><img loading=\"lazy\" decoding=\"async\" width=\"300\" height=\"225\" src=\"https:\/\/agora.xtec.cat\/coldivinaprovidencia\/wp-content\/uploads\/usu1084\/2016\/06\/IMG_2833-300x225.jpeg\" class=\"attachment-medium size-medium\" alt=\"\" srcset=\"https:\/\/agora.xtec.cat\/coldivinaprovidencia\/wp-content\/uploads\/usu1084\/2016\/06\/IMG_2833-300x225.jpeg 300w, https:\/\/agora.xtec.cat\/coldivinaprovidencia\/wp-content\/uploads\/usu1084\/2016\/06\/IMG_2833-768x576.jpeg 768w, https:\/\/agora.xtec.cat\/coldivinaprovidencia\/wp-content\/uploads\/usu1084\/2016\/06\/IMG_2833-1024x768.jpeg 1024w, https:\/\/agora.xtec.cat\/coldivinaprovidencia\/wp-content\/uploads\/usu1084\/2016\/06\/IMG_2833-200x150.jpeg 200w\" sizes=\"auto, (max-width: 300px) 100vw, 300px\" \/><\/a>\n\t\t\t<\/dt><\/dl><dl class='gallery-item'>\n\t\t\t<dt class='gallery-icon landscape'>\n\t\t\t\t<a href='https:\/\/agora.xtec.cat\/coldivinaprovidencia\/general\/el-nostre-projecte-en-imatges\/attachment\/img_2834\/'><img loading=\"lazy\" decoding=\"async\" width=\"300\" height=\"225\" src=\"https:\/\/agora.xtec.cat\/coldivinaprovidencia\/wp-content\/uploads\/usu1084\/2016\/06\/IMG_2834-300x225.jpeg\" class=\"attachment-medium size-medium\" alt=\"\" srcset=\"https:\/\/agora.xtec.cat\/coldivinaprovidencia\/wp-content\/uploads\/usu1084\/2016\/06\/IMG_2834-300x225.jpeg 300w, https:\/\/agora.xtec.cat\/coldivinaprovidencia\/wp-content\/uploads\/usu1084\/2016\/06\/IMG_2834-768x576.jpeg 768w, https:\/\/agora.xtec.cat\/coldivinaprovidencia\/wp-content\/uploads\/usu1084\/2016\/06\/IMG_2834-1024x768.jpeg 1024w, https:\/\/agora.xtec.cat\/coldivinaprovidencia\/wp-content\/uploads\/usu1084\/2016\/06\/IMG_2834-200x150.jpeg 200w\" sizes=\"auto, (max-width: 300px) 100vw, 300px\" \/><\/a>\n\t\t\t<\/dt><\/dl><dl class='gallery-item'>\n\t\t\t<dt class='gallery-icon landscape'>\n\t\t\t\t<a href='https:\/\/agora.xtec.cat\/coldivinaprovidencia\/general\/el-nostre-projecte-en-imatges\/attachment\/img_2835\/'><img loading=\"lazy\" decoding=\"async\" width=\"300\" height=\"225\" src=\"https:\/\/agora.xtec.cat\/coldivinaprovidencia\/wp-content\/uploads\/usu1084\/2016\/06\/IMG_2835-300x225.jpeg\" class=\"attachment-medium size-medium\" alt=\"\" srcset=\"https:\/\/agora.xtec.cat\/coldivinaprovidencia\/wp-content\/uploads\/usu1084\/2016\/06\/IMG_2835-300x225.jpeg 300w, https:\/\/agora.xtec.cat\/coldivinaprovidencia\/wp-content\/uploads\/usu1084\/2016\/06\/IMG_2835-768x576.jpeg 768w, https:\/\/agora.xtec.cat\/coldivinaprovidencia\/wp-content\/uploads\/usu1084\/2016\/06\/IMG_2835-1024x768.jpeg 1024w, https:\/\/agora.xtec.cat\/coldivinaprovidencia\/wp-content\/uploads\/usu1084\/2016\/06\/IMG_2835-200x150.jpeg 200w\" sizes=\"auto, (max-width: 300px) 100vw, 300px\" \/><\/a>\n\t\t\t<\/dt><\/dl><br style=\"clear: both\" \/><dl class='gallery-item'>\n\t\t\t<dt class='gallery-icon landscape'>\n\t\t\t\t<a href='https:\/\/agora.xtec.cat\/coldivinaprovidencia\/general\/el-nostre-projecte-en-imatges\/attachment\/img_2836\/'><img loading=\"lazy\" decoding=\"async\" width=\"300\" height=\"225\" src=\"https:\/\/agora.xtec.cat\/coldivinaprovidencia\/wp-content\/uploads\/usu1084\/2016\/06\/IMG_2836-300x225.jpeg\" class=\"attachment-medium size-medium\" alt=\"\" srcset=\"https:\/\/agora.xtec.cat\/coldivinaprovidencia\/wp-content\/uploads\/usu1084\/2016\/06\/IMG_2836-300x225.jpeg 300w, https:\/\/agora.xtec.cat\/coldivinaprovidencia\/wp-content\/uploads\/usu1084\/2016\/06\/IMG_2836-768x576.jpeg 768w, https:\/\/agora.xtec.cat\/coldivinaprovidencia\/wp-content\/uploads\/usu1084\/2016\/06\/IMG_2836-1024x768.jpeg 1024w, https:\/\/agora.xtec.cat\/coldivinaprovidencia\/wp-content\/uploads\/usu1084\/2016\/06\/IMG_2836-200x150.jpeg 200w\" sizes=\"auto, (max-width: 300px) 100vw, 300px\" \/><\/a>\n\t\t\t<\/dt><\/dl><dl class='gallery-item'>\n\t\t\t<dt class='gallery-icon landscape'>\n\t\t\t\t<a href='https:\/\/agora.xtec.cat\/coldivinaprovidencia\/general\/el-nostre-projecte-en-imatges\/attachment\/img_2837\/'><img loading=\"lazy\" decoding=\"async\" width=\"300\" height=\"225\" src=\"https:\/\/agora.xtec.cat\/coldivinaprovidencia\/wp-content\/uploads\/usu1084\/2016\/06\/IMG_2837-300x225.jpeg\" class=\"attachment-medium size-medium\" alt=\"\" srcset=\"https:\/\/agora.xtec.cat\/coldivinaprovidencia\/wp-content\/uploads\/usu1084\/2016\/06\/IMG_2837-300x225.jpeg 300w, https:\/\/agora.xtec.cat\/coldivinaprovidencia\/wp-content\/uploads\/usu1084\/2016\/06\/IMG_2837-768x576.jpeg 768w, https:\/\/agora.xtec.cat\/coldivinaprovidencia\/wp-content\/uploads\/usu1084\/2016\/06\/IMG_2837-1024x768.jpeg 1024w, https:\/\/agora.xtec.cat\/coldivinaprovidencia\/wp-content\/uploads\/usu1084\/2016\/06\/IMG_2837-200x150.jpeg 200w\" sizes=\"auto, (max-width: 300px) 100vw, 300px\" \/><\/a>\n\t\t\t<\/dt><\/dl><dl class='gallery-item'>\n\t\t\t<dt class='gallery-icon landscape'>\n\t\t\t\t<a href='https:\/\/agora.xtec.cat\/coldivinaprovidencia\/general\/el-nostre-projecte-en-imatges\/attachment\/img_2838\/'><img loading=\"lazy\" decoding=\"async\" width=\"300\" height=\"225\" src=\"https:\/\/agora.xtec.cat\/coldivinaprovidencia\/wp-content\/uploads\/usu1084\/2016\/06\/IMG_2838-300x225.jpeg\" class=\"attachment-medium size-medium\" alt=\"\" srcset=\"https:\/\/agora.xtec.cat\/coldivinaprovidencia\/wp-content\/uploads\/usu1084\/2016\/06\/IMG_2838-300x225.jpeg 300w, https:\/\/agora.xtec.cat\/coldivinaprovidencia\/wp-content\/uploads\/usu1084\/2016\/06\/IMG_2838-768x576.jpeg 768w, https:\/\/agora.xtec.cat\/coldivinaprovidencia\/wp-content\/uploads\/usu1084\/2016\/06\/IMG_2838-1024x768.jpeg 1024w, https:\/\/agora.xtec.cat\/coldivinaprovidencia\/wp-content\/uploads\/usu1084\/2016\/06\/IMG_2838-200x150.jpeg 200w\" sizes=\"auto, (max-width: 300px) 100vw, 300px\" \/><\/a>\n\t\t\t<\/dt><\/dl><br style=\"clear: both\" \/><dl class='gallery-item'>\n\t\t\t<dt class='gallery-icon landscape'>\n\t\t\t\t<a href='https:\/\/agora.xtec.cat\/coldivinaprovidencia\/general\/el-nostre-projecte-en-imatges\/attachment\/img_2986\/'><img loading=\"lazy\" decoding=\"async\" width=\"300\" height=\"224\" src=\"https:\/\/agora.xtec.cat\/coldivinaprovidencia\/wp-content\/uploads\/usu1084\/2016\/06\/IMG_2986-300x224.jpeg\" class=\"attachment-medium size-medium\" alt=\"\" srcset=\"https:\/\/agora.xtec.cat\/coldivinaprovidencia\/wp-content\/uploads\/usu1084\/2016\/06\/IMG_2986-300x224.jpeg 300w, https:\/\/agora.xtec.cat\/coldivinaprovidencia\/wp-content\/uploads\/usu1084\/2016\/06\/IMG_2986-200x150.jpeg 200w, https:\/\/agora.xtec.cat\/coldivinaprovidencia\/wp-content\/uploads\/usu1084\/2016\/06\/IMG_2986.jpeg 640w\" sizes=\"auto, (max-width: 300px) 100vw, 300px\" \/><\/a>\n\t\t\t<\/dt><\/dl><dl class='gallery-item'>\n\t\t\t<dt class='gallery-icon landscape'>\n\t\t\t\t<a href='https:\/\/agora.xtec.cat\/coldivinaprovidencia\/general\/el-nostre-projecte-en-imatges\/attachment\/img_2987\/'><img loading=\"lazy\" decoding=\"async\" width=\"300\" height=\"224\" src=\"https:\/\/agora.xtec.cat\/coldivinaprovidencia\/wp-content\/uploads\/usu1084\/2016\/06\/IMG_2987-300x224.jpeg\" class=\"attachment-medium size-medium\" alt=\"\" srcset=\"https:\/\/agora.xtec.cat\/coldivinaprovidencia\/wp-content\/uploads\/usu1084\/2016\/06\/IMG_2987-300x224.jpeg 300w, https:\/\/agora.xtec.cat\/coldivinaprovidencia\/wp-content\/uploads\/usu1084\/2016\/06\/IMG_2987-200x150.jpeg 200w, https:\/\/agora.xtec.cat\/coldivinaprovidencia\/wp-content\/uploads\/usu1084\/2016\/06\/IMG_2987.jpeg 640w\" sizes=\"auto, (max-width: 300px) 100vw, 300px\" \/><\/a>\n\t\t\t<\/dt><\/dl><dl class='gallery-item'>\n\t\t\t<dt class='gallery-icon landscape'>\n\t\t\t\t<a href='https:\/\/agora.xtec.cat\/coldivinaprovidencia\/general\/el-nostre-projecte-en-imatges\/attachment\/img_2988\/'><img loading=\"lazy\" decoding=\"async\" width=\"300\" height=\"224\" src=\"https:\/\/agora.xtec.cat\/coldivinaprovidencia\/wp-content\/uploads\/usu1084\/2016\/06\/IMG_2988-300x224.jpeg\" class=\"attachment-medium size-medium\" alt=\"\" srcset=\"https:\/\/agora.xtec.cat\/coldivinaprovidencia\/wp-content\/uploads\/usu1084\/2016\/06\/IMG_2988-300x224.jpeg 300w, https:\/\/agora.xtec.cat\/coldivinaprovidencia\/wp-content\/uploads\/usu1084\/2016\/06\/IMG_2988-200x150.jpeg 200w, https:\/\/agora.xtec.cat\/coldivinaprovidencia\/wp-content\/uploads\/usu1084\/2016\/06\/IMG_2988.jpeg 640w\" sizes=\"auto, (max-width: 300px) 100vw, 300px\" \/><\/a>\n\t\t\t<\/dt><\/dl><br style=\"clear: both\" \/><dl class='gallery-item'>\n\t\t\t<dt class='gallery-icon landscape'>\n\t\t\t\t<a href='https:\/\/agora.xtec.cat\/coldivinaprovidencia\/general\/el-nostre-projecte-en-imatges\/attachment\/img_3510\/'><img loading=\"lazy\" decoding=\"async\" width=\"300\" height=\"225\" src=\"https:\/\/agora.xtec.cat\/coldivinaprovidencia\/wp-content\/uploads\/usu1084\/2016\/06\/IMG_3510-300x225.jpeg\" class=\"attachment-medium size-medium\" alt=\"\" srcset=\"https:\/\/agora.xtec.cat\/coldivinaprovidencia\/wp-content\/uploads\/usu1084\/2016\/06\/IMG_3510-300x225.jpeg 300w, https:\/\/agora.xtec.cat\/coldivinaprovidencia\/wp-content\/uploads\/usu1084\/2016\/06\/IMG_3510-768x576.jpeg 768w, https:\/\/agora.xtec.cat\/coldivinaprovidencia\/wp-content\/uploads\/usu1084\/2016\/06\/IMG_3510-1024x768.jpeg 1024w, https:\/\/agora.xtec.cat\/coldivinaprovidencia\/wp-content\/uploads\/usu1084\/2016\/06\/IMG_3510-200x150.jpeg 200w\" sizes=\"auto, (max-width: 300px) 100vw, 300px\" \/><\/a>\n\t\t\t<\/dt><\/dl><dl class='gallery-item'>\n\t\t\t<dt class='gallery-icon landscape'>\n\t\t\t\t<a href='https:\/\/agora.xtec.cat\/coldivinaprovidencia\/general\/el-nostre-projecte-en-imatges\/attachment\/img_3511\/'><img loading=\"lazy\" decoding=\"async\" width=\"300\" height=\"225\" src=\"https:\/\/agora.xtec.cat\/coldivinaprovidencia\/wp-content\/uploads\/usu1084\/2016\/06\/IMG_3511-300x225.jpeg\" class=\"attachment-medium size-medium\" alt=\"\" srcset=\"https:\/\/agora.xtec.cat\/coldivinaprovidencia\/wp-content\/uploads\/usu1084\/2016\/06\/IMG_3511-300x225.jpeg 300w, https:\/\/agora.xtec.cat\/coldivinaprovidencia\/wp-content\/uploads\/usu1084\/2016\/06\/IMG_3511-768x576.jpeg 768w, https:\/\/agora.xtec.cat\/coldivinaprovidencia\/wp-content\/uploads\/usu1084\/2016\/06\/IMG_3511-1024x768.jpeg 1024w, https:\/\/agora.xtec.cat\/coldivinaprovidencia\/wp-content\/uploads\/usu1084\/2016\/06\/IMG_3511-200x150.jpeg 200w\" sizes=\"auto, (max-width: 300px) 100vw, 300px\" \/><\/a>\n\t\t\t<\/dt><\/dl><dl class='gallery-item'>\n\t\t\t<dt class='gallery-icon landscape'>\n\t\t\t\t<a href='https:\/\/agora.xtec.cat\/coldivinaprovidencia\/general\/el-nostre-projecte-en-imatges\/attachment\/img_3512\/'><img loading=\"lazy\" decoding=\"async\" width=\"300\" height=\"225\" src=\"https:\/\/agora.xtec.cat\/coldivinaprovidencia\/wp-content\/uploads\/usu1084\/2016\/06\/IMG_3512-300x225.jpeg\" class=\"attachment-medium size-medium\" alt=\"\" srcset=\"https:\/\/agora.xtec.cat\/coldivinaprovidencia\/wp-content\/uploads\/usu1084\/2016\/06\/IMG_3512-300x225.jpeg 300w, https:\/\/agora.xtec.cat\/coldivinaprovidencia\/wp-content\/uploads\/usu1084\/2016\/06\/IMG_3512-768x576.jpeg 768w, https:\/\/agora.xtec.cat\/coldivinaprovidencia\/wp-content\/uploads\/usu1084\/2016\/06\/IMG_3512-1024x768.jpeg 1024w, https:\/\/agora.xtec.cat\/coldivinaprovidencia\/wp-content\/uploads\/usu1084\/2016\/06\/IMG_3512-200x150.jpeg 200w\" sizes=\"auto, (max-width: 300px) 100vw, 300px\" \/><\/a>\n\t\t\t<\/dt><\/dl><br style=\"clear: both\" \/><dl class='gallery-item'>\n\t\t\t<dt class='gallery-icon landscape'>\n\t\t\t\t<a href='https:\/\/agora.xtec.cat\/coldivinaprovidencia\/general\/el-nostre-projecte-en-imatges\/attachment\/img_3513\/'><img loading=\"lazy\" decoding=\"async\" width=\"300\" height=\"225\" src=\"https:\/\/agora.xtec.cat\/coldivinaprovidencia\/wp-content\/uploads\/usu1084\/2016\/06\/IMG_3513-300x225.jpeg\" class=\"attachment-medium size-medium\" alt=\"\" srcset=\"https:\/\/agora.xtec.cat\/coldivinaprovidencia\/wp-content\/uploads\/usu1084\/2016\/06\/IMG_3513-300x225.jpeg 300w, https:\/\/agora.xtec.cat\/coldivinaprovidencia\/wp-content\/uploads\/usu1084\/2016\/06\/IMG_3513-768x576.jpeg 768w, https:\/\/agora.xtec.cat\/coldivinaprovidencia\/wp-content\/uploads\/usu1084\/2016\/06\/IMG_3513-1024x768.jpeg 1024w, https:\/\/agora.xtec.cat\/coldivinaprovidencia\/wp-content\/uploads\/usu1084\/2016\/06\/IMG_3513-200x150.jpeg 200w\" sizes=\"auto, (max-width: 300px) 100vw, 300px\" \/><\/a>\n\t\t\t<\/dt><\/dl><dl class='gallery-item'>\n\t\t\t<dt class='gallery-icon landscape'>\n\t\t\t\t<a href='https:\/\/agora.xtec.cat\/coldivinaprovidencia\/general\/el-nostre-projecte-en-imatges\/attachment\/img_3514\/'><img loading=\"lazy\" decoding=\"async\" width=\"300\" height=\"225\" src=\"https:\/\/agora.xtec.cat\/coldivinaprovidencia\/wp-content\/uploads\/usu1084\/2016\/06\/IMG_3514-300x225.jpeg\" class=\"attachment-medium size-medium\" alt=\"\" srcset=\"https:\/\/agora.xtec.cat\/coldivinaprovidencia\/wp-content\/uploads\/usu1084\/2016\/06\/IMG_3514-300x225.jpeg 300w, https:\/\/agora.xtec.cat\/coldivinaprovidencia\/wp-content\/uploads\/usu1084\/2016\/06\/IMG_3514-768x576.jpeg 768w, https:\/\/agora.xtec.cat\/coldivinaprovidencia\/wp-content\/uploads\/usu1084\/2016\/06\/IMG_3514-1024x768.jpeg 1024w, https:\/\/agora.xtec.cat\/coldivinaprovidencia\/wp-content\/uploads\/usu1084\/2016\/06\/IMG_3514-200x150.jpeg 200w\" sizes=\"auto, (max-width: 300px) 100vw, 300px\" \/><\/a>\n\t\t\t<\/dt><\/dl><dl class='gallery-item'>\n\t\t\t<dt class='gallery-icon landscape'>\n\t\t\t\t<a href='https:\/\/agora.xtec.cat\/coldivinaprovidencia\/general\/el-nostre-projecte-en-imatges\/attachment\/img_3515\/'><img loading=\"lazy\" decoding=\"async\" width=\"300\" height=\"225\" src=\"https:\/\/agora.xtec.cat\/coldivinaprovidencia\/wp-content\/uploads\/usu1084\/2016\/06\/IMG_3515-300x225.jpeg\" class=\"attachment-medium size-medium\" alt=\"\" srcset=\"https:\/\/agora.xtec.cat\/coldivinaprovidencia\/wp-content\/uploads\/usu1084\/2016\/06\/IMG_3515-300x225.jpeg 300w, https:\/\/agora.xtec.cat\/coldivinaprovidencia\/wp-content\/uploads\/usu1084\/2016\/06\/IMG_3515-768x576.jpeg 768w, https:\/\/agora.xtec.cat\/coldivinaprovidencia\/wp-content\/uploads\/usu1084\/2016\/06\/IMG_3515-1024x768.jpeg 1024w, https:\/\/agora.xtec.cat\/coldivinaprovidencia\/wp-content\/uploads\/usu1084\/2016\/06\/IMG_3515-200x150.jpeg 200w\" sizes=\"auto, (max-width: 300px) 100vw, 300px\" \/><\/a>\n\t\t\t<\/dt><\/dl><br style=\"clear: both\" \/><dl class='gallery-item'>\n\t\t\t<dt class='gallery-icon portrait'>\n\t\t\t\t<a href='https:\/\/agora.xtec.cat\/coldivinaprovidencia\/general\/el-nostre-projecte-en-imatges\/attachment\/img_3516\/'><img loading=\"lazy\" decoding=\"async\" width=\"225\" height=\"300\" src=\"https:\/\/agora.xtec.cat\/coldivinaprovidencia\/wp-content\/uploads\/usu1084\/2016\/06\/IMG_3516-225x300.jpeg\" class=\"attachment-medium size-medium\" alt=\"\" srcset=\"https:\/\/agora.xtec.cat\/coldivinaprovidencia\/wp-content\/uploads\/usu1084\/2016\/06\/IMG_3516-225x300.jpeg 225w, https:\/\/agora.xtec.cat\/coldivinaprovidencia\/wp-content\/uploads\/usu1084\/2016\/06\/IMG_3516-768x1024.jpeg 768w\" sizes=\"auto, (max-width: 225px) 100vw, 225px\" \/><\/a>\n\t\t\t<\/dt><\/dl><dl class='gallery-item'>\n\t\t\t<dt class='gallery-icon portrait'>\n\t\t\t\t<a href='https:\/\/agora.xtec.cat\/coldivinaprovidencia\/general\/el-nostre-projecte-en-imatges\/attachment\/img_3517\/'><img loading=\"lazy\" decoding=\"async\" width=\"225\" height=\"300\" src=\"https:\/\/agora.xtec.cat\/coldivinaprovidencia\/wp-content\/uploads\/usu1084\/2016\/06\/IMG_3517-225x300.jpeg\" class=\"attachment-medium size-medium\" alt=\"\" srcset=\"https:\/\/agora.xtec.cat\/coldivinaprovidencia\/wp-content\/uploads\/usu1084\/2016\/06\/IMG_3517-225x300.jpeg 225w, https:\/\/agora.xtec.cat\/coldivinaprovidencia\/wp-content\/uploads\/usu1084\/2016\/06\/IMG_3517-768x1024.jpeg 768w\" sizes=\"auto, (max-width: 225px) 100vw, 225px\" \/><\/a>\n\t\t\t<\/dt><\/dl>\n\t\t\t<br style='clear: both' \/>\n\t\t<\/div>\n\n","protected":false},"excerpt":{"rendered":"<p>Aqu\u00ed podeu trobar una galeria d&#8217;imatges del 11\u00e8 Congr\u00e9s de ci\u00e8ncia&hellip;  <a href=\"https:\/\/agora.xtec.cat\/coldivinaprovidencia\/general\/el-nostre-projecte-en-imatges\/\" title=\"Read El nostre projecte en imatges!!!!\">Llegeix m\u00e9s\u00bb<\/a><\/p>\n","protected":false},"author":1,"featured_media":1212,"comment_status":"open","ping_status":"open","sticky":false,"template":"","format":"standard","meta":{"_bbp_topic_count":0,"_bbp_reply_count":0,"_bbp_total_topic_count":0,"_bbp_total_reply_count":0,"_bbp_voice_count":0,"_bbp_anonymous_reply_count":0,"_bbp_topic_count_hidden":0,"_bbp_reply_count_hidden":0,"_bbp_forum_subforum_count":0,"footnotes":""},"categories":[10,1,4,5],"tags":[],"class_list":["post-1211","post","type-post","status-publish","format-standard","has-post-thumbnail","hentry","category-1r","category-general","category-portada","category-primaria"],"post_mailing_queue_ids":[],"_links":{"self":[{"href":"https:\/\/agora.xtec.cat\/coldivinaprovidencia\/wp-json\/wp\/v2\/posts\/1211","targetHints":{"allow":["GET"]}}],"collection":[{"href":"https:\/\/agora.xtec.cat\/coldivinaprovidencia\/wp-json\/wp\/v2\/posts"}],"about":[{"href":"https:\/\/agora.xtec.cat\/coldivinaprovidencia\/wp-json\/wp\/v2\/types\/post"}],"author":[{"embeddable":true,"href":"https:\/\/agora.xtec.cat\/coldivinaprovidencia\/wp-json\/wp\/v2\/users\/1"}],"replies":[{"embeddable":true,"href":"https:\/\/agora.xtec.cat\/coldivinaprovidencia\/wp-json\/wp\/v2\/comments?post=1211"}],"version-history":[{"count":2,"href":"https:\/\/agora.xtec.cat\/coldivinaprovidencia\/wp-json\/wp\/v2\/posts\/1211\/revisions"}],"predecessor-version":[{"id":1473,"href":"https:\/\/agora.xtec.cat\/coldivinaprovidencia\/wp-json\/wp\/v2\/posts\/1211\/revisions\/1473"}],"wp:featuredmedia":[{"embeddable":true,"href":"https:\/\/agora.xtec.cat\/coldivinaprovidencia\/wp-json\/wp\/v2\/media\/1212"}],"wp:attachment":[{"href":"https:\/\/agora.xtec.cat\/coldivinaprovidencia\/wp-json\/wp\/v2\/media?parent=1211"}],"wp:term":[{"taxonomy":"category","embeddable":true,"href":"https:\/\/agora.xtec.cat\/coldivinaprovidencia\/wp-json\/wp\/v2\/categories?post=1211"},{"taxonomy":"post_tag","embeddable":true,"href":"https:\/\/agora.xtec.cat\/coldivinaprovidencia\/wp-json\/wp\/v2\/tags?post=1211"}],"curies":[{"name":"wp","href":"https:\/\/api.w.org\/{rel}","templated":true}]}}