{"id":9944,"date":"2018-07-02T09:30:20","date_gmt":"2018-07-02T07:30:20","guid":{"rendered":"http:\/\/agora.xtec.cat\/col-tarres\/?p=9944"},"modified":"2018-07-02T13:11:40","modified_gmt":"2018-07-02T11:11:40","slug":"consell-dinfants-de-sabadell","status":"publish","type":"post","link":"https:\/\/agora.xtec.cat\/col-tarres\/bloctarres\/consell-dinfants-de-sabadell\/","title":{"rendered":"Naiara Garc\u00eda, al Consell d&#8217;Infants de Sabadell"},"content":{"rendered":"<p>&nbsp;<\/p>\n<p><a href=\"http:\/\/agora.xtec.cat\/col-tarres\/wp-content\/uploads\/usu1585\/2018\/07\/CONSELL-NAIARA-2018-4.jpg\"><img loading=\"lazy\" decoding=\"async\" class=\" wp-image-9951 alignleft\" src=\"http:\/\/agora.xtec.cat\/col-tarres\/wp-content\/uploads\/usu1585\/2018\/07\/CONSELL-NAIARA-2018-4-264x300.jpg\" alt=\"\" width=\"254\" height=\"288\" srcset=\"https:\/\/agora.xtec.cat\/col-tarres\/wp-content\/uploads\/usu1585\/2018\/07\/CONSELL-NAIARA-2018-4-264x300.jpg 264w, https:\/\/agora.xtec.cat\/col-tarres\/wp-content\/uploads\/usu1585\/2018\/07\/CONSELL-NAIARA-2018-4-768x874.jpg 768w, https:\/\/agora.xtec.cat\/col-tarres\/wp-content\/uploads\/usu1585\/2018\/07\/CONSELL-NAIARA-2018-4-900x1024.jpg 900w, https:\/\/agora.xtec.cat\/col-tarres\/wp-content\/uploads\/usu1585\/2018\/07\/CONSELL-NAIARA-2018-4.jpg 1200w\" sizes=\"auto, (max-width: 254px) 100vw, 254px\" \/><\/a><\/p>\n<p style=\"text-align: left;\">El passat 19 juny, la nostra alumna Naiara Garc\u00eda Quesada va ser escollida en sorteig p\u00fablic per formar part del Consell d&#8217;Infants de Sabadell.<\/p>\n<p style=\"text-align: left;\">L&#8217;acte de constituci\u00f3 d&#8217;aquest Consell va tenir lloc dimarts 26 de juny a la Pla\u00e7a Doctor Robert amb la pres\u00e8ncia de tots els infants escollits.<\/p>\n<p style=\"text-align: left;\">Podeu veure la informaci\u00f3 que ha estat publicada a diferents mitjans de comunicaci\u00f3 locals: <a href=\"https:\/\/www.naciodigital.cat\/sabadell\/noticia\/18894\/sabadell\/constitueix\/consell\/dels\/infants\">Naci\u00f3Sabadell<\/a>, <a href=\"https:\/\/www.isabadell.cat\/sabadell\/societat\/un-centenar-destudiants-formaran-el-nou-consell-de-la-infancia-i-adolescencia\/\">iSabadell<\/a>, <a href=\"https:\/\/radiosabadell.fm\/index.php\/noticia\/el-consell-dels-infants-es-constitueix-sabadell-donar-veu-tots-els-nens-i-nenes-de-la\">R\u00e0dio Sabadell<\/a> i a la<a href=\"http:\/\/web.sabadell.cat\/actualitat\/notis\/item\/escollits-els-representants-del-consell-dels-infants-de-sabadell\"> web de l&#8217;Ajuntament de Sabadell<\/a>.<\/p>\n<p>&nbsp;<\/p>\n<p>&nbsp;<\/p>\n","protected":false},"excerpt":{"rendered":"<p>&nbsp; El passat 19 juny, la nostra alumna Naiara Garc\u00eda Quesada va ser escollida en sorteig p\u00fablic per formar part [&hellip;]<\/p>\n","protected":false},"author":6,"featured_media":9945,"comment_status":"open","ping_status":"closed","sticky":false,"template":"","format":"standard","meta":{"_bbp_topic_count":0,"_bbp_reply_count":0,"_bbp_total_topic_count":0,"_bbp_total_reply_count":0,"_bbp_voice_count":0,"_bbp_anonymous_reply_count":0,"_bbp_topic_count_hidden":0,"_bbp_reply_count_hidden":0,"_bbp_forum_subforum_count":0,"site-sidebar-layout":"default","site-content-layout":"","ast-site-content-layout":"","site-content-style":"default","site-sidebar-style":"default","ast-global-header-display":"","ast-banner-title-visibility":"","ast-main-header-display":"","ast-hfb-above-header-display":"","ast-hfb-below-header-display":"","ast-hfb-mobile-header-display":"","site-post-title":"","ast-breadcrumbs-content":"","ast-featured-img":"","footer-sml-layout":"","theme-transparent-header-meta":"","adv-header-id-meta":"","stick-header-meta":"","header-above-stick-meta":"","header-main-stick-meta":"","header-below-stick-meta":"","astra-migrate-meta-layouts":"default","ast-page-background-enabled":"default","ast-page-background-meta":{"desktop":{"background-color":"var(--ast-global-color-4)","background-image":"","background-repeat":"repeat","background-position":"center center","background-size":"auto","background-attachment":"scroll","background-type":"","background-media":"","overlay-type":"","overlay-color":"","overlay-opacity":"","overlay-gradient":""},"tablet":{"background-color":"","background-image":"","background-repeat":"repeat","background-position":"center center","background-size":"auto","background-attachment":"scroll","background-type":"","background-media":"","overlay-type":"","overlay-color":"","overlay-opacity":"","overlay-gradient":""},"mobile":{"background-color":"","background-image":"","background-repeat":"repeat","background-position":"center center","background-size":"auto","background-attachment":"scroll","background-type":"","background-media":"","overlay-type":"","overlay-color":"","overlay-opacity":"","overlay-gradient":""}},"ast-content-background-meta":{"desktop":{"background-color":"var(--ast-global-color-5)","background-image":"","background-repeat":"repeat","background-position":"center center","background-size":"auto","background-attachment":"scroll","background-type":"","background-media":"","overlay-type":"","overlay-color":"","overlay-opacity":"","overlay-gradient":""},"tablet":{"background-color":"var(--ast-global-color-5)","background-image":"","background-repeat":"repeat","background-position":"center center","background-size":"auto","background-attachment":"scroll","background-type":"","background-media":"","overlay-type":"","overlay-color":"","overlay-opacity":"","overlay-gradient":""},"mobile":{"background-color":"var(--ast-global-color-5)","background-image":"","background-repeat":"repeat","background-position":"center center","background-size":"auto","background-attachment":"scroll","background-type":"","background-media":"","overlay-type":"","overlay-color":"","overlay-opacity":"","overlay-gradient":""}},"footnotes":""},"categories":[1,29,8],"tags":[],"class_list":["post-9944","post","type-post","status-publish","format-standard","has-post-thumbnail","hentry","category-bloctarres","category-portada","category-primaria"],"post_mailing_queue_ids":[],"_links":{"self":[{"href":"https:\/\/agora.xtec.cat\/col-tarres\/wp-json\/wp\/v2\/posts\/9944","targetHints":{"allow":["GET"]}}],"collection":[{"href":"https:\/\/agora.xtec.cat\/col-tarres\/wp-json\/wp\/v2\/posts"}],"about":[{"href":"https:\/\/agora.xtec.cat\/col-tarres\/wp-json\/wp\/v2\/types\/post"}],"author":[{"embeddable":true,"href":"https:\/\/agora.xtec.cat\/col-tarres\/wp-json\/wp\/v2\/users\/6"}],"replies":[{"embeddable":true,"href":"https:\/\/agora.xtec.cat\/col-tarres\/wp-json\/wp\/v2\/comments?post=9944"}],"version-history":[{"count":4,"href":"https:\/\/agora.xtec.cat\/col-tarres\/wp-json\/wp\/v2\/posts\/9944\/revisions"}],"predecessor-version":[{"id":9963,"href":"https:\/\/agora.xtec.cat\/col-tarres\/wp-json\/wp\/v2\/posts\/9944\/revisions\/9963"}],"wp:featuredmedia":[{"embeddable":true,"href":"https:\/\/agora.xtec.cat\/col-tarres\/wp-json\/wp\/v2\/media\/9945"}],"wp:attachment":[{"href":"https:\/\/agora.xtec.cat\/col-tarres\/wp-json\/wp\/v2\/media?parent=9944"}],"wp:term":[{"taxonomy":"category","embeddable":true,"href":"https:\/\/agora.xtec.cat\/col-tarres\/wp-json\/wp\/v2\/categories?post=9944"},{"taxonomy":"post_tag","embeddable":true,"href":"https:\/\/agora.xtec.cat\/col-tarres\/wp-json\/wp\/v2\/tags?post=9944"}],"curies":[{"name":"wp","href":"https:\/\/api.w.org\/{rel}","templated":true}]}}