{"id":9450,"date":"2018-01-26T16:45:18","date_gmt":"2018-01-26T15:45:18","guid":{"rendered":"http:\/\/agora.xtec.cat\/col-tarres\/?p=9450"},"modified":"2021-05-10T23:21:56","modified_gmt":"2021-05-10T21:21:56","slug":"jornada-de-portes-obertes","status":"publish","type":"post","link":"https:\/\/agora.xtec.cat\/col-tarres\/bloctarres\/jornada-de-portes-obertes\/","title":{"rendered":"Jornada de portes obertes"},"content":{"rendered":"<p class=\"p1\"><a href=\"http:\/\/agora.xtec.cat\/col-tarres\/wp-content\/uploads\/usu1585\/2014\/09\/hortizontal-petit.jpg\"><img loading=\"lazy\" decoding=\"async\" class=\"alignnone size-full wp-image-9438\" src=\"http:\/\/agora.xtec.cat\/col-tarres\/wp-content\/uploads\/usu1585\/2014\/09\/hortizontal-petit.jpg\" alt=\"\" width=\"1598\" height=\"552\" srcset=\"https:\/\/agora.xtec.cat\/col-tarres\/wp-content\/uploads\/usu1585\/2014\/09\/hortizontal-petit.jpg 1598w, https:\/\/agora.xtec.cat\/col-tarres\/wp-content\/uploads\/usu1585\/2014\/09\/hortizontal-petit-300x104.jpg 300w, https:\/\/agora.xtec.cat\/col-tarres\/wp-content\/uploads\/usu1585\/2014\/09\/hortizontal-petit-768x265.jpg 768w, https:\/\/agora.xtec.cat\/col-tarres\/wp-content\/uploads\/usu1585\/2014\/09\/hortizontal-petit-1024x354.jpg 1024w\" sizes=\"auto, (max-width: 1598px) 100vw, 1598px\" \/><\/a><\/p>\n<p class=\"p1\"><span class=\"s1\">Benvolguts\/des,<\/span><\/p>\n<p class=\"p1\"><span class=\"s1\">Al llarg dels mesos de febrer i mar\u00e7, les fam\u00edlies amb infants que han de comen\u00e7ar l\u2019escolaritzaci\u00f3, estan coneixent les diferents ofertes educatives que hi ha a la ciutat.\u00a0<\/span><span class=\"s1\">\u00c9s per aix\u00f2 que el proper dissabte 24 de febrer realitzarem una jornada de portes obertes a l&#8217;Escola, on us explicarem qui som, com som i com treballem. La visita estar\u00e0 oberta a totes aquelles fam\u00edlies que hi estiguin interessades, aix\u00ed com tamb\u00e9 aquelles que ja porten els seus fills\/es a l&#8217;Escola.<\/span><\/p>\n<p class=\"p1\">Dia:<strong>\u00a0dissabte, 24 de febrer de 2018.<\/strong><\/p>\n<p class=\"p1\">Hora:<strong> de 11 a 13h.<\/strong> A les 11h i a les 12h hi haur\u00e0 les visities guiades.<\/p>\n<p class=\"p1\">Lloc:<strong> Escola Tarr\u00e9s.<\/strong> Canonge Joncar, 127-B 08201 Sabadell (Barcelona).<\/p>\n<p class=\"p1\"><span class=\"s1\">Si necessiteu m\u00e9s informaci\u00f3 no dubteu en enviar-nos un <a href=\"https:\/\/www.facebook.com\/messages\/t\/escolatarres\">missatge directe<\/a>, un <a href=\"mailto:elenaarderiu@escolatarres.com\">email<\/a> o fer-nos una trucada.<\/span><\/p>\n<p class=\"p1\"><span class=\"s1\">Us hi esperem!<\/span><\/p>\n<p>Atentament,<\/p>\n<p class=\"p1\"><em>Ger\u00e8ncia<\/em><\/p>\n<p class=\"p1\">\n","protected":false},"excerpt":{"rendered":"<p>Benvolguts\/des, Al llarg dels mesos de febrer i mar\u00e7, les fam\u00edlies amb infants que han de comen\u00e7ar l\u2019escolaritzaci\u00f3, estan coneixent [&hellip;]<\/p>\n","protected":false},"author":8,"featured_media":0,"comment_status":"open","ping_status":"closed","sticky":false,"template":"","format":"standard","meta":{"_bbp_topic_count":0,"_bbp_reply_count":0,"_bbp_total_topic_count":0,"_bbp_total_reply_count":0,"_bbp_voice_count":0,"_bbp_anonymous_reply_count":0,"_bbp_topic_count_hidden":0,"_bbp_reply_count_hidden":0,"_bbp_forum_subforum_count":0,"site-sidebar-layout":"default","site-content-layout":"","ast-site-content-layout":"","site-content-style":"default","site-sidebar-style":"default","ast-global-header-display":"","ast-banner-title-visibility":"","ast-main-header-display":"","ast-hfb-above-header-display":"","ast-hfb-below-header-display":"","ast-hfb-mobile-header-display":"","site-post-title":"","ast-breadcrumbs-content":"","ast-featured-img":"","footer-sml-layout":"","theme-transparent-header-meta":"","adv-header-id-meta":"","stick-header-meta":"","header-above-stick-meta":"","header-main-stick-meta":"","header-below-stick-meta":"","astra-migrate-meta-layouts":"default","ast-page-background-enabled":"default","ast-page-background-meta":{"desktop":{"background-color":"var(--ast-global-color-4)","background-image":"","background-repeat":"repeat","background-position":"center center","background-size":"auto","background-attachment":"scroll","background-type":"","background-media":"","overlay-type":"","overlay-color":"","overlay-opacity":"","overlay-gradient":""},"tablet":{"background-color":"","background-image":"","background-repeat":"repeat","background-position":"center center","background-size":"auto","background-attachment":"scroll","background-type":"","background-media":"","overlay-type":"","overlay-color":"","overlay-opacity":"","overlay-gradient":""},"mobile":{"background-color":"","background-image":"","background-repeat":"repeat","background-position":"center center","background-size":"auto","background-attachment":"scroll","background-type":"","background-media":"","overlay-type":"","overlay-color":"","overlay-opacity":"","overlay-gradient":""}},"ast-content-background-meta":{"desktop":{"background-color":"var(--ast-global-color-5)","background-image":"","background-repeat":"repeat","background-position":"center center","background-size":"auto","background-attachment":"scroll","background-type":"","background-media":"","overlay-type":"","overlay-color":"","overlay-opacity":"","overlay-gradient":""},"tablet":{"background-color":"var(--ast-global-color-5)","background-image":"","background-repeat":"repeat","background-position":"center center","background-size":"auto","background-attachment":"scroll","background-type":"","background-media":"","overlay-type":"","overlay-color":"","overlay-opacity":"","overlay-gradient":""},"mobile":{"background-color":"var(--ast-global-color-5)","background-image":"","background-repeat":"repeat","background-position":"center center","background-size":"auto","background-attachment":"scroll","background-type":"","background-media":"","overlay-type":"","overlay-color":"","overlay-opacity":"","overlay-gradient":""}},"footnotes":""},"categories":[1,29],"tags":[],"class_list":["post-9450","post","type-post","status-publish","format-standard","hentry","category-bloctarres","category-portada"],"post_mailing_queue_ids":[],"_links":{"self":[{"href":"https:\/\/agora.xtec.cat\/col-tarres\/wp-json\/wp\/v2\/posts\/9450","targetHints":{"allow":["GET"]}}],"collection":[{"href":"https:\/\/agora.xtec.cat\/col-tarres\/wp-json\/wp\/v2\/posts"}],"about":[{"href":"https:\/\/agora.xtec.cat\/col-tarres\/wp-json\/wp\/v2\/types\/post"}],"author":[{"embeddable":true,"href":"https:\/\/agora.xtec.cat\/col-tarres\/wp-json\/wp\/v2\/users\/8"}],"replies":[{"embeddable":true,"href":"https:\/\/agora.xtec.cat\/col-tarres\/wp-json\/wp\/v2\/comments?post=9450"}],"version-history":[{"count":3,"href":"https:\/\/agora.xtec.cat\/col-tarres\/wp-json\/wp\/v2\/posts\/9450\/revisions"}],"predecessor-version":[{"id":14160,"href":"https:\/\/agora.xtec.cat\/col-tarres\/wp-json\/wp\/v2\/posts\/9450\/revisions\/14160"}],"wp:attachment":[{"href":"https:\/\/agora.xtec.cat\/col-tarres\/wp-json\/wp\/v2\/media?parent=9450"}],"wp:term":[{"taxonomy":"category","embeddable":true,"href":"https:\/\/agora.xtec.cat\/col-tarres\/wp-json\/wp\/v2\/categories?post=9450"},{"taxonomy":"post_tag","embeddable":true,"href":"https:\/\/agora.xtec.cat\/col-tarres\/wp-json\/wp\/v2\/tags?post=9450"}],"curies":[{"name":"wp","href":"https:\/\/api.w.org\/{rel}","templated":true}]}}