{"id":9346,"date":"2017-11-23T16:01:52","date_gmt":"2017-11-23T15:01:52","guid":{"rendered":"http:\/\/agora.xtec.cat\/col-tarres\/?p=9346"},"modified":"2017-11-23T16:02:40","modified_gmt":"2017-11-23T15:02:40","slug":"pablo-ruiz-picasso-art-al-cicle-superior-de-primaria","status":"publish","type":"post","link":"https:\/\/agora.xtec.cat\/col-tarres\/portada\/pablo-ruiz-picasso-art-al-cicle-superior-de-primaria\/","title":{"rendered":"Pablo Ru\u00edz Picasso. Art al Cicle Superior de Prim\u00e0ria"},"content":{"rendered":"<p>Des que va comen\u00e7ar el curs, els nens i les nenes de Cicle Superior de Prim\u00e0ria estan treballant\u00a0 l&#8217;obra de Pablo Ru\u00edz Picasso. Al con\u00e8ixer els seus or\u00edgens, han vist que va n\u00e9ixer a M\u00e0laga per\u00f2 que Barcelona va ser la ciutat on ell va trobar artistes i intel\u00b7lectuals que van influenciar fortament en la seva vida i en la seva producci\u00f3 art\u00edstica.<\/p>\n<p>El Museu Picasso ha presentat dins el seu programa educatiu, la possibilitat de realitzar uns tallers molt interessants sobre l&#8217;obra de l&#8217;autor. Els nens i les nenes de 5\u00e8 i 6\u00e8 han participat en el que porta el nom de &#8221; Em veus, et veig&#8230;&#8221;<\/p>\n<p>L&#8217;establiment Els 4 Gats celebra aquest any el seu 120 aniversari. Els nens i les nenes de Cicle Superior han elaborat dissenys ben diversos per a la carta d&#8217;aquest restaurant. Picasso va fer el mateix quan era tamb\u00e9 molt jove. Aquests treballs els han regalat a la Fundaci\u00f3 Ferr\u00e9 que gestiona aquest local. La S\u00edlvia Ferr\u00e9 ens va rebre i va agrair i felicitar\u00a0 tothom per les aportacions art\u00edstiques. En breu podreu veure-les publicades a la web de Els 4 Gats i Escola Tarr\u00e9s.<\/p>\n<p>Si voleu gaudir d&#8217;algunes de les obres realitzades pels alumnes i de les imatges de la sortida a Barcelona, aneu a la galeria d&#8217;imatges.<\/p>\n<p>&nbsp;<\/p>\n<p>&nbsp;<\/p>\n<p>&nbsp;<\/p>\n","protected":false},"excerpt":{"rendered":"<p>Des que va comen\u00e7ar el curs, els nens i les nenes de Cicle Superior de Prim\u00e0ria estan treballant\u00a0 l&#8217;obra de [&hellip;]<\/p>\n","protected":false},"author":6,"featured_media":0,"comment_status":"open","ping_status":"closed","sticky":false,"template":"","format":"standard","meta":{"_bbp_topic_count":0,"_bbp_reply_count":0,"_bbp_total_topic_count":0,"_bbp_total_reply_count":0,"_bbp_voice_count":0,"_bbp_anonymous_reply_count":0,"_bbp_topic_count_hidden":0,"_bbp_reply_count_hidden":0,"_bbp_forum_subforum_count":0,"site-sidebar-layout":"default","site-content-layout":"","ast-site-content-layout":"","site-content-style":"default","site-sidebar-style":"default","ast-global-header-display":"","ast-banner-title-visibility":"","ast-main-header-display":"","ast-hfb-above-header-display":"","ast-hfb-below-header-display":"","ast-hfb-mobile-header-display":"","site-post-title":"","ast-breadcrumbs-content":"","ast-featured-img":"","footer-sml-layout":"","theme-transparent-header-meta":"","adv-header-id-meta":"","stick-header-meta":"","header-above-stick-meta":"","header-main-stick-meta":"","header-below-stick-meta":"","astra-migrate-meta-layouts":"default","ast-page-background-enabled":"default","ast-page-background-meta":{"desktop":{"background-color":"var(--ast-global-color-4)","background-image":"","background-repeat":"repeat","background-position":"center center","background-size":"auto","background-attachment":"scroll","background-type":"","background-media":"","overlay-type":"","overlay-color":"","overlay-opacity":"","overlay-gradient":""},"tablet":{"background-color":"","background-image":"","background-repeat":"repeat","background-position":"center center","background-size":"auto","background-attachment":"scroll","background-type":"","background-media":"","overlay-type":"","overlay-color":"","overlay-opacity":"","overlay-gradient":""},"mobile":{"background-color":"","background-image":"","background-repeat":"repeat","background-position":"center center","background-size":"auto","background-attachment":"scroll","background-type":"","background-media":"","overlay-type":"","overlay-color":"","overlay-opacity":"","overlay-gradient":""}},"ast-content-background-meta":{"desktop":{"background-color":"var(--ast-global-color-5)","background-image":"","background-repeat":"repeat","background-position":"center center","background-size":"auto","background-attachment":"scroll","background-type":"","background-media":"","overlay-type":"","overlay-color":"","overlay-opacity":"","overlay-gradient":""},"tablet":{"background-color":"var(--ast-global-color-5)","background-image":"","background-repeat":"repeat","background-position":"center center","background-size":"auto","background-attachment":"scroll","background-type":"","background-media":"","overlay-type":"","overlay-color":"","overlay-opacity":"","overlay-gradient":""},"mobile":{"background-color":"var(--ast-global-color-5)","background-image":"","background-repeat":"repeat","background-position":"center center","background-size":"auto","background-attachment":"scroll","background-type":"","background-media":"","overlay-type":"","overlay-color":"","overlay-opacity":"","overlay-gradient":""}},"footnotes":""},"categories":[29],"tags":[],"class_list":["post-9346","post","type-post","status-publish","format-standard","hentry","category-portada"],"post_mailing_queue_ids":[],"_links":{"self":[{"href":"https:\/\/agora.xtec.cat\/col-tarres\/wp-json\/wp\/v2\/posts\/9346","targetHints":{"allow":["GET"]}}],"collection":[{"href":"https:\/\/agora.xtec.cat\/col-tarres\/wp-json\/wp\/v2\/posts"}],"about":[{"href":"https:\/\/agora.xtec.cat\/col-tarres\/wp-json\/wp\/v2\/types\/post"}],"author":[{"embeddable":true,"href":"https:\/\/agora.xtec.cat\/col-tarres\/wp-json\/wp\/v2\/users\/6"}],"replies":[{"embeddable":true,"href":"https:\/\/agora.xtec.cat\/col-tarres\/wp-json\/wp\/v2\/comments?post=9346"}],"version-history":[{"count":2,"href":"https:\/\/agora.xtec.cat\/col-tarres\/wp-json\/wp\/v2\/posts\/9346\/revisions"}],"predecessor-version":[{"id":9348,"href":"https:\/\/agora.xtec.cat\/col-tarres\/wp-json\/wp\/v2\/posts\/9346\/revisions\/9348"}],"wp:attachment":[{"href":"https:\/\/agora.xtec.cat\/col-tarres\/wp-json\/wp\/v2\/media?parent=9346"}],"wp:term":[{"taxonomy":"category","embeddable":true,"href":"https:\/\/agora.xtec.cat\/col-tarres\/wp-json\/wp\/v2\/categories?post=9346"},{"taxonomy":"post_tag","embeddable":true,"href":"https:\/\/agora.xtec.cat\/col-tarres\/wp-json\/wp\/v2\/tags?post=9346"}],"curies":[{"name":"wp","href":"https:\/\/api.w.org\/{rel}","templated":true}]}}