{"id":554,"date":"2016-09-09T12:31:25","date_gmt":"2016-09-09T10:31:25","guid":{"rendered":"http:\/\/agora.xtec.cat\/col-tarres\/?p=554"},"modified":"2019-01-26T15:35:46","modified_gmt":"2019-01-26T14:35:46","slug":"reconeixement-als-estudiants-de-la-ciutat-amb-millors-notes-a-la-selectivitat","status":"publish","type":"post","link":"https:\/\/agora.xtec.cat\/col-tarres\/eso\/reconeixement-als-estudiants-de-la-ciutat-amb-millors-notes-a-la-selectivitat\/","title":{"rendered":"Reconeixemet als estudiants de la ciutat amb millors notes a la selectivitat"},"content":{"rendered":"<p style=\"text-align: left;\"><img loading=\"lazy\" decoding=\"async\" class=\"alignleft\" src=\"http:\/\/escolatarres.com\/images\/stories\/4.jpg\" width=\"344\" height=\"229\" \/>El passat 12 de juliol a les sis de la tarda es va celebrar al Sal\u00f3 de Plens de l\u2019Ajuntament de Sabadell l\u2019acte de reconeixement als estudiants amb millors notes d\u2019Acc\u00e9s a la Universitat de Sabadell. Quinze estudiants de diferents<\/p>\n<p style=\"text-align: left;\">centres de la ciutat varen veure reconegut el seu esfor\u00e7 en un acte presidit per l\u2019alcalde Juli Fern\u00e1ndez i el regidor d\u2019Educaci\u00f3 Joan Berlanga, amb la participaci\u00f3 dels familiars dels homenatjats i la representaci\u00f3 dels equips docents dels diferents centres.<\/p>\n<p style=\"text-align: left;\"><strong>Un exalumne de l\u2019Escola Tarr\u00e9s, Oriol Sors<\/strong>, va rebre el reconeixement. Li volem fer arribar la nostra m\u00e9s sincera felicitaci\u00f3 de part de tot el professorat de l&#8217;Escola.<\/p>\n<p style=\"text-align: left;\">Aprofitem tamb\u00e9 per felicitar a les altres dues exalumnes del Tarr\u00e9s que han tret una mitjana de Matr\u00edcula d&#8217;Honor al Batxillerat, <strong>Marina Aymerich<\/strong>\u00a0i <strong>Anna Armend\u00e1riz<\/strong>.<\/p>\n<p style=\"text-align: left;\"><a href=\"http:\/\/www.sabadell.cat\/ca\/noticies-municipals\/55059-recepcio-dels-alumnes-que-han-obtingut-les-millors-notes-finals-d-acces-a-la-universitat\" target=\"_blank\" rel=\"noopener\">Aqu\u00ed<\/a> podeu veure la not\u00edcia a la p\u00e0gina web de l&#8217;Ajuntament.<\/p>\n","protected":false},"excerpt":{"rendered":"<p>El passat 12 de juliol a les sis de la tarda es va celebrar al Sal\u00f3 de Plens de l\u2019Ajuntament [&hellip;]<\/p>\n","protected":false},"author":4,"featured_media":555,"comment_status":"open","ping_status":"closed","sticky":false,"template":"","format":"standard","meta":{"_bbp_topic_count":0,"_bbp_reply_count":0,"_bbp_total_topic_count":0,"_bbp_total_reply_count":0,"_bbp_voice_count":0,"_bbp_anonymous_reply_count":0,"_bbp_topic_count_hidden":0,"_bbp_reply_count_hidden":0,"_bbp_forum_subforum_count":0,"site-sidebar-layout":"default","site-content-layout":"","ast-site-content-layout":"","site-content-style":"default","site-sidebar-style":"default","ast-global-header-display":"","ast-banner-title-visibility":"","ast-main-header-display":"","ast-hfb-above-header-display":"","ast-hfb-below-header-display":"","ast-hfb-mobile-header-display":"","site-post-title":"","ast-breadcrumbs-content":"","ast-featured-img":"","footer-sml-layout":"","theme-transparent-header-meta":"","adv-header-id-meta":"","stick-header-meta":"","header-above-stick-meta":"","header-main-stick-meta":"","header-below-stick-meta":"","astra-migrate-meta-layouts":"default","ast-page-background-enabled":"default","ast-page-background-meta":{"desktop":{"background-color":"var(--ast-global-color-4)","background-image":"","background-repeat":"repeat","background-position":"center center","background-size":"auto","background-attachment":"scroll","background-type":"","background-media":"","overlay-type":"","overlay-color":"","overlay-opacity":"","overlay-gradient":""},"tablet":{"background-color":"","background-image":"","background-repeat":"repeat","background-position":"center center","background-size":"auto","background-attachment":"scroll","background-type":"","background-media":"","overlay-type":"","overlay-color":"","overlay-opacity":"","overlay-gradient":""},"mobile":{"background-color":"","background-image":"","background-repeat":"repeat","background-position":"center center","background-size":"auto","background-attachment":"scroll","background-type":"","background-media":"","overlay-type":"","overlay-color":"","overlay-opacity":"","overlay-gradient":""}},"ast-content-background-meta":{"desktop":{"background-color":"var(--ast-global-color-5)","background-image":"","background-repeat":"repeat","background-position":"center center","background-size":"auto","background-attachment":"scroll","background-type":"","background-media":"","overlay-type":"","overlay-color":"","overlay-opacity":"","overlay-gradient":""},"tablet":{"background-color":"var(--ast-global-color-5)","background-image":"","background-repeat":"repeat","background-position":"center center","background-size":"auto","background-attachment":"scroll","background-type":"","background-media":"","overlay-type":"","overlay-color":"","overlay-opacity":"","overlay-gradient":""},"mobile":{"background-color":"var(--ast-global-color-5)","background-image":"","background-repeat":"repeat","background-position":"center center","background-size":"auto","background-attachment":"scroll","background-type":"","background-media":"","overlay-type":"","overlay-color":"","overlay-opacity":"","overlay-gradient":""}},"footnotes":""},"categories":[29,3],"tags":[],"class_list":["post-554","post","type-post","status-publish","format-standard","has-post-thumbnail","hentry","category-portada","category-eso"],"post_mailing_queue_ids":[],"_links":{"self":[{"href":"https:\/\/agora.xtec.cat\/col-tarres\/wp-json\/wp\/v2\/posts\/554","targetHints":{"allow":["GET"]}}],"collection":[{"href":"https:\/\/agora.xtec.cat\/col-tarres\/wp-json\/wp\/v2\/posts"}],"about":[{"href":"https:\/\/agora.xtec.cat\/col-tarres\/wp-json\/wp\/v2\/types\/post"}],"author":[{"embeddable":true,"href":"https:\/\/agora.xtec.cat\/col-tarres\/wp-json\/wp\/v2\/users\/4"}],"replies":[{"embeddable":true,"href":"https:\/\/agora.xtec.cat\/col-tarres\/wp-json\/wp\/v2\/comments?post=554"}],"version-history":[{"count":2,"href":"https:\/\/agora.xtec.cat\/col-tarres\/wp-json\/wp\/v2\/posts\/554\/revisions"}],"predecessor-version":[{"id":10574,"href":"https:\/\/agora.xtec.cat\/col-tarres\/wp-json\/wp\/v2\/posts\/554\/revisions\/10574"}],"wp:featuredmedia":[{"embeddable":true,"href":"https:\/\/agora.xtec.cat\/col-tarres\/wp-json\/wp\/v2\/media\/555"}],"wp:attachment":[{"href":"https:\/\/agora.xtec.cat\/col-tarres\/wp-json\/wp\/v2\/media?parent=554"}],"wp:term":[{"taxonomy":"category","embeddable":true,"href":"https:\/\/agora.xtec.cat\/col-tarres\/wp-json\/wp\/v2\/categories?post=554"},{"taxonomy":"post_tag","embeddable":true,"href":"https:\/\/agora.xtec.cat\/col-tarres\/wp-json\/wp\/v2\/tags?post=554"}],"curies":[{"name":"wp","href":"https:\/\/api.w.org\/{rel}","templated":true}]}}