{"id":19714,"date":"2026-02-27T09:30:00","date_gmt":"2026-02-27T08:30:00","guid":{"rendered":"https:\/\/agora.xtec.cat\/col-tarres\/?p=19714"},"modified":"2026-02-27T12:05:34","modified_gmt":"2026-02-27T11:05:34","slug":"concertada-ilp-2026","status":"publish","type":"post","link":"https:\/\/agora.xtec.cat\/col-tarres\/bloctarres\/concertada-ilp-2026\/","title":{"rendered":"L\u2019escola concertada uneix fam\u00edlies, sindicats i patronals per exigir la millora del finan\u00e7ament"},"content":{"rendered":"\n<p>Malgrat que l\u2019educaci\u00f3 gratu\u00efta \u00e9s un dret recollit a les diferents lleis educatives, les fam\u00edlies que heu optat per una escola concertada heu de compensar&nbsp;econ\u00f2micament all\u00f2 que no paga l\u2019Administraci\u00f3. Aix\u00f2 comporta un tracte desigual i limita la possibilitat de triar escola.<\/p>\n\n\n\n<p>L\u2019escola concertada est\u00e0 patint un infrafinan\u00e7ament cr\u00f2nic de recursos, tant materials com professionals. <strong>Caldrien 400 milions d&#8217;euros per fer un sistema equiparable a l&#8217;escola p\u00fablica<\/strong>. El darrer pressupost del Departament d\u2019Educaci\u00f3 supera els 7.500 milions. En 3 anys ha augmentat <strong>1.775 milions<\/strong>, per\u00f2<strong> nom\u00e9s un 10% d\u2019aquest increment s\u2019ha destinat a l\u2019escola concertada<\/strong>, tot i representar prop del <strong>30% del sistema educatiu catal\u00e0<\/strong>.<\/p>\n\n\n\n<p>Actualment s\u2019estan tramitant els <strong>Pressupostos de la Generalitat per al 2026<\/strong> i la <a href=\"https:\/\/www.parlament.cat\/document\/actualitat\/431493288.pdf?utm_campaign=recollida-de-signatures-esmenes-ilp_general&amp;utm_medium=email&amp;utm_source=acumbamail\" target=\"_blank\" rel=\"noreferrer noopener\">Proposici\u00f3 de llei de garanties del finan\u00e7ament del sistema educatiu catal\u00e0 amb un m\u00ednim del 6% del PIB per a l&#8217;Educaci\u00f3<\/a>, una llei que ara mateix <strong>nom\u00e9s preveu el finan\u00e7ament de l\u2019escola p\u00fablica obviant l\u2019escola concertada<\/strong>.<\/p>\n\n\n\n<p>Fam\u00edlies, sindicats i patronals de l\u2019escola d\u2019iniciativa social ens hem unit per presentar <a href=\"https:\/\/www.escoladelagent.org\/wp-content\/uploads\/2026\/02\/ESMENES-PROP-LLEI-EDUCACIO-v20260225-PDF-1.pdf\">esmenes <\/a>a aquesta proposta de llei: defensem que l\u2019increment de finan\u00e7ament previst a la proposici\u00f3 de llei repercuteixi en tots els centres del Servei d\u2019Educaci\u00f3 de Catalunya (SEC), tant p\u00fablics com concertats. Entre d\u2019altres aportacions, el sector reclamem:<\/p>\n\n\n\n<ol class=\"wp-block-list\">\n<li>Un <strong>finan\u00e7ament suficient<\/strong> per garantir la gratu\u00eftat de l\u2019escola concertada per a les fam\u00edlies,<\/li>\n\n\n\n<li>Un<strong> increment de la plantilla<\/strong> (congelada des de 1995), per equiparar-la a la del sector p\u00fablic, <\/li>\n\n\n\n<li>L\u2019<strong>homologaci\u00f3 retributiva<\/strong> i de condicions de treball de tot el seu personal.<\/li>\n<\/ol>\n\n\n\n<p>\u00c9s per aix\u00f2 que hem engegat una campanya de recollida de signatures per millorar el finan\u00e7ament de l\u2019escola concertada i poder disposar dels mateixos recursos humans i materials que l\u2019escola p\u00fablica.<\/p>\n\n\n\n<p>Us demanem doncs que us adheriu a la campanya \u201c<strong>Defensem l\u2019escola concertada<\/strong>\u201d. Les adhesions es poden fer digitalment a trav\u00e9s del formulari que trobareu a la p\u00e0gina web seg\u00fcent fins al 19 de mar\u00e7:<\/p>\n\n\n\n<div class=\"wp-block-buttons is-content-justification-center is-layout-flex wp-container-core-buttons-is-layout-1 wp-block-buttons-is-layout-flex\">\n<div class=\"wp-block-button\"><a class=\"wp-block-button__link wp-element-button\" href=\"http:\/\/www.escoladelagent.org\" target=\"_blank\" rel=\"noreferrer noopener\">Signa per l&#8217;escola concertada!<\/a><\/div>\n<\/div>\n\n\n\n<p>L&#8217;educaci\u00f3 concertada representa 677 escoles, 340 mil alumnes i 30 mil treballadors. Les entitats impulsores d\u2019aquesta iniciativa, s\u00f3n:<\/p>\n\n\n\n<ul class=\"wp-block-list\">\n<li><strong>Fam\u00edlies<\/strong>: Confederaci\u00f3 Cristiana d&#8217;Associacions de Pares i Mares d&#8217;Alumnes de Catalunya (CCAPAC) i Federaci\u00f3 d&#8217;Associacions de Pares i Mares d&#8217;Escoles Lliures de Catalunya (FAPEL).<\/li>\n\n\n\n<li><strong>Sindicats i docents<\/strong>: Federaci\u00f3 d\u2019Ensenyament de la USOC (FEUSOC) i Associaci\u00f3 de professors de les Escoles Cristianes de Catalunya (APECC).<\/li>\n\n\n\n<li><strong>Patronals<\/strong>: Agrupaci\u00f3 Escolar Catalana (AEC), Associaci\u00f3 Professional Serveis Educatius de Catalunya (APSEC), Confederaci\u00f3 de Centres Aut\u00f2noms d\u2019Ensenyament de Catalunya (CCAEC), Federaci\u00f3 Catalana de Centres d\u2019Ensenyament (FECACEN) i Fundaci\u00f3 Escola Cristiana de Catalunya (FECC).<\/li>\n<\/ul>\n\n\n\n<p><\/p>\n\n\n\n<p><em>Barcelona, a 25 de febrer de 2026<\/em><\/p>\n\n\n\n<div class=\"wp-block-columns is-layout-flex wp-container-core-columns-is-layout-1 wp-block-columns-is-layout-flex\">\n<div class=\"wp-block-column is-layout-flow wp-block-column-is-layout-flow\">\n<figure class=\"wp-block-image size-large\"><a href=\"https:\/\/agora.xtec.cat\/col-tarres\/wp-content\/uploads\/usu1585\/2026\/02\/HCGqfFZWkAAhw-7.jpg\"><img loading=\"lazy\" decoding=\"async\" width=\"819\" height=\"1024\" src=\"https:\/\/agora.xtec.cat\/col-tarres\/wp-content\/uploads\/usu1585\/2026\/02\/HCGqfFZWkAAhw-7-819x1024.jpg\" alt=\"\" class=\"wp-image-19724\" srcset=\"https:\/\/agora.xtec.cat\/col-tarres\/wp-content\/uploads\/usu1585\/2026\/02\/HCGqfFZWkAAhw-7-819x1024.jpg 819w, https:\/\/agora.xtec.cat\/col-tarres\/wp-content\/uploads\/usu1585\/2026\/02\/HCGqfFZWkAAhw-7-240x300.jpg 240w, https:\/\/agora.xtec.cat\/col-tarres\/wp-content\/uploads\/usu1585\/2026\/02\/HCGqfFZWkAAhw-7-768x960.jpg 768w, https:\/\/agora.xtec.cat\/col-tarres\/wp-content\/uploads\/usu1585\/2026\/02\/HCGqfFZWkAAhw-7.jpg 1080w\" sizes=\"auto, (max-width: 819px) 100vw, 819px\" \/><\/a><\/figure>\n<\/div>\n\n\n\n<div class=\"wp-block-column is-layout-flow wp-block-column-is-layout-flow\">\n<h4 class=\"wp-block-heading\">Qu\u00e8 n&#8217;ha dit la premsa?<\/h4>\n\n\n\n<div class=\"wp-block-buttons is-layout-flex wp-block-buttons-is-layout-flex\">\n<div class=\"wp-block-button\"><a class=\"wp-block-button__link wp-element-button\" href=\"https:\/\/www.agrescat.cat\/admin\/index.php?pagina=descargar&amp;doc=2091_ara_26-468.png&amp;linial=true\">La concertada s&#8217;alia (Diari ARA)<\/a><\/div>\n\n\n\n<div class=\"wp-block-button\"><a class=\"wp-block-button__link wp-element-button\" href=\"https:\/\/www.agrescat.cat\/admin\/index.php?pagina=descargar&amp;doc=2094_pa_26-468.pdf&amp;linial=true\">La concertada denuncia la falta de finan\u00e7ament (El Pa\u00eds)<\/a><\/div>\n\n\n\n<div class=\"wp-block-button\"><a class=\"wp-block-button__link wp-element-button\" href=\"https:\/\/www.agrescat.cat\/admin\/index.php?pagina=descargar&amp;doc=2099_lv_26-468.pdf&amp;linial=true\">La concertada llan\u00e7a un SOS (La Vanguardia 1 )<\/a><\/div>\n\n\n\n<div class=\"wp-block-button\"><a class=\"wp-block-button__link wp-element-button\" href=\"https:\/\/www.agrescat.cat\/admin\/index.php?pagina=descargar&amp;doc=2100_lv_26-468.pdf&amp;linial=true\">La concertada llan\u00e7a un SOS (La Vanguardia 2)<\/a><\/div>\n<\/div>\n<\/div>\n<\/div>\n","protected":false},"excerpt":{"rendered":"<p>Malgrat que l\u2019educaci\u00f3 gratu\u00efta \u00e9s un dret recollit a les diferents lleis educatives, les fam\u00edlies que heu optat per una [&hellip;]<\/p>\n","protected":false},"author":8,"featured_media":19730,"comment_status":"open","ping_status":"open","sticky":false,"template":"","format":"standard","meta":{"_bbp_topic_count":0,"_bbp_reply_count":0,"_bbp_total_topic_count":0,"_bbp_total_reply_count":0,"_bbp_voice_count":0,"_bbp_anonymous_reply_count":0,"_bbp_topic_count_hidden":0,"_bbp_reply_count_hidden":0,"_bbp_forum_subforum_count":0,"site-sidebar-layout":"default","site-content-layout":"","ast-site-content-layout":"default","site-content-style":"default","site-sidebar-style":"default","ast-global-header-display":"","ast-banner-title-visibility":"","ast-main-header-display":"","ast-hfb-above-header-display":"","ast-hfb-below-header-display":"","ast-hfb-mobile-header-display":"","site-post-title":"","ast-breadcrumbs-content":"","ast-featured-img":"","footer-sml-layout":"","theme-transparent-header-meta":"","adv-header-id-meta":"","stick-header-meta":"","header-above-stick-meta":"","header-main-stick-meta":"","header-below-stick-meta":"","astra-migrate-meta-layouts":"set","ast-page-background-enabled":"default","ast-page-background-meta":{"desktop":{"background-color":"var(--ast-global-color-4)","background-image":"","background-repeat":"repeat","background-position":"center center","background-size":"auto","background-attachment":"scroll","background-type":"","background-media":"","overlay-type":"","overlay-color":"","overlay-opacity":"","overlay-gradient":""},"tablet":{"background-color":"","background-image":"","background-repeat":"repeat","background-position":"center center","background-size":"auto","background-attachment":"scroll","background-type":"","background-media":"","overlay-type":"","overlay-color":"","overlay-opacity":"","overlay-gradient":""},"mobile":{"background-color":"","background-image":"","background-repeat":"repeat","background-position":"center center","background-size":"auto","background-attachment":"scroll","background-type":"","background-media":"","overlay-type":"","overlay-color":"","overlay-opacity":"","overlay-gradient":""}},"ast-content-background-meta":{"desktop":{"background-color":"var(--ast-global-color-5)","background-image":"","background-repeat":"repeat","background-position":"center center","background-size":"auto","background-attachment":"scroll","background-type":"","background-media":"","overlay-type":"","overlay-color":"","overlay-opacity":"","overlay-gradient":""},"tablet":{"background-color":"var(--ast-global-color-5)","background-image":"","background-repeat":"repeat","background-position":"center center","background-size":"auto","background-attachment":"scroll","background-type":"","background-media":"","overlay-type":"","overlay-color":"","overlay-opacity":"","overlay-gradient":""},"mobile":{"background-color":"var(--ast-global-color-5)","background-image":"","background-repeat":"repeat","background-position":"center center","background-size":"auto","background-attachment":"scroll","background-type":"","background-media":"","overlay-type":"","overlay-color":"","overlay-opacity":"","overlay-gradient":""}},"footnotes":""},"categories":[1,29],"tags":[],"class_list":["post-19714","post","type-post","status-publish","format-standard","has-post-thumbnail","hentry","category-bloctarres","category-portada"],"post_mailing_queue_ids":[],"_links":{"self":[{"href":"https:\/\/agora.xtec.cat\/col-tarres\/wp-json\/wp\/v2\/posts\/19714","targetHints":{"allow":["GET"]}}],"collection":[{"href":"https:\/\/agora.xtec.cat\/col-tarres\/wp-json\/wp\/v2\/posts"}],"about":[{"href":"https:\/\/agora.xtec.cat\/col-tarres\/wp-json\/wp\/v2\/types\/post"}],"author":[{"embeddable":true,"href":"https:\/\/agora.xtec.cat\/col-tarres\/wp-json\/wp\/v2\/users\/8"}],"replies":[{"embeddable":true,"href":"https:\/\/agora.xtec.cat\/col-tarres\/wp-json\/wp\/v2\/comments?post=19714"}],"version-history":[{"count":6,"href":"https:\/\/agora.xtec.cat\/col-tarres\/wp-json\/wp\/v2\/posts\/19714\/revisions"}],"predecessor-version":[{"id":19737,"href":"https:\/\/agora.xtec.cat\/col-tarres\/wp-json\/wp\/v2\/posts\/19714\/revisions\/19737"}],"wp:featuredmedia":[{"embeddable":true,"href":"https:\/\/agora.xtec.cat\/col-tarres\/wp-json\/wp\/v2\/media\/19730"}],"wp:attachment":[{"href":"https:\/\/agora.xtec.cat\/col-tarres\/wp-json\/wp\/v2\/media?parent=19714"}],"wp:term":[{"taxonomy":"category","embeddable":true,"href":"https:\/\/agora.xtec.cat\/col-tarres\/wp-json\/wp\/v2\/categories?post=19714"},{"taxonomy":"post_tag","embeddable":true,"href":"https:\/\/agora.xtec.cat\/col-tarres\/wp-json\/wp\/v2\/tags?post=19714"}],"curies":[{"name":"wp","href":"https:\/\/api.w.org\/{rel}","templated":true}]}}