{"id":19675,"date":"2026-02-23T16:41:10","date_gmt":"2026-02-23T15:41:10","guid":{"rendered":"https:\/\/agora.xtec.cat\/col-tarres\/?p=19675"},"modified":"2026-02-23T18:05:02","modified_gmt":"2026-02-23T17:05:02","slug":"setmana-de-carnaval-2026","status":"publish","type":"post","link":"https:\/\/agora.xtec.cat\/col-tarres\/bloctarres\/setmana-de-carnaval-2026\/","title":{"rendered":"Setmana de Carnaval (Infantil i Prim\u00e0ria)"},"content":{"rendered":"\n<p>La <strong>setmana de Carnaval<\/strong> va ser ben divertida a l&#8217;Escola! Cada dia tots els infants d&#8217;Infantil i Prim\u00e0ria v\u00e0rem seguir les consignes que ens havia fet arribar el <strong>Rei Carnestoltes<\/strong>.<\/p>\n\n\n\n<p>El primer dia de la setmana, dilluns a la tarda, l\u2019alumnat de&nbsp;<strong>4t<\/strong> <strong>de Prim\u00e0ria<\/strong>&nbsp;i d&#8217;<strong>Inf-3<\/strong>, vam tenir una nova trobada entre <strong>Padrins i Fillols<\/strong>: vam&nbsp;fer un <strong>taller de&nbsp;maquillatge<\/strong>&nbsp;de cares de Carnaval. Podeu veure la trobada de Padrins i Fillols clicant <a href=\"https:\/\/drive.google.com\/drive\/folders\/1_wbQ4rHzcKv0ouXGQton2Bu6OOTvgsbV?usp=drive_link\">aqu\u00ed <\/a>(I3) o&nbsp;<a href=\"https:\/\/drive.google.com\/drive\/u\/4\/folders\/1IDRJzqKf6yBTJQLDVNQIyHuNFg2ds3By\" data-type=\"link\" data-id=\"https:\/\/drive.google.com\/drive\/u\/4\/folders\/1IDRJzqKf6yBTJQLDVNQIyHuNFg2ds3By\">aqu\u00ed&nbsp;<\/a>(4t).<\/p>\n\n\n\n<p>Malauradament,  aquest any no vam poder celebrar el <strong>Dijous Gras <\/strong>a les places i parcs propers a l&#8217;Escola,  a causa del vent, per\u00f2 s\u00ed que vam poder-lo celebrar el dia seg\u00fcent, divendres, tot esmorzant amb la companyia de <strong>Padrins i Fillols<\/strong>: pa de pag\u00e8s sucat amb tom\u00e0quet i amb un bon rajol\u00ed d\u2019oli d\u2019oliva, <strong>truita <\/strong>de patata i <strong>botifarra d\u2019ou<\/strong>. Les fam\u00edlies d&#8217;<strong>Infantil <\/strong>podeu veure les fotografies de l&#8217;esmorzar <a href=\"https:\/\/drive.google.com\/drive\/folders\/1SYzjrC04KisTpzCyKIZc98O0Y7fIDHtA?usp=sharing\">prement aqu\u00ed.<\/a><\/p>\n\n\n\n<p>Divendres era dia per anar ben <strong>disfressats<\/strong>: pirates, princeses, gossos, superherois i superhero\u00efnes, bruixes i bruixots, persones de diferents oficis\u2026<\/p>\n\n\n\n<p>Per culpa de la pluja no vam poder sortir a fer la tradicional rua pels voltants de l&#8217;Escola per compartir aquesta festa amb les fam\u00edlies. Va tocar celebrar-ho dins de l&#8217;Escola, aix\u00f2 s\u00ed, amb la companyia i ritme de la <strong>batucada<\/strong> dels <strong>Diables de la Creu Alta<\/strong>, fent balls i desfilades!<\/p>\n\n\n\n<p>Per veure les fotografies de la tarda de Carnaval, <a href=\"https:\/\/drive.google.com\/drive\/folders\/1XtUBTkccgYFOvzoXDi9CXsG_6CwTSjOy?usp=sharing\">cliqueu aqu\u00ed.<\/a><\/p>\n\n\n\n<p><em>Fins a l\u2019any que ve, Carnestoltes!<\/em><\/p>\n\n\n\n<figure class=\"wp-block-image aligncenter size-large is-resized\"><a href=\"https:\/\/agora.xtec.cat\/col-tarres\/wp-content\/uploads\/usu1585\/2026\/02\/IMG_0327-scaled.jpg\"><img loading=\"lazy\" decoding=\"async\" width=\"1024\" height=\"691\" src=\"https:\/\/agora.xtec.cat\/col-tarres\/wp-content\/uploads\/usu1585\/2026\/02\/IMG_0327-1024x691.jpg\" alt=\"\" class=\"wp-image-19686\" style=\"width:453px;height:auto\" srcset=\"https:\/\/agora.xtec.cat\/col-tarres\/wp-content\/uploads\/usu1585\/2026\/02\/IMG_0327-1024x691.jpg 1024w, https:\/\/agora.xtec.cat\/col-tarres\/wp-content\/uploads\/usu1585\/2026\/02\/IMG_0327-300x202.jpg 300w, https:\/\/agora.xtec.cat\/col-tarres\/wp-content\/uploads\/usu1585\/2026\/02\/IMG_0327-768x518.jpg 768w, https:\/\/agora.xtec.cat\/col-tarres\/wp-content\/uploads\/usu1585\/2026\/02\/IMG_0327-1536x1037.jpg 1536w, https:\/\/agora.xtec.cat\/col-tarres\/wp-content\/uploads\/usu1585\/2026\/02\/IMG_0327-2048x1382.jpg 2048w\" sizes=\"auto, (max-width: 1024px) 100vw, 1024px\" \/><\/a><figcaption class=\"wp-element-caption\"><em>Tarda de Carnaval<\/em>.<\/figcaption><\/figure>\n\n\n\n<figure class=\"wp-block-image aligncenter size-full is-resized\"><a href=\"https:\/\/agora.xtec.cat\/col-tarres\/wp-content\/uploads\/usu1585\/2026\/02\/Captura-de-Pantalla-2026-02-09-a-les-19.10.20.png\"><img loading=\"lazy\" decoding=\"async\" width=\"695\" height=\"420\" src=\"https:\/\/agora.xtec.cat\/col-tarres\/wp-content\/uploads\/usu1585\/2026\/02\/Captura-de-Pantalla-2026-02-09-a-les-19.10.20.png\" alt=\"\" class=\"wp-image-19676\" style=\"width:453px;height:auto\" srcset=\"https:\/\/agora.xtec.cat\/col-tarres\/wp-content\/uploads\/usu1585\/2026\/02\/Captura-de-Pantalla-2026-02-09-a-les-19.10.20.png 695w, https:\/\/agora.xtec.cat\/col-tarres\/wp-content\/uploads\/usu1585\/2026\/02\/Captura-de-Pantalla-2026-02-09-a-les-19.10.20-300x181.png 300w\" sizes=\"auto, (max-width: 695px) 100vw, 695px\" \/><\/a><figcaption class=\"wp-element-caption\"><em>Taller de maquillatge entre padrins i fillols.<\/em><\/figcaption><\/figure>\n\n\n\n<figure class=\"wp-block-image aligncenter size-large is-resized\"><a href=\"https:\/\/agora.xtec.cat\/col-tarres\/wp-content\/uploads\/usu1585\/2026\/02\/IMG_1223-1-scaled.jpg\"><img loading=\"lazy\" decoding=\"async\" width=\"1024\" height=\"768\" src=\"https:\/\/agora.xtec.cat\/col-tarres\/wp-content\/uploads\/usu1585\/2026\/02\/IMG_1223-1-1024x768.jpg\" alt=\"\" class=\"wp-image-19687\" style=\"width:468px;height:auto\" srcset=\"https:\/\/agora.xtec.cat\/col-tarres\/wp-content\/uploads\/usu1585\/2026\/02\/IMG_1223-1-1024x768.jpg 1024w, https:\/\/agora.xtec.cat\/col-tarres\/wp-content\/uploads\/usu1585\/2026\/02\/IMG_1223-1-300x225.jpg 300w, https:\/\/agora.xtec.cat\/col-tarres\/wp-content\/uploads\/usu1585\/2026\/02\/IMG_1223-1-768x576.jpg 768w, https:\/\/agora.xtec.cat\/col-tarres\/wp-content\/uploads\/usu1585\/2026\/02\/IMG_1223-1-1536x1152.jpg 1536w, https:\/\/agora.xtec.cat\/col-tarres\/wp-content\/uploads\/usu1585\/2026\/02\/IMG_1223-1-2048x1536.jpg 2048w\" sizes=\"auto, (max-width: 1024px) 100vw, 1024px\" \/><\/a><figcaption class=\"wp-element-caption\"><em>Esmorzar de Dijous Gras.<\/em><\/figcaption><\/figure>\n\n\n\n<figure class=\"wp-block-image aligncenter size-large is-resized\"><a href=\"https:\/\/agora.xtec.cat\/col-tarres\/wp-content\/uploads\/usu1585\/2026\/02\/IMG_9186-1-scaled.jpg\"><img loading=\"lazy\" decoding=\"async\" width=\"1024\" height=\"609\" src=\"https:\/\/agora.xtec.cat\/col-tarres\/wp-content\/uploads\/usu1585\/2026\/02\/IMG_9186-1-1024x609.jpg\" alt=\"\" class=\"wp-image-19689\" style=\"width:474px;height:auto\" srcset=\"https:\/\/agora.xtec.cat\/col-tarres\/wp-content\/uploads\/usu1585\/2026\/02\/IMG_9186-1-1024x609.jpg 1024w, https:\/\/agora.xtec.cat\/col-tarres\/wp-content\/uploads\/usu1585\/2026\/02\/IMG_9186-1-300x178.jpg 300w, https:\/\/agora.xtec.cat\/col-tarres\/wp-content\/uploads\/usu1585\/2026\/02\/IMG_9186-1-768x457.jpg 768w, https:\/\/agora.xtec.cat\/col-tarres\/wp-content\/uploads\/usu1585\/2026\/02\/IMG_9186-1-1536x913.jpg 1536w, https:\/\/agora.xtec.cat\/col-tarres\/wp-content\/uploads\/usu1585\/2026\/02\/IMG_9186-1-2048x1218.jpg 2048w\" sizes=\"auto, (max-width: 1024px) 100vw, 1024px\" \/><\/a><figcaption class=\"wp-element-caption\"><em>Tarda de Carnaval entre 1r, 2n i 3r de Prim\u00e0ria.<\/em><\/figcaption><\/figure>\n","protected":false},"excerpt":{"rendered":"<p>La setmana de Carnaval va ser ben divertida a l&#8217;Escola! Cada dia tots els infants d&#8217;Infantil i Prim\u00e0ria v\u00e0rem seguir [&hellip;]<\/p>\n","protected":false},"author":8,"featured_media":19686,"comment_status":"open","ping_status":"open","sticky":false,"template":"","format":"standard","meta":{"_bbp_topic_count":0,"_bbp_reply_count":0,"_bbp_total_topic_count":0,"_bbp_total_reply_count":0,"_bbp_voice_count":0,"_bbp_anonymous_reply_count":0,"_bbp_topic_count_hidden":0,"_bbp_reply_count_hidden":0,"_bbp_forum_subforum_count":0,"site-sidebar-layout":"default","site-content-layout":"","ast-site-content-layout":"default","site-content-style":"default","site-sidebar-style":"default","ast-global-header-display":"","ast-banner-title-visibility":"","ast-main-header-display":"","ast-hfb-above-header-display":"","ast-hfb-below-header-display":"","ast-hfb-mobile-header-display":"","site-post-title":"","ast-breadcrumbs-content":"","ast-featured-img":"","footer-sml-layout":"","theme-transparent-header-meta":"","adv-header-id-meta":"","stick-header-meta":"","header-above-stick-meta":"","header-main-stick-meta":"","header-below-stick-meta":"","astra-migrate-meta-layouts":"set","ast-page-background-enabled":"default","ast-page-background-meta":{"desktop":{"background-color":"var(--ast-global-color-4)","background-image":"","background-repeat":"repeat","background-position":"center center","background-size":"auto","background-attachment":"scroll","background-type":"","background-media":"","overlay-type":"","overlay-color":"","overlay-opacity":"","overlay-gradient":""},"tablet":{"background-color":"","background-image":"","background-repeat":"repeat","background-position":"center center","background-size":"auto","background-attachment":"scroll","background-type":"","background-media":"","overlay-type":"","overlay-color":"","overlay-opacity":"","overlay-gradient":""},"mobile":{"background-color":"","background-image":"","background-repeat":"repeat","background-position":"center center","background-size":"auto","background-attachment":"scroll","background-type":"","background-media":"","overlay-type":"","overlay-color":"","overlay-opacity":"","overlay-gradient":""}},"ast-content-background-meta":{"desktop":{"background-color":"var(--ast-global-color-5)","background-image":"","background-repeat":"repeat","background-position":"center center","background-size":"auto","background-attachment":"scroll","background-type":"","background-media":"","overlay-type":"","overlay-color":"","overlay-opacity":"","overlay-gradient":""},"tablet":{"background-color":"var(--ast-global-color-5)","background-image":"","background-repeat":"repeat","background-position":"center center","background-size":"auto","background-attachment":"scroll","background-type":"","background-media":"","overlay-type":"","overlay-color":"","overlay-opacity":"","overlay-gradient":""},"mobile":{"background-color":"var(--ast-global-color-5)","background-image":"","background-repeat":"repeat","background-position":"center center","background-size":"auto","background-attachment":"scroll","background-type":"","background-media":"","overlay-type":"","overlay-color":"","overlay-opacity":"","overlay-gradient":""}},"footnotes":""},"categories":[1,30,29,8],"tags":[],"class_list":["post-19675","post","type-post","status-publish","format-standard","has-post-thumbnail","hentry","category-bloctarres","category-infantil","category-portada","category-primaria"],"post_mailing_queue_ids":[],"_links":{"self":[{"href":"https:\/\/agora.xtec.cat\/col-tarres\/wp-json\/wp\/v2\/posts\/19675","targetHints":{"allow":["GET"]}}],"collection":[{"href":"https:\/\/agora.xtec.cat\/col-tarres\/wp-json\/wp\/v2\/posts"}],"about":[{"href":"https:\/\/agora.xtec.cat\/col-tarres\/wp-json\/wp\/v2\/types\/post"}],"author":[{"embeddable":true,"href":"https:\/\/agora.xtec.cat\/col-tarres\/wp-json\/wp\/v2\/users\/8"}],"replies":[{"embeddable":true,"href":"https:\/\/agora.xtec.cat\/col-tarres\/wp-json\/wp\/v2\/comments?post=19675"}],"version-history":[{"count":5,"href":"https:\/\/agora.xtec.cat\/col-tarres\/wp-json\/wp\/v2\/posts\/19675\/revisions"}],"predecessor-version":[{"id":19692,"href":"https:\/\/agora.xtec.cat\/col-tarres\/wp-json\/wp\/v2\/posts\/19675\/revisions\/19692"}],"wp:featuredmedia":[{"embeddable":true,"href":"https:\/\/agora.xtec.cat\/col-tarres\/wp-json\/wp\/v2\/media\/19686"}],"wp:attachment":[{"href":"https:\/\/agora.xtec.cat\/col-tarres\/wp-json\/wp\/v2\/media?parent=19675"}],"wp:term":[{"taxonomy":"category","embeddable":true,"href":"https:\/\/agora.xtec.cat\/col-tarres\/wp-json\/wp\/v2\/categories?post=19675"},{"taxonomy":"post_tag","embeddable":true,"href":"https:\/\/agora.xtec.cat\/col-tarres\/wp-json\/wp\/v2\/tags?post=19675"}],"curies":[{"name":"wp","href":"https:\/\/api.w.org\/{rel}","templated":true}]}}