{"id":19650,"date":"2026-02-06T14:36:10","date_gmt":"2026-02-06T13:36:10","guid":{"rendered":"https:\/\/agora.xtec.cat\/col-tarres\/?p=19650"},"modified":"2026-02-23T18:05:23","modified_gmt":"2026-02-23T17:05:23","slug":"celebracio-dia-escolar-de-la-no-violencia-i-la-pau-denip","status":"publish","type":"post","link":"https:\/\/agora.xtec.cat\/col-tarres\/bloctarres\/celebracio-dia-escolar-de-la-no-violencia-i-la-pau-denip\/","title":{"rendered":"Celebraci\u00f3 DENIP 2026"},"content":{"rendered":"\n<p>El <strong>30 de gener<\/strong> \u00e9s una data assenyalada al calendari de l\u2019Escola, ja que des de fa uns quants anys celebrem aquesta diada, <strong>reconeguda per l\u2019ONU des de 1993<\/strong>. Aquesta data commemora la mort, el <strong>30 de gener de 1948<\/strong>, de <strong>Mohandas Gandhi<\/strong>, conegut com a <em>Mahatma<\/em>, un nom que significa <em>gran \u00e0nima<\/em>.<\/p>\n\n\n\n<p>Al llarg d\u2019aquesta setmana, a totes les aules s\u2019han treballat valors com <strong>l\u2019amistat, el companyerisme i la resoluci\u00f3 pac\u00edfica dels conflictes<\/strong>, amb activitats que han ajudat l\u2019alumnat a entendre que la pau va molt m\u00e9s enll\u00e0 de la simple abs\u00e8ncia de guerres o baralles.<\/p>\n\n\n\n<p>Tot l\u2019alumnat de l\u2019Escola, des dels m\u00e9s petits (I3) fins als m\u00e9s grans (4t de secund\u00e0ria), juntament amb els docents, hem participat en l\u2019acte central de la diada. Aquest ha consistit en la construcci\u00f3 d\u2019un mur vermell, format per paraules que representaven tot all\u00f2 que volem eliminar del nostre centre, que posteriorment hem enderrocat.<br>Amb aquests mateixos maons, i des d\u2019una mirada diferent, hem creat un cam\u00ed amb paraules que promouen la bona conviv\u00e8ncia i el respecte entre tots i totes.<br>Durant l\u2019acte, tots hem cantat la can\u00e7\u00f3 \u201cLa Pau\u201d de Pau Mar\u00edn,  els nois i noies de secund\u00e0ria han llegit uns textos relacionats amb la tem\u00e0tica de la diada.  Aquesta cloenda ha unit tota l\u2019Escola en un<strong> missatge compartit de pau i amistat<\/strong>.<\/p>\n\n\n\n<p>Podeu veure les imatges <a href=\"https:\/\/drive.google.com\/drive\/folders\/1ERU3dxvgTsehixCBeNLU6J-L5iDl4rUs?usp=sharing\">aqu\u00ed.<\/a><\/p>\n\n\n\n<p>To<\/p>\n","protected":false},"excerpt":{"rendered":"<p>El 30 de gener \u00e9s una data assenyalada al calendari de l\u2019Escola, ja que des de fa uns quants anys [&hellip;]<\/p>\n","protected":false},"author":5,"featured_media":19669,"comment_status":"open","ping_status":"open","sticky":false,"template":"","format":"standard","meta":{"_bbp_topic_count":0,"_bbp_reply_count":0,"_bbp_total_topic_count":0,"_bbp_total_reply_count":0,"_bbp_voice_count":0,"_bbp_anonymous_reply_count":0,"_bbp_topic_count_hidden":0,"_bbp_reply_count_hidden":0,"_bbp_forum_subforum_count":0,"site-sidebar-layout":"default","site-content-layout":"","ast-site-content-layout":"default","site-content-style":"default","site-sidebar-style":"default","ast-global-header-display":"","ast-banner-title-visibility":"","ast-main-header-display":"","ast-hfb-above-header-display":"","ast-hfb-below-header-display":"","ast-hfb-mobile-header-display":"","site-post-title":"","ast-breadcrumbs-content":"","ast-featured-img":"","footer-sml-layout":"","theme-transparent-header-meta":"","adv-header-id-meta":"","stick-header-meta":"","header-above-stick-meta":"","header-main-stick-meta":"","header-below-stick-meta":"","astra-migrate-meta-layouts":"set","ast-page-background-enabled":"default","ast-page-background-meta":{"desktop":{"background-color":"var(--ast-global-color-4)","background-image":"","background-repeat":"repeat","background-position":"center center","background-size":"auto","background-attachment":"scroll","background-type":"","background-media":"","overlay-type":"","overlay-color":"","overlay-opacity":"","overlay-gradient":""},"tablet":{"background-color":"","background-image":"","background-repeat":"repeat","background-position":"center center","background-size":"auto","background-attachment":"scroll","background-type":"","background-media":"","overlay-type":"","overlay-color":"","overlay-opacity":"","overlay-gradient":""},"mobile":{"background-color":"","background-image":"","background-repeat":"repeat","background-position":"center center","background-size":"auto","background-attachment":"scroll","background-type":"","background-media":"","overlay-type":"","overlay-color":"","overlay-opacity":"","overlay-gradient":""}},"ast-content-background-meta":{"desktop":{"background-color":"var(--ast-global-color-5)","background-image":"","background-repeat":"repeat","background-position":"center center","background-size":"auto","background-attachment":"scroll","background-type":"","background-media":"","overlay-type":"","overlay-color":"","overlay-opacity":"","overlay-gradient":""},"tablet":{"background-color":"var(--ast-global-color-5)","background-image":"","background-repeat":"repeat","background-position":"center center","background-size":"auto","background-attachment":"scroll","background-type":"","background-media":"","overlay-type":"","overlay-color":"","overlay-opacity":"","overlay-gradient":""},"mobile":{"background-color":"var(--ast-global-color-5)","background-image":"","background-repeat":"repeat","background-position":"center center","background-size":"auto","background-attachment":"scroll","background-type":"","background-media":"","overlay-type":"","overlay-color":"","overlay-opacity":"","overlay-gradient":""}},"footnotes":""},"categories":[1,30,29,8,3],"tags":[],"class_list":["post-19650","post","type-post","status-publish","format-standard","has-post-thumbnail","hentry","category-bloctarres","category-infantil","category-portada","category-primaria","category-eso"],"post_mailing_queue_ids":[],"_links":{"self":[{"href":"https:\/\/agora.xtec.cat\/col-tarres\/wp-json\/wp\/v2\/posts\/19650","targetHints":{"allow":["GET"]}}],"collection":[{"href":"https:\/\/agora.xtec.cat\/col-tarres\/wp-json\/wp\/v2\/posts"}],"about":[{"href":"https:\/\/agora.xtec.cat\/col-tarres\/wp-json\/wp\/v2\/types\/post"}],"author":[{"embeddable":true,"href":"https:\/\/agora.xtec.cat\/col-tarres\/wp-json\/wp\/v2\/users\/5"}],"replies":[{"embeddable":true,"href":"https:\/\/agora.xtec.cat\/col-tarres\/wp-json\/wp\/v2\/comments?post=19650"}],"version-history":[{"count":4,"href":"https:\/\/agora.xtec.cat\/col-tarres\/wp-json\/wp\/v2\/posts\/19650\/revisions"}],"predecessor-version":[{"id":19693,"href":"https:\/\/agora.xtec.cat\/col-tarres\/wp-json\/wp\/v2\/posts\/19650\/revisions\/19693"}],"wp:featuredmedia":[{"embeddable":true,"href":"https:\/\/agora.xtec.cat\/col-tarres\/wp-json\/wp\/v2\/media\/19669"}],"wp:attachment":[{"href":"https:\/\/agora.xtec.cat\/col-tarres\/wp-json\/wp\/v2\/media?parent=19650"}],"wp:term":[{"taxonomy":"category","embeddable":true,"href":"https:\/\/agora.xtec.cat\/col-tarres\/wp-json\/wp\/v2\/categories?post=19650"},{"taxonomy":"post_tag","embeddable":true,"href":"https:\/\/agora.xtec.cat\/col-tarres\/wp-json\/wp\/v2\/tags?post=19650"}],"curies":[{"name":"wp","href":"https:\/\/api.w.org\/{rel}","templated":true}]}}