{"id":19442,"date":"2025-11-27T17:57:22","date_gmt":"2025-11-27T16:57:22","guid":{"rendered":"https:\/\/agora.xtec.cat\/col-tarres\/?p=19442"},"modified":"2025-12-19T09:53:41","modified_gmt":"2025-12-19T08:53:41","slug":"museu-de-les-matematiques-cicle-superior","status":"publish","type":"post","link":"https:\/\/agora.xtec.cat\/col-tarres\/bloctarres\/museu-de-les-matematiques-cicle-superior\/","title":{"rendered":"Museu de les Matem\u00e0tiques (Cicle Superior)"},"content":{"rendered":"\n<p>Els alumnes de <strong>5\u00e8 i 6\u00e8 de Prim\u00e0ria<\/strong> vam fer una visita al&nbsp;<strong>Museu de les Matem\u00e0tiques<\/strong>&nbsp;de&nbsp;<strong>Cornell\u00e0 del Llobregat<\/strong>, on vam descobrir de manera divertida i interactiva com les matem\u00e0tiques formen part del nostre dia a dia.<\/p>\n\n\n\n<p>A trav\u00e9s de diferents activitats pr\u00e0ctiques, vam poder experimentar conceptes matem\u00e0tics d\u2019una forma molt visual i l\u00fadica. Han apr\u00e8s moltes coses noves \u2014 reptes, estructures, estrat\u00e8gies de c\u00e0lcul i geometria manipulativa \u2014 i s\u2019ho han passat d\u2019all\u00f2 m\u00e9s b\u00e9!<\/p>\n\n\n\n<p>Si voleu veure&#8217;n les fotografies, aneu als seg\u00fcents enlla\u00e7os: <a href=\"https:\/\/drive.google.com\/drive\/folders\/1BCApFmlSMjWhRbynekSaVz6IJBoRgy-r?usp=drive_link\">5\u00e8 <\/a>i <a href=\"https:\/\/drive.google.com\/drive\/folders\/1Kjih0o_gyqoVOyx-IY9cdUzHKwILBYQ7?usp=drive_link\">6\u00e8<\/a>.<\/p>\n\n\n\n<p><em>Els tutors de Cicle Superior.<\/em><\/p>\n\n\n\n<figure class=\"wp-block-image aligncenter size-full is-resized\"><a href=\"https:\/\/agora.xtec.cat\/col-tarres\/wp-content\/uploads\/usu1585\/2025\/11\/20251125_125040-1.jpg\"><img loading=\"lazy\" decoding=\"async\" width=\"604\" height=\"806\" src=\"https:\/\/agora.xtec.cat\/col-tarres\/wp-content\/uploads\/usu1585\/2025\/11\/20251125_125040-1.jpg\" alt=\"\" class=\"wp-image-19445\" style=\"width:502px;height:auto\" srcset=\"https:\/\/agora.xtec.cat\/col-tarres\/wp-content\/uploads\/usu1585\/2025\/11\/20251125_125040-1.jpg 604w, https:\/\/agora.xtec.cat\/col-tarres\/wp-content\/uploads\/usu1585\/2025\/11\/20251125_125040-1-225x300.jpg 225w\" sizes=\"auto, (max-width: 604px) 100vw, 604px\" \/><\/a><\/figure>\n","protected":false},"excerpt":{"rendered":"<p>Els alumnes de 5\u00e8 i 6\u00e8 de Prim\u00e0ria vam fer una visita al&nbsp;Museu de les Matem\u00e0tiques&nbsp;de&nbsp;Cornell\u00e0 del Llobregat, on vam [&hellip;]<\/p>\n","protected":false},"author":6,"featured_media":19443,"comment_status":"open","ping_status":"open","sticky":false,"template":"","format":"standard","meta":{"_bbp_topic_count":0,"_bbp_reply_count":0,"_bbp_total_topic_count":0,"_bbp_total_reply_count":0,"_bbp_voice_count":0,"_bbp_anonymous_reply_count":0,"_bbp_topic_count_hidden":0,"_bbp_reply_count_hidden":0,"_bbp_forum_subforum_count":0,"site-sidebar-layout":"default","site-content-layout":"","ast-site-content-layout":"default","site-content-style":"default","site-sidebar-style":"default","ast-global-header-display":"","ast-banner-title-visibility":"","ast-main-header-display":"","ast-hfb-above-header-display":"","ast-hfb-below-header-display":"","ast-hfb-mobile-header-display":"","site-post-title":"","ast-breadcrumbs-content":"","ast-featured-img":"","footer-sml-layout":"","theme-transparent-header-meta":"","adv-header-id-meta":"","stick-header-meta":"","header-above-stick-meta":"","header-main-stick-meta":"","header-below-stick-meta":"","astra-migrate-meta-layouts":"set","ast-page-background-enabled":"default","ast-page-background-meta":{"desktop":{"background-color":"var(--ast-global-color-4)","background-image":"","background-repeat":"repeat","background-position":"center center","background-size":"auto","background-attachment":"scroll","background-type":"","background-media":"","overlay-type":"","overlay-color":"","overlay-opacity":"","overlay-gradient":""},"tablet":{"background-color":"","background-image":"","background-repeat":"repeat","background-position":"center center","background-size":"auto","background-attachment":"scroll","background-type":"","background-media":"","overlay-type":"","overlay-color":"","overlay-opacity":"","overlay-gradient":""},"mobile":{"background-color":"","background-image":"","background-repeat":"repeat","background-position":"center center","background-size":"auto","background-attachment":"scroll","background-type":"","background-media":"","overlay-type":"","overlay-color":"","overlay-opacity":"","overlay-gradient":""}},"ast-content-background-meta":{"desktop":{"background-color":"var(--ast-global-color-5)","background-image":"","background-repeat":"repeat","background-position":"center center","background-size":"auto","background-attachment":"scroll","background-type":"","background-media":"","overlay-type":"","overlay-color":"","overlay-opacity":"","overlay-gradient":""},"tablet":{"background-color":"var(--ast-global-color-5)","background-image":"","background-repeat":"repeat","background-position":"center center","background-size":"auto","background-attachment":"scroll","background-type":"","background-media":"","overlay-type":"","overlay-color":"","overlay-opacity":"","overlay-gradient":""},"mobile":{"background-color":"var(--ast-global-color-5)","background-image":"","background-repeat":"repeat","background-position":"center center","background-size":"auto","background-attachment":"scroll","background-type":"","background-media":"","overlay-type":"","overlay-color":"","overlay-opacity":"","overlay-gradient":""}},"footnotes":""},"categories":[1,29,8],"tags":[39],"class_list":["post-19442","post","type-post","status-publish","format-standard","has-post-thumbnail","hentry","category-bloctarres","category-portada","category-primaria","tag-sortides"],"post_mailing_queue_ids":[],"_links":{"self":[{"href":"https:\/\/agora.xtec.cat\/col-tarres\/wp-json\/wp\/v2\/posts\/19442","targetHints":{"allow":["GET"]}}],"collection":[{"href":"https:\/\/agora.xtec.cat\/col-tarres\/wp-json\/wp\/v2\/posts"}],"about":[{"href":"https:\/\/agora.xtec.cat\/col-tarres\/wp-json\/wp\/v2\/types\/post"}],"author":[{"embeddable":true,"href":"https:\/\/agora.xtec.cat\/col-tarres\/wp-json\/wp\/v2\/users\/6"}],"replies":[{"embeddable":true,"href":"https:\/\/agora.xtec.cat\/col-tarres\/wp-json\/wp\/v2\/comments?post=19442"}],"version-history":[{"count":5,"href":"https:\/\/agora.xtec.cat\/col-tarres\/wp-json\/wp\/v2\/posts\/19442\/revisions"}],"predecessor-version":[{"id":19449,"href":"https:\/\/agora.xtec.cat\/col-tarres\/wp-json\/wp\/v2\/posts\/19442\/revisions\/19449"}],"wp:featuredmedia":[{"embeddable":true,"href":"https:\/\/agora.xtec.cat\/col-tarres\/wp-json\/wp\/v2\/media\/19443"}],"wp:attachment":[{"href":"https:\/\/agora.xtec.cat\/col-tarres\/wp-json\/wp\/v2\/media?parent=19442"}],"wp:term":[{"taxonomy":"category","embeddable":true,"href":"https:\/\/agora.xtec.cat\/col-tarres\/wp-json\/wp\/v2\/categories?post=19442"},{"taxonomy":"post_tag","embeddable":true,"href":"https:\/\/agora.xtec.cat\/col-tarres\/wp-json\/wp\/v2\/tags?post=19442"}],"curies":[{"name":"wp","href":"https:\/\/api.w.org\/{rel}","templated":true}]}}