{"id":19303,"date":"2025-10-17T09:23:01","date_gmt":"2025-10-17T07:23:01","guid":{"rendered":"https:\/\/agora.xtec.cat\/col-tarres\/?p=19303"},"modified":"2025-10-17T09:23:35","modified_gmt":"2025-10-17T07:23:35","slug":"trobades-entre-padrins-i-fillols-2025","status":"publish","type":"post","link":"https:\/\/agora.xtec.cat\/col-tarres\/bloctarres\/trobades-entre-padrins-i-fillols-2025\/","title":{"rendered":"Trobades entre padrins i fillols (I3, I4, 4t i 5\u00e8 de Prim\u00e0ria)"},"content":{"rendered":"\n<p>A l&#8217;Escola hem tingut una setmana de trobades entre padrins i fillols! Els alumnes d<strong>&#8216;Infantil-4<\/strong> s&#8217;han retrobat al pati amb els seus padrins de <strong>5\u00e8<\/strong> <strong>de Prim\u00e0ria<\/strong>, mentre que els nous nens i nenes d&#8217;<strong>Infantil-3<\/strong> han conegut els seus padrins de <strong>4t de Prim\u00e0ria<\/strong>.<\/p>\n\n\n\n<p>El dimecres passat, a la tarda,&nbsp;els <strong>fillols i filloles d\u2019I3&nbsp;van con\u00e8ixer&nbsp;els seus padrins&nbsp;i padrines<\/strong>&nbsp;que s\u00f3n l\u2019alumnat de <strong>4t<\/strong>.&nbsp;Es van presentar i despr\u00e9s els grans van <strong>explicar un conte<\/strong> que havien dut de casa per als m\u00e9s petits. Van acabar aquesta trobada jugant a jocs variats al pati.<\/p>\n\n\n\n<p>Al llarg del curs faran diverses activitats entre padrins i fillols, on gaudiran de la seva companyia i ajut. Ha estat una experi\u00e8ncia molt enriquidora i ja tenen ganes de tornar-se a trobar.<\/p>\n\n\n\n<p>D&#8217;altra banda, els nens i les nenes d\u2019<strong>Infantil 4<\/strong> anys<strong> s&#8217;han trobat amb els seus padrins i padrines<\/strong>. Ha estat una estona ben maca en la que han compartit la lectura de contes que han portat per l\u2019ocasi\u00f3.<\/p>\n\n\n\n<p>Han aprofitat que ha fet bon temps i han estat al pati. A m\u00e9s de llegir, han parlat sobre les nostres aficions, les nostres fam\u00edlies i d\u2019altres temes que han anat sorgint. Al final han estat jugant una bona estona i s&#8217;ho han passat d\u2019all\u00f2 m\u00e9s b\u00e9!<\/p>\n\n\n\n<p>Si voleu veure algunes imatges de les diferents trobades:<\/p>\n\n\n\n<ul class=\"wp-block-list\">\n<li> <a href=\"https:\/\/drive.google.com\/drive\/folders\/1qgvq26ZtedRu_LLLWRNjnzv-pz52baYc\">Fotos I3<\/a><\/li>\n\n\n\n<li><a href=\"https:\/\/drive.google.com\/drive\/folders\/1QapkBnrU5Gm6oOONMj7SxcsifqsZs0qf?usp=drive_link\">Fotos I4<\/a><\/li>\n\n\n\n<li id=\"https:\/\/drive.google.com\/drive\/u\/3\/folders\/1igxD_aTLL5DoUD31lUzuMwQwNYE-ONGx\"><a href=\"https:\/\/drive.google.com\/drive\/u\/3\/folders\/1igxD_aTLL5DoUD31lUzuMwQwNYE-ONGx\">Fotos 4t<\/a><\/li>\n\n\n\n<li><a href=\"https:\/\/drive.google.com\/drive\/folders\/1Y3lnxjlRriDQdKX29bitg0v1SX2zVb1I\">Fotos 5\u00e8<\/a><\/li>\n<\/ul>\n\n\n\n<p><em>Recordeu que per accedir a la carpeta Drive del vostre curs ho heu de fer des del compte Google del vostre fill o filla (nomgonom@escolatarres.com).<\/em><\/p>\n\n\n\n<p><em>Claustre d&#8217;Infantil i Prim\u00e0ria<\/em><\/p>\n\n\n\n<div class=\"wp-block-columns is-layout-flex wp-container-core-columns-is-layout-1 wp-block-columns-is-layout-flex\">\n<div class=\"wp-block-column is-layout-flow wp-block-column-is-layout-flow\">\n<figure class=\"wp-block-image aligncenter size-large\"><a href=\"https:\/\/agora.xtec.cat\/col-tarres\/wp-content\/uploads\/usu1585\/2025\/10\/IMG_1327-min.jpg\"><img loading=\"lazy\" decoding=\"async\" width=\"1505\" height=\"1137\" src=\"https:\/\/agora.xtec.cat\/col-tarres\/wp-content\/uploads\/usu1585\/2025\/10\/IMG_1327-min-edited-1.jpg\" alt=\"\" class=\"wp-image-19322\" srcset=\"https:\/\/agora.xtec.cat\/col-tarres\/wp-content\/uploads\/usu1585\/2025\/10\/IMG_1327-min-edited-1.jpg 1505w, https:\/\/agora.xtec.cat\/col-tarres\/wp-content\/uploads\/usu1585\/2025\/10\/IMG_1327-min-edited-1-300x227.jpg 300w, https:\/\/agora.xtec.cat\/col-tarres\/wp-content\/uploads\/usu1585\/2025\/10\/IMG_1327-min-edited-1-1024x774.jpg 1024w, https:\/\/agora.xtec.cat\/col-tarres\/wp-content\/uploads\/usu1585\/2025\/10\/IMG_1327-min-edited-1-768x580.jpg 768w\" sizes=\"auto, (max-width: 1505px) 100vw, 1505px\" \/><\/a><\/figure>\n<\/div>\n\n\n\n<div class=\"wp-block-column is-layout-flow wp-block-column-is-layout-flow\">\n<figure class=\"wp-block-image aligncenter size-full is-resized\"><a href=\"https:\/\/agora.xtec.cat\/col-tarres\/wp-content\/uploads\/usu1585\/2025\/10\/Captura-de-Pantalla-2025-10-15-a-les-18.30.45.png\"><img loading=\"lazy\" decoding=\"async\" width=\"831\" height=\"668\" src=\"https:\/\/agora.xtec.cat\/col-tarres\/wp-content\/uploads\/usu1585\/2025\/10\/Captura-de-Pantalla-2025-10-15-a-les-18.30.45.png\" alt=\"\" class=\"wp-image-19312\" style=\"width:407px;height:auto\" srcset=\"https:\/\/agora.xtec.cat\/col-tarres\/wp-content\/uploads\/usu1585\/2025\/10\/Captura-de-Pantalla-2025-10-15-a-les-18.30.45.png 831w, https:\/\/agora.xtec.cat\/col-tarres\/wp-content\/uploads\/usu1585\/2025\/10\/Captura-de-Pantalla-2025-10-15-a-les-18.30.45-300x241.png 300w, https:\/\/agora.xtec.cat\/col-tarres\/wp-content\/uploads\/usu1585\/2025\/10\/Captura-de-Pantalla-2025-10-15-a-les-18.30.45-768x617.png 768w\" sizes=\"auto, (max-width: 831px) 100vw, 831px\" \/><\/a><\/figure>\n<\/div>\n<\/div>\n\n\n\n<figure class=\"wp-block-image aligncenter size-large is-resized\"><a href=\"https:\/\/agora.xtec.cat\/col-tarres\/wp-content\/uploads\/usu1585\/2025\/10\/IMG_7950-1-scaled.jpg\"><img loading=\"lazy\" decoding=\"async\" width=\"1024\" height=\"848\" src=\"https:\/\/agora.xtec.cat\/col-tarres\/wp-content\/uploads\/usu1585\/2025\/10\/IMG_7950-1-1024x848.jpg\" alt=\"\" class=\"wp-image-19321\" style=\"width:525px;height:auto\" srcset=\"https:\/\/agora.xtec.cat\/col-tarres\/wp-content\/uploads\/usu1585\/2025\/10\/IMG_7950-1-1024x848.jpg 1024w, https:\/\/agora.xtec.cat\/col-tarres\/wp-content\/uploads\/usu1585\/2025\/10\/IMG_7950-1-300x249.jpg 300w, https:\/\/agora.xtec.cat\/col-tarres\/wp-content\/uploads\/usu1585\/2025\/10\/IMG_7950-1-768x636.jpg 768w, https:\/\/agora.xtec.cat\/col-tarres\/wp-content\/uploads\/usu1585\/2025\/10\/IMG_7950-1-1536x1272.jpg 1536w, https:\/\/agora.xtec.cat\/col-tarres\/wp-content\/uploads\/usu1585\/2025\/10\/IMG_7950-1-2048x1697.jpg 2048w\" sizes=\"auto, (max-width: 1024px) 100vw, 1024px\" \/><\/a><\/figure>\n","protected":false},"excerpt":{"rendered":"<p>A l&#8217;Escola hem tingut una setmana de trobades entre padrins i fillols! Els alumnes d&#8216;Infantil-4 s&#8217;han retrobat al pati amb [&hellip;]<\/p>\n","protected":false},"author":8,"featured_media":19321,"comment_status":"open","ping_status":"open","sticky":false,"template":"","format":"standard","meta":{"_bbp_topic_count":0,"_bbp_reply_count":0,"_bbp_total_topic_count":0,"_bbp_total_reply_count":0,"_bbp_voice_count":0,"_bbp_anonymous_reply_count":0,"_bbp_topic_count_hidden":0,"_bbp_reply_count_hidden":0,"_bbp_forum_subforum_count":0,"site-sidebar-layout":"default","site-content-layout":"","ast-site-content-layout":"default","site-content-style":"default","site-sidebar-style":"default","ast-global-header-display":"","ast-banner-title-visibility":"","ast-main-header-display":"","ast-hfb-above-header-display":"","ast-hfb-below-header-display":"","ast-hfb-mobile-header-display":"","site-post-title":"","ast-breadcrumbs-content":"","ast-featured-img":"","footer-sml-layout":"","theme-transparent-header-meta":"","adv-header-id-meta":"","stick-header-meta":"","header-above-stick-meta":"","header-main-stick-meta":"","header-below-stick-meta":"","astra-migrate-meta-layouts":"set","ast-page-background-enabled":"default","ast-page-background-meta":{"desktop":{"background-color":"var(--ast-global-color-4)","background-image":"","background-repeat":"repeat","background-position":"center center","background-size":"auto","background-attachment":"scroll","background-type":"","background-media":"","overlay-type":"","overlay-color":"","overlay-opacity":"","overlay-gradient":""},"tablet":{"background-color":"","background-image":"","background-repeat":"repeat","background-position":"center center","background-size":"auto","background-attachment":"scroll","background-type":"","background-media":"","overlay-type":"","overlay-color":"","overlay-opacity":"","overlay-gradient":""},"mobile":{"background-color":"","background-image":"","background-repeat":"repeat","background-position":"center center","background-size":"auto","background-attachment":"scroll","background-type":"","background-media":"","overlay-type":"","overlay-color":"","overlay-opacity":"","overlay-gradient":""}},"ast-content-background-meta":{"desktop":{"background-color":"var(--ast-global-color-5)","background-image":"","background-repeat":"repeat","background-position":"center center","background-size":"auto","background-attachment":"scroll","background-type":"","background-media":"","overlay-type":"","overlay-color":"","overlay-opacity":"","overlay-gradient":""},"tablet":{"background-color":"var(--ast-global-color-5)","background-image":"","background-repeat":"repeat","background-position":"center center","background-size":"auto","background-attachment":"scroll","background-type":"","background-media":"","overlay-type":"","overlay-color":"","overlay-opacity":"","overlay-gradient":""},"mobile":{"background-color":"var(--ast-global-color-5)","background-image":"","background-repeat":"repeat","background-position":"center center","background-size":"auto","background-attachment":"scroll","background-type":"","background-media":"","overlay-type":"","overlay-color":"","overlay-opacity":"","overlay-gradient":""}},"footnotes":""},"categories":[1,30,29,8],"tags":[142,141,143],"class_list":["post-19303","post","type-post","status-publish","format-standard","has-post-thumbnail","hentry","category-bloctarres","category-infantil","category-portada","category-primaria","tag-fillols","tag-padrins","tag-padrinsifillols"],"post_mailing_queue_ids":[],"_links":{"self":[{"href":"https:\/\/agora.xtec.cat\/col-tarres\/wp-json\/wp\/v2\/posts\/19303","targetHints":{"allow":["GET"]}}],"collection":[{"href":"https:\/\/agora.xtec.cat\/col-tarres\/wp-json\/wp\/v2\/posts"}],"about":[{"href":"https:\/\/agora.xtec.cat\/col-tarres\/wp-json\/wp\/v2\/types\/post"}],"author":[{"embeddable":true,"href":"https:\/\/agora.xtec.cat\/col-tarres\/wp-json\/wp\/v2\/users\/8"}],"replies":[{"embeddable":true,"href":"https:\/\/agora.xtec.cat\/col-tarres\/wp-json\/wp\/v2\/comments?post=19303"}],"version-history":[{"count":5,"href":"https:\/\/agora.xtec.cat\/col-tarres\/wp-json\/wp\/v2\/posts\/19303\/revisions"}],"predecessor-version":[{"id":19331,"href":"https:\/\/agora.xtec.cat\/col-tarres\/wp-json\/wp\/v2\/posts\/19303\/revisions\/19331"}],"wp:featuredmedia":[{"embeddable":true,"href":"https:\/\/agora.xtec.cat\/col-tarres\/wp-json\/wp\/v2\/media\/19321"}],"wp:attachment":[{"href":"https:\/\/agora.xtec.cat\/col-tarres\/wp-json\/wp\/v2\/media?parent=19303"}],"wp:term":[{"taxonomy":"category","embeddable":true,"href":"https:\/\/agora.xtec.cat\/col-tarres\/wp-json\/wp\/v2\/categories?post=19303"},{"taxonomy":"post_tag","embeddable":true,"href":"https:\/\/agora.xtec.cat\/col-tarres\/wp-json\/wp\/v2\/tags?post=19303"}],"curies":[{"name":"wp","href":"https:\/\/api.w.org\/{rel}","templated":true}]}}