{"id":19054,"date":"2025-07-25T08:30:00","date_gmt":"2025-07-25T06:30:00","guid":{"rendered":"https:\/\/agora.xtec.cat\/col-tarres\/?p=19054"},"modified":"2025-07-28T12:28:45","modified_gmt":"2025-07-28T10:28:45","slug":"lexalumne-david-vera-es-una-de-les-20-millors-notes-de-les-pau-de-sabadell","status":"publish","type":"post","link":"https:\/\/agora.xtec.cat\/col-tarres\/bloctarres\/lexalumne-david-vera-es-una-de-les-20-millors-notes-de-les-pau-de-sabadell\/","title":{"rendered":"L&#8217;exalumne David Vera \u00e9s una de les 20 millors notes de les PAU de Sabadell"},"content":{"rendered":"\n<p>Des del <strong>Col\u00b7legi Tarr\u00e9s<\/strong> volem felicitar el nostre exalumne <strong>David Vera Valdivieso<\/strong>, de la promoci\u00f3 2011-2023, per haver obtingut una de les <strong>20 millors notes de la selectivitat <\/strong>(PAU) de la nostra ciutat, Sabadell. Despr\u00e9s de fer l&#8217;etapa obligat\u00f2ria al Tarr\u00e9s, en David ha estudiat el Batxillerat a l&#8217;Institut Jonqueres, de Ca n&#8217;Oriac.<\/p>\n\n\n\n<p>L&#8217;acte de reconeixement als <strong>vint alumnes amb millors notes d&#8217;acc\u00e9s a la universitat de Sabadell <\/strong>es va fer el passat dilluns 21 de juliol, a les sis de la tarda, al Sal\u00f3 del Teatre Principal. Alumnes de diferents centres de la ciutat varen veure reconegut el seu esfor\u00e7 en un acte presidit per l\u2019alcaldessa, Marta Farr\u00e9s, i el regidor d\u2019Educaci\u00f3, Manuel Robles, i tamb\u00e9 amb la participaci\u00f3 dels familiars dels homenatjats i la representaci\u00f3 dels equips docents dels diferents centres.<\/p>\n\n\n\n<p>Enhorabona per l&#8217;esfor\u00e7 i els resultats, David!<\/p>\n\n\n\n<div class=\"wp-block-buttons is-layout-flex wp-block-buttons-is-layout-flex\">\n<div class=\"wp-block-button\"><a class=\"wp-block-button__link wp-element-button\" href=\"https:\/\/web.sabadell.cat\/actualitat\/notis\/item\/reconeixement-a-l-alumnat-dels-centres-educatius-de-sabadell-amb-les-millors-notes-a-la-prova-d-acces-a-la-universitat\">Not\u00edcia al web de l&#8217;Ajuntament<\/a><\/div>\n<\/div>\n\n\n\n<figure class=\"wp-block-image size-large is-resized\"><a href=\"https:\/\/agora.xtec.cat\/col-tarres\/wp-content\/uploads\/usu1585\/2025\/07\/conjunta.jpeg\"><img loading=\"lazy\" decoding=\"async\" width=\"1024\" height=\"576\" src=\"https:\/\/agora.xtec.cat\/col-tarres\/wp-content\/uploads\/usu1585\/2025\/07\/conjunta-1024x576.jpeg\" alt=\"\" class=\"wp-image-19055\" style=\"width:1015px;height:auto\" srcset=\"https:\/\/agora.xtec.cat\/col-tarres\/wp-content\/uploads\/usu1585\/2025\/07\/conjunta-1024x576.jpeg 1024w, https:\/\/agora.xtec.cat\/col-tarres\/wp-content\/uploads\/usu1585\/2025\/07\/conjunta-300x169.jpeg 300w, https:\/\/agora.xtec.cat\/col-tarres\/wp-content\/uploads\/usu1585\/2025\/07\/conjunta-768x432.jpeg 768w, https:\/\/agora.xtec.cat\/col-tarres\/wp-content\/uploads\/usu1585\/2025\/07\/conjunta-1536x864.jpeg 1536w, https:\/\/agora.xtec.cat\/col-tarres\/wp-content\/uploads\/usu1585\/2025\/07\/conjunta.jpeg 2048w\" sizes=\"auto, (max-width: 1024px) 100vw, 1024px\" \/><\/a><figcaption class=\"wp-element-caption\"><em>Fotografia conjunts dels 20 alumnes amb millors notes de Sabadell, l&#8217;alcadessa Marta Farr\u00e9s i el regidor Manuel Robles (font: Ajuntament de Sabadell).<\/em><\/figcaption><\/figure>\n\n\n\n<figure class=\"wp-block-image size-large is-resized\"><a href=\"https:\/\/agora.xtec.cat\/col-tarres\/wp-content\/uploads\/usu1585\/2025\/07\/general.jpeg\"><img loading=\"lazy\" decoding=\"async\" width=\"1024\" height=\"768\" src=\"https:\/\/agora.xtec.cat\/col-tarres\/wp-content\/uploads\/usu1585\/2025\/07\/general-1024x768.jpeg\" alt=\"\" class=\"wp-image-19057\" style=\"width:1060px;height:auto\" srcset=\"https:\/\/agora.xtec.cat\/col-tarres\/wp-content\/uploads\/usu1585\/2025\/07\/general-1024x768.jpeg 1024w, https:\/\/agora.xtec.cat\/col-tarres\/wp-content\/uploads\/usu1585\/2025\/07\/general-300x225.jpeg 300w, https:\/\/agora.xtec.cat\/col-tarres\/wp-content\/uploads\/usu1585\/2025\/07\/general-768x576.jpeg 768w, https:\/\/agora.xtec.cat\/col-tarres\/wp-content\/uploads\/usu1585\/2025\/07\/general-1536x1152.jpeg 1536w, https:\/\/agora.xtec.cat\/col-tarres\/wp-content\/uploads\/usu1585\/2025\/07\/general.jpeg 2048w\" sizes=\"auto, (max-width: 1024px) 100vw, 1024px\" \/><\/a><figcaption class=\"wp-element-caption\"><em>Fotografia general de l&#8217;acte al sal\u00f3 del Teatre Principal (font: Ajuntament de Sabadell).<\/em><\/figcaption><\/figure>\n\n\n\n<p><\/p>\n","protected":false},"excerpt":{"rendered":"<p>Des del Col\u00b7legi Tarr\u00e9s volem felicitar el nostre exalumne David Vera Valdivieso, de la promoci\u00f3 2011-2023, per haver obtingut una [&hellip;]<\/p>\n","protected":false},"author":1,"featured_media":19055,"comment_status":"open","ping_status":"open","sticky":false,"template":"","format":"standard","meta":{"_bbp_topic_count":0,"_bbp_reply_count":0,"_bbp_total_topic_count":0,"_bbp_total_reply_count":0,"_bbp_voice_count":0,"_bbp_anonymous_reply_count":0,"_bbp_topic_count_hidden":0,"_bbp_reply_count_hidden":0,"_bbp_forum_subforum_count":0,"site-sidebar-layout":"default","site-content-layout":"","ast-site-content-layout":"default","site-content-style":"default","site-sidebar-style":"default","ast-global-header-display":"","ast-banner-title-visibility":"","ast-main-header-display":"","ast-hfb-above-header-display":"","ast-hfb-below-header-display":"","ast-hfb-mobile-header-display":"","site-post-title":"","ast-breadcrumbs-content":"","ast-featured-img":"","footer-sml-layout":"","theme-transparent-header-meta":"","adv-header-id-meta":"","stick-header-meta":"","header-above-stick-meta":"","header-main-stick-meta":"","header-below-stick-meta":"","astra-migrate-meta-layouts":"set","ast-page-background-enabled":"default","ast-page-background-meta":{"desktop":{"background-color":"var(--ast-global-color-4)","background-image":"","background-repeat":"repeat","background-position":"center center","background-size":"auto","background-attachment":"scroll","background-type":"","background-media":"","overlay-type":"","overlay-color":"","overlay-opacity":"","overlay-gradient":""},"tablet":{"background-color":"","background-image":"","background-repeat":"repeat","background-position":"center center","background-size":"auto","background-attachment":"scroll","background-type":"","background-media":"","overlay-type":"","overlay-color":"","overlay-opacity":"","overlay-gradient":""},"mobile":{"background-color":"","background-image":"","background-repeat":"repeat","background-position":"center center","background-size":"auto","background-attachment":"scroll","background-type":"","background-media":"","overlay-type":"","overlay-color":"","overlay-opacity":"","overlay-gradient":""}},"ast-content-background-meta":{"desktop":{"background-color":"var(--ast-global-color-5)","background-image":"","background-repeat":"repeat","background-position":"center center","background-size":"auto","background-attachment":"scroll","background-type":"","background-media":"","overlay-type":"","overlay-color":"","overlay-opacity":"","overlay-gradient":""},"tablet":{"background-color":"var(--ast-global-color-5)","background-image":"","background-repeat":"repeat","background-position":"center center","background-size":"auto","background-attachment":"scroll","background-type":"","background-media":"","overlay-type":"","overlay-color":"","overlay-opacity":"","overlay-gradient":""},"mobile":{"background-color":"var(--ast-global-color-5)","background-image":"","background-repeat":"repeat","background-position":"center center","background-size":"auto","background-attachment":"scroll","background-type":"","background-media":"","overlay-type":"","overlay-color":"","overlay-opacity":"","overlay-gradient":""}},"footnotes":""},"categories":[1,29],"tags":[],"class_list":["post-19054","post","type-post","status-publish","format-standard","has-post-thumbnail","hentry","category-bloctarres","category-portada"],"post_mailing_queue_ids":[],"_links":{"self":[{"href":"https:\/\/agora.xtec.cat\/col-tarres\/wp-json\/wp\/v2\/posts\/19054","targetHints":{"allow":["GET"]}}],"collection":[{"href":"https:\/\/agora.xtec.cat\/col-tarres\/wp-json\/wp\/v2\/posts"}],"about":[{"href":"https:\/\/agora.xtec.cat\/col-tarres\/wp-json\/wp\/v2\/types\/post"}],"author":[{"embeddable":true,"href":"https:\/\/agora.xtec.cat\/col-tarres\/wp-json\/wp\/v2\/users\/1"}],"replies":[{"embeddable":true,"href":"https:\/\/agora.xtec.cat\/col-tarres\/wp-json\/wp\/v2\/comments?post=19054"}],"version-history":[{"count":6,"href":"https:\/\/agora.xtec.cat\/col-tarres\/wp-json\/wp\/v2\/posts\/19054\/revisions"}],"predecessor-version":[{"id":19084,"href":"https:\/\/agora.xtec.cat\/col-tarres\/wp-json\/wp\/v2\/posts\/19054\/revisions\/19084"}],"wp:featuredmedia":[{"embeddable":true,"href":"https:\/\/agora.xtec.cat\/col-tarres\/wp-json\/wp\/v2\/media\/19055"}],"wp:attachment":[{"href":"https:\/\/agora.xtec.cat\/col-tarres\/wp-json\/wp\/v2\/media?parent=19054"}],"wp:term":[{"taxonomy":"category","embeddable":true,"href":"https:\/\/agora.xtec.cat\/col-tarres\/wp-json\/wp\/v2\/categories?post=19054"},{"taxonomy":"post_tag","embeddable":true,"href":"https:\/\/agora.xtec.cat\/col-tarres\/wp-json\/wp\/v2\/tags?post=19054"}],"curies":[{"name":"wp","href":"https:\/\/api.w.org\/{rel}","templated":true}]}}