{"id":17778,"date":"2025-01-04T12:00:01","date_gmt":"2025-01-04T11:00:01","guid":{"rendered":"https:\/\/agora.xtec.cat\/col-tarres\/?p=17778"},"modified":"2026-01-06T12:28:43","modified_gmt":"2026-01-06T11:28:43","slug":"millores-escola-2024","status":"publish","type":"post","link":"https:\/\/agora.xtec.cat\/col-tarres\/bloctarres\/millores-escola-2024\/","title":{"rendered":"Millores en les instal\u00b7lacions de l&#8217;Escola l&#8217;any 2024"},"content":{"rendered":"\n<p><span style=\"font-weight: 400;\">S&#8217;acaba l&#8217;any <\/span><b>2024 <\/b><span style=\"font-weight: 400;\">i per tant volem fer un recull de les principals actuacions de millora de les instal\u00b7lacions que hem dut a terme durant aquest temps:<\/span><\/p>\n\n\n\n<p><span style=\"font-weight: 400;\">Seguim millorant el <\/span><b>confort t\u00e8rmic<\/b><span style=\"font-weight: 400;\"> a les aules: a l\u2019estiu vam instal\u00b7lar <\/span><b>bomba de calor a les aules de 3r i 4t d\u2019ESO<\/b><span style=\"font-weight: 400;\">. Aquest sistema, alimentat amb energia el\u00e8ctrica, produir\u00e0 aire fred a l\u2019estiu i permetr\u00e0 disminuir la demanda dels radiadors convencionals a l\u2019hivern. Tamb\u00e9 vam aprofitar l&#8217;aturada estival per instal\u00b7lar <strong>ventiladors<\/strong> a les aules d\u2019<strong>Inform\u00e0tica<\/strong> i <strong>Biblioteca<\/strong> i a la <strong>Sala de Professors d&#8217;ESO.<\/strong>&nbsp;<\/span><\/p>\n\n\n\n<figure class=\"wp-block-table is-style-stripes\"><table class=\"has-fixed-layout\"><tbody><tr><td><figure><img loading=\"lazy\" decoding=\"async\" class=\"aligncenter wp-image-17918 \" src=\"https:\/\/agora.xtec.cat\/col-tarres\/wp-content\/uploads\/usu1585\/2024\/11\/IMG_2978-1024x724.jpg\" alt=\"\" width=\"461\" height=\"326\" srcset=\"https:\/\/agora.xtec.cat\/col-tarres\/wp-content\/uploads\/usu1585\/2024\/11\/IMG_2978-1024x724.jpg 1024w, https:\/\/agora.xtec.cat\/col-tarres\/wp-content\/uploads\/usu1585\/2024\/11\/IMG_2978-300x212.jpg 300w, https:\/\/agora.xtec.cat\/col-tarres\/wp-content\/uploads\/usu1585\/2024\/11\/IMG_2978-768x543.jpg 768w, https:\/\/agora.xtec.cat\/col-tarres\/wp-content\/uploads\/usu1585\/2024\/11\/IMG_2978-1536x1086.jpg 1536w, https:\/\/agora.xtec.cat\/col-tarres\/wp-content\/uploads\/usu1585\/2024\/11\/IMG_2978-2048x1448.jpg 2048w\" sizes=\"auto, (max-width: 461px) 100vw, 461px\" \/><\/figure><\/td><td><figure><img loading=\"lazy\" decoding=\"async\" class=\"aligncenter wp-image-17919 \" src=\"https:\/\/agora.xtec.cat\/col-tarres\/wp-content\/uploads\/usu1585\/2024\/11\/IMG_2980-1024x693.jpg\" alt=\"\" width=\"483\" height=\"327\" srcset=\"https:\/\/agora.xtec.cat\/col-tarres\/wp-content\/uploads\/usu1585\/2024\/11\/IMG_2980-1024x693.jpg 1024w, https:\/\/agora.xtec.cat\/col-tarres\/wp-content\/uploads\/usu1585\/2024\/11\/IMG_2980-300x203.jpg 300w, https:\/\/agora.xtec.cat\/col-tarres\/wp-content\/uploads\/usu1585\/2024\/11\/IMG_2980-768x520.jpg 768w, https:\/\/agora.xtec.cat\/col-tarres\/wp-content\/uploads\/usu1585\/2024\/11\/IMG_2980-1536x1040.jpg 1536w, https:\/\/agora.xtec.cat\/col-tarres\/wp-content\/uploads\/usu1585\/2024\/11\/IMG_2980-2048x1387.jpg 2048w\" sizes=\"auto, (max-width: 483px) 100vw, 483px\" \/><\/figure><\/td><\/tr><tr><td><em>Aula de 3r d&#8217;ESO<\/em><\/td><td><em>Aula de 4t d&#8217;ESO<\/em><\/td><\/tr><\/tbody><\/table><\/figure>\n\n\n\n<p><span style=\"font-weight: 400;\">Per tal de millorar el <\/span><b>confort ac\u00fastic <\/b><span style=\"font-weight: 400;\"><strong>al<\/strong> <\/span><b>Menjador<\/b><span style=\"font-weight: 400;\">, hem col\u00b7locat uns <\/span><b>panells fonoabsorbents<\/b><span style=\"font-weight: 400;\"> que mitiguen la reverberaci\u00f3 del so i l&#8217;eco a l\u2019hora de dinar i que alhora donen una nova personalitat a aquest espai.<\/span><\/p>\n\n\n\n<figure class=\"wp-block-table is-style-stripes\"><table class=\"has-fixed-layout\"><tbody><tr><td><figure><img loading=\"lazy\" decoding=\"async\" class=\" wp-image-17923 aligncenter\" src=\"https:\/\/agora.xtec.cat\/col-tarres\/wp-content\/uploads\/usu1585\/2024\/11\/IMG_2940-1024x738.jpg\" alt=\"\" width=\"473\" height=\"341\" srcset=\"https:\/\/agora.xtec.cat\/col-tarres\/wp-content\/uploads\/usu1585\/2024\/11\/IMG_2940-1024x738.jpg 1024w, https:\/\/agora.xtec.cat\/col-tarres\/wp-content\/uploads\/usu1585\/2024\/11\/IMG_2940-300x216.jpg 300w, https:\/\/agora.xtec.cat\/col-tarres\/wp-content\/uploads\/usu1585\/2024\/11\/IMG_2940-768x554.jpg 768w, https:\/\/agora.xtec.cat\/col-tarres\/wp-content\/uploads\/usu1585\/2024\/11\/IMG_2940-1536x1107.jpg 1536w, https:\/\/agora.xtec.cat\/col-tarres\/wp-content\/uploads\/usu1585\/2024\/11\/IMG_2940-2048x1477.jpg 2048w\" sizes=\"auto, (max-width: 473px) 100vw, 473px\" \/><\/figure><\/td><td><figure><img loading=\"lazy\" decoding=\"async\" class=\"alignnone wp-image-17924\" src=\"https:\/\/agora.xtec.cat\/col-tarres\/wp-content\/uploads\/usu1585\/2024\/11\/IMG_2948-1024x743.jpg\" alt=\"\" width=\"472\" height=\"343\" srcset=\"https:\/\/agora.xtec.cat\/col-tarres\/wp-content\/uploads\/usu1585\/2024\/11\/IMG_2948-1024x743.jpg 1024w, https:\/\/agora.xtec.cat\/col-tarres\/wp-content\/uploads\/usu1585\/2024\/11\/IMG_2948-300x218.jpg 300w, https:\/\/agora.xtec.cat\/col-tarres\/wp-content\/uploads\/usu1585\/2024\/11\/IMG_2948-768x558.jpg 768w, https:\/\/agora.xtec.cat\/col-tarres\/wp-content\/uploads\/usu1585\/2024\/11\/IMG_2948-1536x1115.jpg 1536w, https:\/\/agora.xtec.cat\/col-tarres\/wp-content\/uploads\/usu1585\/2024\/11\/IMG_2948-2048x1487.jpg 2048w\" sizes=\"auto, (max-width: 472px) 100vw, 472px\" \/><\/figure><\/td><\/tr><tr><td colspan=\"2\"><em>Detall de la soluci\u00f3 ac\u00fastica adoptada al Menjador.<\/em><\/td><\/tr><\/tbody><\/table><\/figure>\n\n\n\n<p><span style=\"font-weight: 400;\">Pel que fa la millora de l\u2019<\/span><b>equipament tecnol\u00f2gic<\/b><span style=\"font-weight: 400;\">, hem substitu\u00eft les pissarres digitals de les quatre aules de <\/span><b>Secund\u00e0ria <\/b><span style=\"font-weight: 400;\">per <\/span><b>pantalles t\u00e0ctils de 75 polzades.<\/b><span style=\"font-weight: 400;\"> Els projectors que hi havia fins ara s\u2019han aprofitat per substituir els d\u2019<strong>Infantil-3<\/strong>, <strong>3r<\/strong> i <strong>5\u00e8 de Prim\u00e0ria<\/strong>, i el darrer s\u2019ha instal\u00b7lat al <strong>laboratori<\/strong> de Secund\u00e0ria.<\/span><\/p>\n\n\n\n<figure class=\"wp-block-table is-style-stripes\"><table class=\"has-fixed-layout\"><tbody><tr><td><figure><img loading=\"lazy\" decoding=\"async\" class=\"size-large wp-image-17931 aligncenter\" src=\"https:\/\/agora.xtec.cat\/col-tarres\/wp-content\/uploads\/usu1585\/2024\/11\/IMG_2976-1024x736.jpg\" alt=\"\" width=\"1024\" height=\"736\" srcset=\"https:\/\/agora.xtec.cat\/col-tarres\/wp-content\/uploads\/usu1585\/2024\/11\/IMG_2976-1024x736.jpg 1024w, https:\/\/agora.xtec.cat\/col-tarres\/wp-content\/uploads\/usu1585\/2024\/11\/IMG_2976-300x216.jpg 300w, https:\/\/agora.xtec.cat\/col-tarres\/wp-content\/uploads\/usu1585\/2024\/11\/IMG_2976-768x552.jpg 768w, https:\/\/agora.xtec.cat\/col-tarres\/wp-content\/uploads\/usu1585\/2024\/11\/IMG_2976-1536x1104.jpg 1536w, https:\/\/agora.xtec.cat\/col-tarres\/wp-content\/uploads\/usu1585\/2024\/11\/IMG_2976-2048x1471.jpg 2048w\" sizes=\"auto, (max-width: 1024px) 100vw, 1024px\" \/><\/figure><\/td><td><figure><img loading=\"lazy\" decoding=\"async\" class=\"size-large wp-image-17932 aligncenter\" src=\"https:\/\/agora.xtec.cat\/col-tarres\/wp-content\/uploads\/usu1585\/2024\/11\/IMG_2982-1024x708.jpg\" alt=\"\" width=\"1024\" height=\"708\" srcset=\"https:\/\/agora.xtec.cat\/col-tarres\/wp-content\/uploads\/usu1585\/2024\/11\/IMG_2982-1024x708.jpg 1024w, https:\/\/agora.xtec.cat\/col-tarres\/wp-content\/uploads\/usu1585\/2024\/11\/IMG_2982-300x208.jpg 300w, https:\/\/agora.xtec.cat\/col-tarres\/wp-content\/uploads\/usu1585\/2024\/11\/IMG_2982-768x531.jpg 768w, https:\/\/agora.xtec.cat\/col-tarres\/wp-content\/uploads\/usu1585\/2024\/11\/IMG_2982-1536x1062.jpg 1536w, https:\/\/agora.xtec.cat\/col-tarres\/wp-content\/uploads\/usu1585\/2024\/11\/IMG_2982-2048x1417.jpg 2048w\" sizes=\"auto, (max-width: 1024px) 100vw, 1024px\" \/><\/figure><\/td><\/tr><tr><td><em>Nova pantalla t\u00e0ctil a 3r d&#8217;ESO.<\/em><\/td><td><em>Nova pantalla t\u00e0ctil a 2n d&#8217;ESO.<\/em><\/td><\/tr><\/tbody><\/table><\/figure>\n\n\n\n<p><span style=\"font-weight: 400;\">Per tal d\u2019aconseguir una millor protecci\u00f3 enfront el Sol, durant les vacances de Setmana Santa es van instal\u00b7lar <\/span><b>lamel\u00b7les de protecci\u00f3 solar<\/b><span style=\"font-weight: 400;\"> a les finestres de les aules del pati de Secund\u00e0ria.<\/span><\/p>\n\n\n\n<figure class=\"wp-block-table is-style-stripes\"><table class=\"has-fixed-layout\"><tbody><tr><td><figure><img loading=\"lazy\" decoding=\"async\" class=\"wp-image-17921 aligncenter\" src=\"https:\/\/agora.xtec.cat\/col-tarres\/wp-content\/uploads\/usu1585\/2024\/11\/IMG_3064-1024x767.jpg\" alt=\"\" width=\"460\" height=\"345\" srcset=\"https:\/\/agora.xtec.cat\/col-tarres\/wp-content\/uploads\/usu1585\/2024\/11\/IMG_3064-1024x767.jpg 1024w, https:\/\/agora.xtec.cat\/col-tarres\/wp-content\/uploads\/usu1585\/2024\/11\/IMG_3064-300x225.jpg 300w, https:\/\/agora.xtec.cat\/col-tarres\/wp-content\/uploads\/usu1585\/2024\/11\/IMG_3064-768x575.jpg 768w, https:\/\/agora.xtec.cat\/col-tarres\/wp-content\/uploads\/usu1585\/2024\/11\/IMG_3064-1536x1151.jpg 1536w, https:\/\/agora.xtec.cat\/col-tarres\/wp-content\/uploads\/usu1585\/2024\/11\/IMG_3064-2048x1534.jpg 2048w, https:\/\/agora.xtec.cat\/col-tarres\/wp-content\/uploads\/usu1585\/2024\/11\/IMG_3064-200x150.jpg 200w\" sizes=\"auto, (max-width: 460px) 100vw, 460px\" \/><\/figure><\/td><td><figure><img loading=\"lazy\" decoding=\"async\" class=\" wp-image-17922 aligncenter\" src=\"https:\/\/agora.xtec.cat\/col-tarres\/wp-content\/uploads\/usu1585\/2024\/11\/IMG_2971-1-1024x694.jpg\" alt=\"\" width=\"499\" height=\"338\" srcset=\"https:\/\/agora.xtec.cat\/col-tarres\/wp-content\/uploads\/usu1585\/2024\/11\/IMG_2971-1-1024x694.jpg 1024w, https:\/\/agora.xtec.cat\/col-tarres\/wp-content\/uploads\/usu1585\/2024\/11\/IMG_2971-1-300x203.jpg 300w, https:\/\/agora.xtec.cat\/col-tarres\/wp-content\/uploads\/usu1585\/2024\/11\/IMG_2971-1-768x520.jpg 768w, https:\/\/agora.xtec.cat\/col-tarres\/wp-content\/uploads\/usu1585\/2024\/11\/IMG_2971-1-1536x1040.jpg 1536w, https:\/\/agora.xtec.cat\/col-tarres\/wp-content\/uploads\/usu1585\/2024\/11\/IMG_2971-1-2048x1387.jpg 2048w\" sizes=\"auto, (max-width: 499px) 100vw, 499px\" \/><\/figure><\/td><\/tr><tr><td colspan=\"2\"><em>Noves lamel\u00b7les a les finestres del pati de l&#8217;edifici de Secund\u00e0ria.<\/em><\/td><\/tr><\/tbody><\/table><\/figure>\n\n\n\n<p><span style=\"font-weight: 400;\">S\u2019ha recondicionat la saleta del 1r pis de Prim\u00e0ria com a <\/span><b>aula de suport a l&#8217;educaci\u00f3 inclusiva <\/b><span style=\"font-weight: 400;\">(SIEI), amb nou mobiliari i materials, i s\u2019han substitu\u00eft les <strong>fusteries exteriors<\/strong> per millorar-ne el confort t\u00e8rmic, juntament amb les de l&#8217;aula de <strong>3r de Prim\u00e0ria<\/strong>.<\/span><\/p>\n\n\n\n<figure class=\"wp-block-table is-style-stripes\"><table class=\"has-fixed-layout\"><tbody><tr><td><figure><img loading=\"lazy\" decoding=\"async\" class=\"wp-image-17933 aligncenter\" src=\"https:\/\/agora.xtec.cat\/col-tarres\/wp-content\/uploads\/usu1585\/2024\/11\/IMG_2961-1024x873.jpg\" alt=\"\" width=\"435\" height=\"371\" srcset=\"https:\/\/agora.xtec.cat\/col-tarres\/wp-content\/uploads\/usu1585\/2024\/11\/IMG_2961-1024x873.jpg 1024w, https:\/\/agora.xtec.cat\/col-tarres\/wp-content\/uploads\/usu1585\/2024\/11\/IMG_2961-300x256.jpg 300w, https:\/\/agora.xtec.cat\/col-tarres\/wp-content\/uploads\/usu1585\/2024\/11\/IMG_2961-768x655.jpg 768w, https:\/\/agora.xtec.cat\/col-tarres\/wp-content\/uploads\/usu1585\/2024\/11\/IMG_2961-1536x1309.jpg 1536w, https:\/\/agora.xtec.cat\/col-tarres\/wp-content\/uploads\/usu1585\/2024\/11\/IMG_2961-2048x1746.jpg 2048w\" sizes=\"auto, (max-width: 435px) 100vw, 435px\" \/><\/figure><\/td><td><figure><img loading=\"lazy\" decoding=\"async\" class=\"wp-image-17934 aligncenter\" src=\"https:\/\/agora.xtec.cat\/col-tarres\/wp-content\/uploads\/usu1585\/2024\/11\/IMG_2922-1024x723.jpg\" alt=\"\" width=\"513\" height=\"363\" srcset=\"https:\/\/agora.xtec.cat\/col-tarres\/wp-content\/uploads\/usu1585\/2024\/11\/IMG_2922-1024x723.jpg 1024w, https:\/\/agora.xtec.cat\/col-tarres\/wp-content\/uploads\/usu1585\/2024\/11\/IMG_2922-300x212.jpg 300w, https:\/\/agora.xtec.cat\/col-tarres\/wp-content\/uploads\/usu1585\/2024\/11\/IMG_2922-768x543.jpg 768w, https:\/\/agora.xtec.cat\/col-tarres\/wp-content\/uploads\/usu1585\/2024\/11\/IMG_2922-1536x1085.jpg 1536w, https:\/\/agora.xtec.cat\/col-tarres\/wp-content\/uploads\/usu1585\/2024\/11\/IMG_2922-2048x1447.jpg 2048w\" sizes=\"auto, (max-width: 513px) 100vw, 513px\" \/><\/figure><\/td><\/tr><tr><td>Reacondicionament de l&#8217;aula SIEI.<\/td><td>Noves fusteries exteriors de l&#8217;aula SIEI i 3r de Prim\u00e0ria.<\/td><\/tr><\/tbody><\/table><\/figure>\n\n\n\n<p>Durant el Nadal s&#8217;han fet obres d&#8217;adequaci\u00f3 del <strong>mur perimetral del pati<\/strong>, per resoldre problemes de filtracions d&#8217;aig\u00fces a la base i en el coronament superior. Ben aviat el tornarem a decorar de nou!<\/p>\n\n\n\n<figure class=\"wp-block-table is-style-stripes\"><table class=\"has-fixed-layout\"><tbody><tr><td><figure><img loading=\"lazy\" decoding=\"async\" class=\"wp-image-17938 aligncenter\" src=\"https:\/\/agora.xtec.cat\/col-tarres\/wp-content\/uploads\/usu1585\/2024\/11\/IMG_2952-1024x756.jpg\" alt=\"\" width=\"447\" height=\"330\" srcset=\"https:\/\/agora.xtec.cat\/col-tarres\/wp-content\/uploads\/usu1585\/2024\/11\/IMG_2952-1024x756.jpg 1024w, https:\/\/agora.xtec.cat\/col-tarres\/wp-content\/uploads\/usu1585\/2024\/11\/IMG_2952-300x221.jpg 300w, https:\/\/agora.xtec.cat\/col-tarres\/wp-content\/uploads\/usu1585\/2024\/11\/IMG_2952-768x567.jpg 768w, https:\/\/agora.xtec.cat\/col-tarres\/wp-content\/uploads\/usu1585\/2024\/11\/IMG_2952-1536x1133.jpg 1536w, https:\/\/agora.xtec.cat\/col-tarres\/wp-content\/uploads\/usu1585\/2024\/11\/IMG_2952-2048x1511.jpg 2048w\" sizes=\"auto, (max-width: 447px) 100vw, 447px\" \/><\/figure><\/td><td><figure><img loading=\"lazy\" decoding=\"async\" class=\"wp-image-17939 aligncenter\" src=\"https:\/\/agora.xtec.cat\/col-tarres\/wp-content\/uploads\/usu1585\/2024\/11\/IMG_3062-1024x703.jpg\" alt=\"\" width=\"484\" height=\"332\" srcset=\"https:\/\/agora.xtec.cat\/col-tarres\/wp-content\/uploads\/usu1585\/2024\/11\/IMG_3062-1024x703.jpg 1024w, https:\/\/agora.xtec.cat\/col-tarres\/wp-content\/uploads\/usu1585\/2024\/11\/IMG_3062-300x206.jpg 300w, https:\/\/agora.xtec.cat\/col-tarres\/wp-content\/uploads\/usu1585\/2024\/11\/IMG_3062-768x527.jpg 768w, https:\/\/agora.xtec.cat\/col-tarres\/wp-content\/uploads\/usu1585\/2024\/11\/IMG_3062-1536x1055.jpg 1536w, https:\/\/agora.xtec.cat\/col-tarres\/wp-content\/uploads\/usu1585\/2024\/11\/IMG_3062-2048x1406.jpg 2048w\" sizes=\"auto, (max-width: 484px) 100vw, 484px\" \/><\/figure><\/td><\/tr><tr><td colspan=\"2\"><em>Mur del pati durant les obres de rehabiltiaci\u00f3.<\/em><\/td><\/tr><\/tbody><\/table><\/figure>\n\n\n\n<p>Finalment, despr\u00e9s de la prova inicial l&#8217;any passat a 3r de Prim\u00e0ria, hem seguit col\u00b7locant <strong>arrambadors<\/strong> a les parets de <strong>1r i 4t de Prim\u00e0ria<\/strong>, per millorar la durabilitat i confortabilitat de les aules.<\/p>\n\n\n\n<figure class=\"wp-block-table is-style-stripes\"><table class=\"has-fixed-layout\"><tbody><tr><td><figure><img loading=\"lazy\" decoding=\"async\" class=\"wp-image-17940 aligncenter\" src=\"https:\/\/agora.xtec.cat\/col-tarres\/wp-content\/uploads\/usu1585\/2024\/11\/IMG_3055-1024x635.jpg\" alt=\"\" width=\"497\" height=\"308\" srcset=\"https:\/\/agora.xtec.cat\/col-tarres\/wp-content\/uploads\/usu1585\/2024\/11\/IMG_3055-1024x635.jpg 1024w, https:\/\/agora.xtec.cat\/col-tarres\/wp-content\/uploads\/usu1585\/2024\/11\/IMG_3055-300x186.jpg 300w, https:\/\/agora.xtec.cat\/col-tarres\/wp-content\/uploads\/usu1585\/2024\/11\/IMG_3055-768x477.jpg 768w, https:\/\/agora.xtec.cat\/col-tarres\/wp-content\/uploads\/usu1585\/2024\/11\/IMG_3055-1536x953.jpg 1536w, https:\/\/agora.xtec.cat\/col-tarres\/wp-content\/uploads\/usu1585\/2024\/11\/IMG_3055-2048x1271.jpg 2048w\" sizes=\"auto, (max-width: 497px) 100vw, 497px\" \/><\/figure><\/td><td><figure><img loading=\"lazy\" decoding=\"async\" class=\"wp-image-17941 aligncenter\" src=\"https:\/\/agora.xtec.cat\/col-tarres\/wp-content\/uploads\/usu1585\/2024\/11\/IMG_3059-1024x750.jpg\" alt=\"\" width=\"428\" height=\"313\" srcset=\"https:\/\/agora.xtec.cat\/col-tarres\/wp-content\/uploads\/usu1585\/2024\/11\/IMG_3059-1024x750.jpg 1024w, https:\/\/agora.xtec.cat\/col-tarres\/wp-content\/uploads\/usu1585\/2024\/11\/IMG_3059-300x220.jpg 300w, https:\/\/agora.xtec.cat\/col-tarres\/wp-content\/uploads\/usu1585\/2024\/11\/IMG_3059-768x562.jpg 768w, https:\/\/agora.xtec.cat\/col-tarres\/wp-content\/uploads\/usu1585\/2024\/11\/IMG_3059-1536x1125.jpg 1536w, https:\/\/agora.xtec.cat\/col-tarres\/wp-content\/uploads\/usu1585\/2024\/11\/IMG_3059-2048x1500.jpg 2048w\" sizes=\"auto, (max-width: 428px) 100vw, 428px\" \/><\/figure><\/td><\/tr><tr><td colspan=\"2\"><em>Nou arrambador a 4t de Prim\u00e0ria.<\/em><\/td><\/tr><\/tbody><\/table><\/figure>\n\n\n\n<p><span style=\"font-weight: 400;\">Durant la resta de l\u2019any, i especialment durant l\u2019aturada de l&#8217;estiu, tamb\u00e9 s\u2019han fet altres actuacions de manteniment i arranjaments: instal\u00b7laci\u00f3 de nous passamans a l\u2019escala de la terrasseta de Prim\u00e0ria, substituci\u00f3 d\u2019electrodom\u00e8stics i aparells de cuina, renovaci\u00f3 de mobiliari a diverses aules i a la Biblioteca, substituci\u00f3 d\u2019acumuladors de calor de Prim\u00e0ria per radiadors el\u00e8ctrics de baix consum, adequaci\u00f3 d&#8217;un nou espai de magatzem per l&#8217;AFA, etc.<\/span><\/p>\n","protected":false},"excerpt":{"rendered":"<p>S&#8217;acaba l&#8217;any 2024 i per tant volem fer un recull de les principals actuacions de millora de les instal\u00b7lacions que [&hellip;]<\/p>\n","protected":false},"author":1,"featured_media":17931,"comment_status":"open","ping_status":"closed","sticky":false,"template":"","format":"standard","meta":{"_bbp_topic_count":0,"_bbp_reply_count":0,"_bbp_total_topic_count":0,"_bbp_total_reply_count":0,"_bbp_voice_count":0,"_bbp_anonymous_reply_count":0,"_bbp_topic_count_hidden":0,"_bbp_reply_count_hidden":0,"_bbp_forum_subforum_count":0,"site-sidebar-layout":"default","site-content-layout":"","ast-site-content-layout":"default","site-content-style":"default","site-sidebar-style":"default","ast-global-header-display":"","ast-banner-title-visibility":"","ast-main-header-display":"","ast-hfb-above-header-display":"","ast-hfb-below-header-display":"","ast-hfb-mobile-header-display":"","site-post-title":"","ast-breadcrumbs-content":"","ast-featured-img":"","footer-sml-layout":"","theme-transparent-header-meta":"","adv-header-id-meta":"","stick-header-meta":"","header-above-stick-meta":"","header-main-stick-meta":"","header-below-stick-meta":"","astra-migrate-meta-layouts":"set","ast-page-background-enabled":"default","ast-page-background-meta":{"desktop":{"background-color":"var(--ast-global-color-4)","background-image":"","background-repeat":"repeat","background-position":"center center","background-size":"auto","background-attachment":"scroll","background-type":"","background-media":"","overlay-type":"","overlay-color":"","overlay-opacity":"","overlay-gradient":""},"tablet":{"background-color":"","background-image":"","background-repeat":"repeat","background-position":"center center","background-size":"auto","background-attachment":"scroll","background-type":"","background-media":"","overlay-type":"","overlay-color":"","overlay-opacity":"","overlay-gradient":""},"mobile":{"background-color":"","background-image":"","background-repeat":"repeat","background-position":"center center","background-size":"auto","background-attachment":"scroll","background-type":"","background-media":"","overlay-type":"","overlay-color":"","overlay-opacity":"","overlay-gradient":""}},"ast-content-background-meta":{"desktop":{"background-color":"var(--ast-global-color-5)","background-image":"","background-repeat":"repeat","background-position":"center center","background-size":"auto","background-attachment":"scroll","background-type":"","background-media":"","overlay-type":"","overlay-color":"","overlay-opacity":"","overlay-gradient":""},"tablet":{"background-color":"var(--ast-global-color-5)","background-image":"","background-repeat":"repeat","background-position":"center center","background-size":"auto","background-attachment":"scroll","background-type":"","background-media":"","overlay-type":"","overlay-color":"","overlay-opacity":"","overlay-gradient":""},"mobile":{"background-color":"var(--ast-global-color-5)","background-image":"","background-repeat":"repeat","background-position":"center center","background-size":"auto","background-attachment":"scroll","background-type":"","background-media":"","overlay-type":"","overlay-color":"","overlay-opacity":"","overlay-gradient":""}},"footnotes":""},"categories":[1,29],"tags":[145],"class_list":["post-17778","post","type-post","status-publish","format-standard","has-post-thumbnail","hentry","category-bloctarres","category-portada","tag-installacions"],"post_mailing_queue_ids":[],"_links":{"self":[{"href":"https:\/\/agora.xtec.cat\/col-tarres\/wp-json\/wp\/v2\/posts\/17778","targetHints":{"allow":["GET"]}}],"collection":[{"href":"https:\/\/agora.xtec.cat\/col-tarres\/wp-json\/wp\/v2\/posts"}],"about":[{"href":"https:\/\/agora.xtec.cat\/col-tarres\/wp-json\/wp\/v2\/types\/post"}],"author":[{"embeddable":true,"href":"https:\/\/agora.xtec.cat\/col-tarres\/wp-json\/wp\/v2\/users\/1"}],"replies":[{"embeddable":true,"href":"https:\/\/agora.xtec.cat\/col-tarres\/wp-json\/wp\/v2\/comments?post=17778"}],"version-history":[{"count":6,"href":"https:\/\/agora.xtec.cat\/col-tarres\/wp-json\/wp\/v2\/posts\/17778\/revisions"}],"predecessor-version":[{"id":19587,"href":"https:\/\/agora.xtec.cat\/col-tarres\/wp-json\/wp\/v2\/posts\/17778\/revisions\/19587"}],"wp:featuredmedia":[{"embeddable":true,"href":"https:\/\/agora.xtec.cat\/col-tarres\/wp-json\/wp\/v2\/media\/17931"}],"wp:attachment":[{"href":"https:\/\/agora.xtec.cat\/col-tarres\/wp-json\/wp\/v2\/media?parent=17778"}],"wp:term":[{"taxonomy":"category","embeddable":true,"href":"https:\/\/agora.xtec.cat\/col-tarres\/wp-json\/wp\/v2\/categories?post=17778"},{"taxonomy":"post_tag","embeddable":true,"href":"https:\/\/agora.xtec.cat\/col-tarres\/wp-json\/wp\/v2\/tags?post=17778"}],"curies":[{"name":"wp","href":"https:\/\/api.w.org\/{rel}","templated":true}]}}