{"id":17637,"date":"2024-10-05T15:42:17","date_gmt":"2024-10-05T13:42:17","guid":{"rendered":"https:\/\/agora.xtec.cat\/col-tarres\/?p=17637"},"modified":"2024-10-05T21:12:26","modified_gmt":"2024-10-05T19:12:26","slug":"presentacio-menjador-2024","status":"publish","type":"post","link":"https:\/\/agora.xtec.cat\/col-tarres\/bloctarres\/presentacio-menjador-2024\/","title":{"rendered":"Presentaci\u00f3 del Servei de Menjador 2024-2025"},"content":{"rendered":"<p><img loading=\"lazy\" decoding=\"async\" class=\"wp-image-17654 aligncenter\" src=\"https:\/\/agora.xtec.cat\/col-tarres\/wp-content\/uploads\/usu1585\/2024\/10\/IMG_1521-1024x768.jpg\" alt=\"\" width=\"606\" height=\"455\" srcset=\"https:\/\/agora.xtec.cat\/col-tarres\/wp-content\/uploads\/usu1585\/2024\/10\/IMG_1521-1024x768.jpg 1024w, https:\/\/agora.xtec.cat\/col-tarres\/wp-content\/uploads\/usu1585\/2024\/10\/IMG_1521-300x225.jpg 300w, https:\/\/agora.xtec.cat\/col-tarres\/wp-content\/uploads\/usu1585\/2024\/10\/IMG_1521-768x576.jpg 768w, https:\/\/agora.xtec.cat\/col-tarres\/wp-content\/uploads\/usu1585\/2024\/10\/IMG_1521-1536x1152.jpg 1536w, https:\/\/agora.xtec.cat\/col-tarres\/wp-content\/uploads\/usu1585\/2024\/10\/IMG_1521-2048x1536.jpg 2048w, https:\/\/agora.xtec.cat\/col-tarres\/wp-content\/uploads\/usu1585\/2024\/10\/IMG_1521-200x150.jpg 200w\" sizes=\"auto, (max-width: 606px) 100vw, 606px\" \/><\/p>\n<p>El passat dimarts 1 d&#8217;octubre, a la tarda, la Coordinadora del Servei de Menjador, la <strong>Rosa M. Serrano<\/strong>, i el responsable de Saned a la nostra Escola, en <strong>Joan Maj\u00f3<\/strong>, van presentar a les fam\u00edlies el nou servei de Mitja Pensi\u00f3 que oferim des d&#8217;aquest curs, de la m\u00e0 de <strong>Saned School Gastronomy<\/strong>.<\/p>\n<p>Aquelles fam\u00edlies que no vau poder assistir a la trobada podeu recuperar la <strong>presentaci\u00f3 <\/strong>que es va projectar <strong><a href=\"https:\/\/drive.google.com\/file\/d\/15H-5Qe5UJdCRIXBNGOTmpD6A0Sm1a_ld\/view?usp=drive_link\">prement aqu\u00ed<\/a><\/strong>.<\/p>\n<p>Primerament es va exposar l&#8217;origen i objectius principals que es fixa Saned en la gesti\u00f3 dels menjadors escolars i la seva visi\u00f3 educativa i nutricional.<\/p>\n<p>Tamb\u00e9 es van tractar els passos per l&#8217;elaboraci\u00f3 dels men\u00fas, la proced\u00e8ncia de la mat\u00e8ria prima i els seus prove\u00efdors locals de productes, i la import\u00e0ncia de la varietat, l&#8217;equilibri i control nutricional dels aliments. Tamb\u00e9 el seguiment d&#8217;una <strong>dieta mediterr\u00e0nia<\/strong> i les indicacions i supervisi\u00f3 que en fa en aquest sentit el Departament de Salut de la Generalitat.<\/p>\n<p>La gesti\u00f3 de l&#8217;estona de lleure posterior al dinar s&#8217;organitza amb activitats de joc lliure i d&#8217;altres moments amb activitats dirigides, tan siguin jocs, esports, m\u00fasica, com activitats relacionades amb <strong>tem\u00e0tiques de car\u00e0cter mensual<\/strong> que es duran a terme. Aix\u00ed com el treball de les normes d&#8217;higiene i de l&#8217;estar a taula, de conviv\u00e8ncia, etc.<\/p>\n<p>En aquest sentit, a l&#8217;estona d&#8217;esbarjo despr\u00e9s de dinar, l&#8217;alumnat d&#8217;<strong>Infantil i Prim\u00e0ria<\/strong> es distribueix en grups amb el seu monitor de refer\u00e8ncia, al pati i en altres espais exteriors, i amb activitats definides per cada dia, tal i com s&#8217;explica a la seg\u00fcent graella:<\/p>\n<p><img loading=\"lazy\" decoding=\"async\" class=\"wp-image-17656 aligncenter\" src=\"https:\/\/agora.xtec.cat\/col-tarres\/wp-content\/uploads\/usu1585\/2024\/10\/Graella-Setmanal_Tarres_2024-1024x768.png\" alt=\"\" width=\"649\" height=\"487\" srcset=\"https:\/\/agora.xtec.cat\/col-tarres\/wp-content\/uploads\/usu1585\/2024\/10\/Graella-Setmanal_Tarres_2024-1024x768.png 1024w, https:\/\/agora.xtec.cat\/col-tarres\/wp-content\/uploads\/usu1585\/2024\/10\/Graella-Setmanal_Tarres_2024-300x225.png 300w, https:\/\/agora.xtec.cat\/col-tarres\/wp-content\/uploads\/usu1585\/2024\/10\/Graella-Setmanal_Tarres_2024-768x576.png 768w, https:\/\/agora.xtec.cat\/col-tarres\/wp-content\/uploads\/usu1585\/2024\/10\/Graella-Setmanal_Tarres_2024-1536x1152.png 1536w, https:\/\/agora.xtec.cat\/col-tarres\/wp-content\/uploads\/usu1585\/2024\/10\/Graella-Setmanal_Tarres_2024-2048x1536.png 2048w, https:\/\/agora.xtec.cat\/col-tarres\/wp-content\/uploads\/usu1585\/2024\/10\/Graella-Setmanal_Tarres_2024-200x150.png 200w\" sizes=\"auto, (max-width: 649px) 100vw, 649px\" \/><\/p>\n<p style=\"text-align: center;\"><em>Graella setmanal d&#8217;activitats de despr\u00e9s de dinar. Programaci\u00f3 orientativa i subjecte a canvis.<\/em><\/p>\n<p>En el cas de l&#8217;alumnat de <strong>Secund\u00e0ria<\/strong>, despr\u00e9s de dinar es poden quedar en un espai fent feina de classe o, si aix\u00ed ho autoritzen les seves fam\u00edlies, poden disposar del seu temps lliure fora de l&#8217;Escola.<\/p>\n<p>Com sempre, us recordem que si teniu qualsevol dubte, sugger\u00e8ncia o queixa respecte del funcionament del Servei de Menjador, podeu contactar-nos per correu electr\u00f2nic <a href=\"mailto:menjador@escolatarres.com\">menjador@escolatarres.com<\/a> o sol\u00b7licitar una entrevista personal.<\/p>\n","protected":false},"excerpt":{"rendered":"<p>El passat dimarts 1 d&#8217;octubre, a la tarda, la Coordinadora del Servei de Menjador, la Rosa M. Serrano, i el [&hellip;]<\/p>\n","protected":false},"author":1,"featured_media":17654,"comment_status":"open","ping_status":"closed","sticky":false,"template":"","format":"standard","meta":{"_bbp_topic_count":0,"_bbp_reply_count":0,"_bbp_total_topic_count":0,"_bbp_total_reply_count":0,"_bbp_voice_count":0,"_bbp_anonymous_reply_count":0,"_bbp_topic_count_hidden":0,"_bbp_reply_count_hidden":0,"_bbp_forum_subforum_count":0,"site-sidebar-layout":"default","site-content-layout":"","ast-site-content-layout":"","site-content-style":"default","site-sidebar-style":"default","ast-global-header-display":"","ast-banner-title-visibility":"","ast-main-header-display":"","ast-hfb-above-header-display":"","ast-hfb-below-header-display":"","ast-hfb-mobile-header-display":"","site-post-title":"","ast-breadcrumbs-content":"","ast-featured-img":"","footer-sml-layout":"","theme-transparent-header-meta":"","adv-header-id-meta":"","stick-header-meta":"","header-above-stick-meta":"","header-main-stick-meta":"","header-below-stick-meta":"","astra-migrate-meta-layouts":"default","ast-page-background-enabled":"default","ast-page-background-meta":{"desktop":{"background-color":"var(--ast-global-color-4)","background-image":"","background-repeat":"repeat","background-position":"center center","background-size":"auto","background-attachment":"scroll","background-type":"","background-media":"","overlay-type":"","overlay-color":"","overlay-opacity":"","overlay-gradient":""},"tablet":{"background-color":"","background-image":"","background-repeat":"repeat","background-position":"center center","background-size":"auto","background-attachment":"scroll","background-type":"","background-media":"","overlay-type":"","overlay-color":"","overlay-opacity":"","overlay-gradient":""},"mobile":{"background-color":"","background-image":"","background-repeat":"repeat","background-position":"center center","background-size":"auto","background-attachment":"scroll","background-type":"","background-media":"","overlay-type":"","overlay-color":"","overlay-opacity":"","overlay-gradient":""}},"ast-content-background-meta":{"desktop":{"background-color":"var(--ast-global-color-5)","background-image":"","background-repeat":"repeat","background-position":"center center","background-size":"auto","background-attachment":"scroll","background-type":"","background-media":"","overlay-type":"","overlay-color":"","overlay-opacity":"","overlay-gradient":""},"tablet":{"background-color":"var(--ast-global-color-5)","background-image":"","background-repeat":"repeat","background-position":"center center","background-size":"auto","background-attachment":"scroll","background-type":"","background-media":"","overlay-type":"","overlay-color":"","overlay-opacity":"","overlay-gradient":""},"mobile":{"background-color":"var(--ast-global-color-5)","background-image":"","background-repeat":"repeat","background-position":"center center","background-size":"auto","background-attachment":"scroll","background-type":"","background-media":"","overlay-type":"","overlay-color":"","overlay-opacity":"","overlay-gradient":""}},"footnotes":""},"categories":[1,110,29],"tags":[],"class_list":["post-17637","post","type-post","status-publish","format-standard","has-post-thumbnail","hentry","category-bloctarres","category-extraescolars-casals","category-portada"],"post_mailing_queue_ids":[],"_links":{"self":[{"href":"https:\/\/agora.xtec.cat\/col-tarres\/wp-json\/wp\/v2\/posts\/17637","targetHints":{"allow":["GET"]}}],"collection":[{"href":"https:\/\/agora.xtec.cat\/col-tarres\/wp-json\/wp\/v2\/posts"}],"about":[{"href":"https:\/\/agora.xtec.cat\/col-tarres\/wp-json\/wp\/v2\/types\/post"}],"author":[{"embeddable":true,"href":"https:\/\/agora.xtec.cat\/col-tarres\/wp-json\/wp\/v2\/users\/1"}],"replies":[{"embeddable":true,"href":"https:\/\/agora.xtec.cat\/col-tarres\/wp-json\/wp\/v2\/comments?post=17637"}],"version-history":[{"count":6,"href":"https:\/\/agora.xtec.cat\/col-tarres\/wp-json\/wp\/v2\/posts\/17637\/revisions"}],"predecessor-version":[{"id":17670,"href":"https:\/\/agora.xtec.cat\/col-tarres\/wp-json\/wp\/v2\/posts\/17637\/revisions\/17670"}],"wp:featuredmedia":[{"embeddable":true,"href":"https:\/\/agora.xtec.cat\/col-tarres\/wp-json\/wp\/v2\/media\/17654"}],"wp:attachment":[{"href":"https:\/\/agora.xtec.cat\/col-tarres\/wp-json\/wp\/v2\/media?parent=17637"}],"wp:term":[{"taxonomy":"category","embeddable":true,"href":"https:\/\/agora.xtec.cat\/col-tarres\/wp-json\/wp\/v2\/categories?post=17637"},{"taxonomy":"post_tag","embeddable":true,"href":"https:\/\/agora.xtec.cat\/col-tarres\/wp-json\/wp\/v2\/tags?post=17637"}],"curies":[{"name":"wp","href":"https:\/\/api.w.org\/{rel}","templated":true}]}}