{"id":17467,"date":"2024-05-21T20:00:01","date_gmt":"2024-05-21T18:00:01","guid":{"rendered":"https:\/\/agora.xtec.cat\/col-tarres\/?p=17467"},"modified":"2024-06-03T18:02:22","modified_gmt":"2024-06-03T16:02:22","slug":"aladdin-obra-de-teatre-de-6e-dep","status":"publish","type":"post","link":"https:\/\/agora.xtec.cat\/col-tarres\/bloctarres\/aladdin-obra-de-teatre-de-6e-dep\/","title":{"rendered":"Representem &#8220;Aladdin&#8221; (6\u00e8 Prim\u00e0ria)"},"content":{"rendered":"<p>Els nens i les nenes de <strong>6\u00e8 de Prim\u00e0ria<\/strong> han estrenat l&#8217;obra <strong><em>Aladdin<\/em><\/strong> a la sala d&#8217;actes del C<strong>entre C\u00edvic de la Creu Alta-Cal Balsach.<\/strong><\/p>\n<p>Cada curs \u00e9s ja un cl\u00e0ssic a la nostra Escola anar a gaudir del treball que la canalla de 6\u00e8 prepara a les <strong>sessions de teatre<\/strong>.<\/p>\n<p>Molts s\u00f3n els aspectes de per qu\u00e8 \u00e9s ben interessant fer teatre a l&#8217;escola. Us en podr\u00edem dir alguns que hem volgut constatar i sobre els que cal incidir:<\/p>\n<ul style=\"list-style-type: circle;\">\n<li>\u00c9s una activitat l\u00fadica: l&#8217;actor i l&#8217;actriu s&#8217;expressen i es diverteixen al mateix temps.<\/li>\n<li>Ajuda a aprendre a escoltar: quan han d&#8217;intervenir han de parar atenci\u00f3 als di\u00e0legs.<\/li>\n<li>Refor\u00e7a la mem\u00f2ria i enriqueix el vocabulari: es memoritzen frases ben estructurades amb vocabulari correcte i divers.<\/li>\n<li>\u00c9s desinhibidor: ajuda a trencar prejudicis que costaria eliminar amb altres m\u00e8todes.<\/li>\n<li>Incentiva la integraci\u00f3 grupal i el respecte als companys i companyes.<\/li>\n<\/ul>\n<p>Els aplaudiments i l&#8217;escalf de l&#8217;audi\u00e8ncia, l&#8217;alumnat de la resta de nivells de prim\u00e0ria, dels tres nivells d&#8217;infantil, de mestres i fam\u00edlies de l&#8217;elenc d&#8217;artistes, han estat la recompensa a la tasca que han estat assajant des que el curs va comen\u00e7ar.<\/p>\n<p>Moltes gr\u00e0cies, fam\u00edlies, per la vostra col\u00b7laboraci\u00f3 sempre inestimable.<\/p>\n<p>Enhorabona, nens, nenes i Jesika, per transportar-nos a un m\u00f3n de fantasia i fer-nos emocionar!<\/p>\n<p>Aqu\u00ed teniu <a href=\"https:\/\/drive.google.com\/drive\/folders\/131hKY9XaNPl66yM4rKm8dlCbqCYq5ozp?usp=drive_link\">imatges i el v\u00eddeo<\/a> de l&#8217;obra (enregistrat pel pare d&#8217;una de les actrius!) .<\/p>\n","protected":false},"excerpt":{"rendered":"<p>Els nens i les nenes de 6\u00e8 de Prim\u00e0ria han estrenat l&#8217;obra Aladdin a la sala d&#8217;actes del Centre C\u00edvic [&hellip;]<\/p>\n","protected":false},"author":5,"featured_media":17490,"comment_status":"open","ping_status":"closed","sticky":false,"template":"","format":"standard","meta":{"_bbp_topic_count":0,"_bbp_reply_count":0,"_bbp_total_topic_count":0,"_bbp_total_reply_count":0,"_bbp_voice_count":0,"_bbp_anonymous_reply_count":0,"_bbp_topic_count_hidden":0,"_bbp_reply_count_hidden":0,"_bbp_forum_subforum_count":0,"site-sidebar-layout":"default","site-content-layout":"","ast-site-content-layout":"","site-content-style":"default","site-sidebar-style":"default","ast-global-header-display":"","ast-banner-title-visibility":"","ast-main-header-display":"","ast-hfb-above-header-display":"","ast-hfb-below-header-display":"","ast-hfb-mobile-header-display":"","site-post-title":"","ast-breadcrumbs-content":"","ast-featured-img":"","footer-sml-layout":"","theme-transparent-header-meta":"","adv-header-id-meta":"","stick-header-meta":"","header-above-stick-meta":"","header-main-stick-meta":"","header-below-stick-meta":"","astra-migrate-meta-layouts":"default","ast-page-background-enabled":"default","ast-page-background-meta":{"desktop":{"background-color":"var(--ast-global-color-4)","background-image":"","background-repeat":"repeat","background-position":"center center","background-size":"auto","background-attachment":"scroll","background-type":"","background-media":"","overlay-type":"","overlay-color":"","overlay-opacity":"","overlay-gradient":""},"tablet":{"background-color":"","background-image":"","background-repeat":"repeat","background-position":"center center","background-size":"auto","background-attachment":"scroll","background-type":"","background-media":"","overlay-type":"","overlay-color":"","overlay-opacity":"","overlay-gradient":""},"mobile":{"background-color":"","background-image":"","background-repeat":"repeat","background-position":"center center","background-size":"auto","background-attachment":"scroll","background-type":"","background-media":"","overlay-type":"","overlay-color":"","overlay-opacity":"","overlay-gradient":""}},"ast-content-background-meta":{"desktop":{"background-color":"var(--ast-global-color-5)","background-image":"","background-repeat":"repeat","background-position":"center center","background-size":"auto","background-attachment":"scroll","background-type":"","background-media":"","overlay-type":"","overlay-color":"","overlay-opacity":"","overlay-gradient":""},"tablet":{"background-color":"var(--ast-global-color-5)","background-image":"","background-repeat":"repeat","background-position":"center center","background-size":"auto","background-attachment":"scroll","background-type":"","background-media":"","overlay-type":"","overlay-color":"","overlay-opacity":"","overlay-gradient":""},"mobile":{"background-color":"var(--ast-global-color-5)","background-image":"","background-repeat":"repeat","background-position":"center center","background-size":"auto","background-attachment":"scroll","background-type":"","background-media":"","overlay-type":"","overlay-color":"","overlay-opacity":"","overlay-gradient":""}},"footnotes":""},"categories":[1,29,8],"tags":[],"class_list":["post-17467","post","type-post","status-publish","format-standard","has-post-thumbnail","hentry","category-bloctarres","category-portada","category-primaria"],"post_mailing_queue_ids":[],"_links":{"self":[{"href":"https:\/\/agora.xtec.cat\/col-tarres\/wp-json\/wp\/v2\/posts\/17467","targetHints":{"allow":["GET"]}}],"collection":[{"href":"https:\/\/agora.xtec.cat\/col-tarres\/wp-json\/wp\/v2\/posts"}],"about":[{"href":"https:\/\/agora.xtec.cat\/col-tarres\/wp-json\/wp\/v2\/types\/post"}],"author":[{"embeddable":true,"href":"https:\/\/agora.xtec.cat\/col-tarres\/wp-json\/wp\/v2\/users\/5"}],"replies":[{"embeddable":true,"href":"https:\/\/agora.xtec.cat\/col-tarres\/wp-json\/wp\/v2\/comments?post=17467"}],"version-history":[{"count":6,"href":"https:\/\/agora.xtec.cat\/col-tarres\/wp-json\/wp\/v2\/posts\/17467\/revisions"}],"predecessor-version":[{"id":17501,"href":"https:\/\/agora.xtec.cat\/col-tarres\/wp-json\/wp\/v2\/posts\/17467\/revisions\/17501"}],"wp:featuredmedia":[{"embeddable":true,"href":"https:\/\/agora.xtec.cat\/col-tarres\/wp-json\/wp\/v2\/media\/17490"}],"wp:attachment":[{"href":"https:\/\/agora.xtec.cat\/col-tarres\/wp-json\/wp\/v2\/media?parent=17467"}],"wp:term":[{"taxonomy":"category","embeddable":true,"href":"https:\/\/agora.xtec.cat\/col-tarres\/wp-json\/wp\/v2\/categories?post=17467"},{"taxonomy":"post_tag","embeddable":true,"href":"https:\/\/agora.xtec.cat\/col-tarres\/wp-json\/wp\/v2\/tags?post=17467"}],"curies":[{"name":"wp","href":"https:\/\/api.w.org\/{rel}","templated":true}]}}