{"id":17430,"date":"2024-05-11T13:06:43","date_gmt":"2024-05-11T11:06:43","guid":{"rendered":"https:\/\/agora.xtec.cat\/col-tarres\/?p=17430"},"modified":"2024-05-11T13:09:52","modified_gmt":"2024-05-11T11:09:52","slug":"aprenem-poemes-1r-primaria","status":"publish","type":"post","link":"https:\/\/agora.xtec.cat\/col-tarres\/bloctarres\/aprenem-poemes-1r-primaria\/","title":{"rendered":"Aprenem poemes (1r Prim\u00e0ria)"},"content":{"rendered":"<p>Cada mes l&#8217;alumnat de <strong>Primer de Prim\u00e0ria<\/strong> s&#8217;apr\u00e8n un poema i el reciten al mat\u00ed quan arriben a l&#8217;escola.<\/p>\n<p><strong><em>-\u201cBon dia, amiga primavera\u2026 qu\u00e8 ens has portat?\u201d-<\/em><\/strong> \u00e9s el poema que han apr\u00e8s recentment i que dona sentit a un seguici d\u2019activitats de celebraci\u00f3 de l\u2019arribada del temps de les hores llargues.<\/p>\n<p>La poesia aporta una s\u00e8rie de beneficis als infants com ara:<\/p>\n<ul>\n<li>El llenguatge ret\u00f2ric\u00a0<strong>estimula l\u2019\u00e0rea frontal del cervell<\/strong>, ja que desxifrar paraules desconegudes o amb significat oposat fa que el cervell necessiti m\u00e9s recursos dels habituals.<\/li>\n<li>Ajuda a\u00a0<strong>expressar o recon\u00e8ixer sentiments i emocions<\/strong>.<\/li>\n<li>Estimula la\u00a0<strong>imaginaci\u00f3.<\/strong><\/li>\n<li>Ensenya\u00a0<strong>vocabulari<\/strong>, facilita i millora\u00a0 <strong>l\u2019expressi\u00f3 oral<\/strong>\u00a0i la\u00a0<strong>dicci\u00f3.<\/strong><\/li>\n<li>Exercita la\u00a0<strong>mem\u00f2ria<\/strong>\u00a0perqu\u00e8 s\u00f3n f\u00e0cils de memoritzar.<\/li>\n<\/ul>\n<p><img loading=\"lazy\" decoding=\"async\" class=\"aligncenter wp-image-17431\" src=\"https:\/\/agora.xtec.cat\/col-tarres\/wp-content\/uploads\/usu1585\/2024\/05\/6ca553e2da05d887ebc87fee73f67bb2.jpeg\" alt=\"\" width=\"540\" height=\"347\" srcset=\"https:\/\/agora.xtec.cat\/col-tarres\/wp-content\/uploads\/usu1585\/2024\/05\/6ca553e2da05d887ebc87fee73f67bb2.jpeg 800w, https:\/\/agora.xtec.cat\/col-tarres\/wp-content\/uploads\/usu1585\/2024\/05\/6ca553e2da05d887ebc87fee73f67bb2-300x193.jpeg 300w, https:\/\/agora.xtec.cat\/col-tarres\/wp-content\/uploads\/usu1585\/2024\/05\/6ca553e2da05d887ebc87fee73f67bb2-768x493.jpeg 768w\" sizes=\"auto, (max-width: 540px) 100vw, 540px\" \/><\/p>\n<p>Si voleu veure com reciten, entreu <a href=\"https:\/\/drive.google.com\/drive\/u\/0\/folders\/1021M5O7LBN8Ko0hkvwHF16fC3BkEcYTO\">aqu\u00ed<\/a><\/p>\n","protected":false},"excerpt":{"rendered":"<p>Cada mes l&#8217;alumnat de Primer de Prim\u00e0ria s&#8217;apr\u00e8n un poema i el reciten al mat\u00ed quan arriben a l&#8217;escola. -\u201cBon [&hellip;]<\/p>\n","protected":false},"author":5,"featured_media":17431,"comment_status":"open","ping_status":"closed","sticky":false,"template":"","format":"standard","meta":{"_bbp_topic_count":0,"_bbp_reply_count":0,"_bbp_total_topic_count":0,"_bbp_total_reply_count":0,"_bbp_voice_count":0,"_bbp_anonymous_reply_count":0,"_bbp_topic_count_hidden":0,"_bbp_reply_count_hidden":0,"_bbp_forum_subforum_count":0,"site-sidebar-layout":"default","site-content-layout":"","ast-site-content-layout":"","site-content-style":"default","site-sidebar-style":"default","ast-global-header-display":"","ast-banner-title-visibility":"","ast-main-header-display":"","ast-hfb-above-header-display":"","ast-hfb-below-header-display":"","ast-hfb-mobile-header-display":"","site-post-title":"","ast-breadcrumbs-content":"","ast-featured-img":"","footer-sml-layout":"","theme-transparent-header-meta":"","adv-header-id-meta":"","stick-header-meta":"","header-above-stick-meta":"","header-main-stick-meta":"","header-below-stick-meta":"","astra-migrate-meta-layouts":"default","ast-page-background-enabled":"default","ast-page-background-meta":{"desktop":{"background-color":"var(--ast-global-color-4)","background-image":"","background-repeat":"repeat","background-position":"center center","background-size":"auto","background-attachment":"scroll","background-type":"","background-media":"","overlay-type":"","overlay-color":"","overlay-opacity":"","overlay-gradient":""},"tablet":{"background-color":"","background-image":"","background-repeat":"repeat","background-position":"center center","background-size":"auto","background-attachment":"scroll","background-type":"","background-media":"","overlay-type":"","overlay-color":"","overlay-opacity":"","overlay-gradient":""},"mobile":{"background-color":"","background-image":"","background-repeat":"repeat","background-position":"center center","background-size":"auto","background-attachment":"scroll","background-type":"","background-media":"","overlay-type":"","overlay-color":"","overlay-opacity":"","overlay-gradient":""}},"ast-content-background-meta":{"desktop":{"background-color":"var(--ast-global-color-5)","background-image":"","background-repeat":"repeat","background-position":"center center","background-size":"auto","background-attachment":"scroll","background-type":"","background-media":"","overlay-type":"","overlay-color":"","overlay-opacity":"","overlay-gradient":""},"tablet":{"background-color":"var(--ast-global-color-5)","background-image":"","background-repeat":"repeat","background-position":"center center","background-size":"auto","background-attachment":"scroll","background-type":"","background-media":"","overlay-type":"","overlay-color":"","overlay-opacity":"","overlay-gradient":""},"mobile":{"background-color":"var(--ast-global-color-5)","background-image":"","background-repeat":"repeat","background-position":"center center","background-size":"auto","background-attachment":"scroll","background-type":"","background-media":"","overlay-type":"","overlay-color":"","overlay-opacity":"","overlay-gradient":""}},"footnotes":""},"categories":[1,29,8],"tags":[],"class_list":["post-17430","post","type-post","status-publish","format-standard","has-post-thumbnail","hentry","category-bloctarres","category-portada","category-primaria"],"post_mailing_queue_ids":[],"_links":{"self":[{"href":"https:\/\/agora.xtec.cat\/col-tarres\/wp-json\/wp\/v2\/posts\/17430","targetHints":{"allow":["GET"]}}],"collection":[{"href":"https:\/\/agora.xtec.cat\/col-tarres\/wp-json\/wp\/v2\/posts"}],"about":[{"href":"https:\/\/agora.xtec.cat\/col-tarres\/wp-json\/wp\/v2\/types\/post"}],"author":[{"embeddable":true,"href":"https:\/\/agora.xtec.cat\/col-tarres\/wp-json\/wp\/v2\/users\/5"}],"replies":[{"embeddable":true,"href":"https:\/\/agora.xtec.cat\/col-tarres\/wp-json\/wp\/v2\/comments?post=17430"}],"version-history":[{"count":7,"href":"https:\/\/agora.xtec.cat\/col-tarres\/wp-json\/wp\/v2\/posts\/17430\/revisions"}],"predecessor-version":[{"id":17458,"href":"https:\/\/agora.xtec.cat\/col-tarres\/wp-json\/wp\/v2\/posts\/17430\/revisions\/17458"}],"wp:featuredmedia":[{"embeddable":true,"href":"https:\/\/agora.xtec.cat\/col-tarres\/wp-json\/wp\/v2\/media\/17431"}],"wp:attachment":[{"href":"https:\/\/agora.xtec.cat\/col-tarres\/wp-json\/wp\/v2\/media?parent=17430"}],"wp:term":[{"taxonomy":"category","embeddable":true,"href":"https:\/\/agora.xtec.cat\/col-tarres\/wp-json\/wp\/v2\/categories?post=17430"},{"taxonomy":"post_tag","embeddable":true,"href":"https:\/\/agora.xtec.cat\/col-tarres\/wp-json\/wp\/v2\/tags?post=17430"}],"curies":[{"name":"wp","href":"https:\/\/api.w.org\/{rel}","templated":true}]}}