{"id":17412,"date":"2024-05-07T13:05:59","date_gmt":"2024-05-07T11:05:59","guid":{"rendered":"https:\/\/agora.xtec.cat\/col-tarres\/?p=17412"},"modified":"2024-05-16T19:14:48","modified_gmt":"2024-05-16T17:14:48","slug":"jornades-familiars-cicle-inicial","status":"publish","type":"post","link":"https:\/\/agora.xtec.cat\/col-tarres\/bloctarres\/jornades-familiars-cicle-inicial\/","title":{"rendered":"Jornades familiars (1r Prim\u00e0ria)"},"content":{"rendered":"<p>A <strong>1r de Prim\u00e0ria<\/strong>, durant el mes d&#8217;abril,\u00a0 han tingut lloc les <strong>Jornades Familiars<\/strong>.<\/p>\n<p>Infants i fam\u00edlies han gaudit d&#8217;una gran setmana plena de diferents activitats, i per aix\u00f2 volem agrair a les fam\u00edlies la seva col\u00b7laboraci\u00f3 i sobretot les activitats tan interessants que ens han portat a l&#8217;aula, com per exemple explicar els seus <strong>oficis<\/strong>, narrar <strong>contes<\/strong>, fer <strong>treballs manuals<\/strong>, aprendre <strong>jocs<\/strong>, practicar <strong>esports<\/strong>, donar a con\u00e8ixer les seves <strong>mascotes<\/strong>, etc.<\/p>\n<p>Aquestes trobades ens han perm\u00e8s con\u00e8ixer-nos una mica m\u00e9s i gaudir plegats d&#8217;una experi\u00e8ncia molt enriquidora i divertida.<\/p>\n<p>Gr\u00e0cies, fam\u00edlies!<\/p>\n<p>Si voleu veure les fotografies de primer, feu clic\u00a0<a href=\"https:\/\/drive.google.com\/drive\/u\/0\/folders\/13tzog0at4IXt3U2sqIuBS6ONqg5LHevL\">aqu\u00ed!<\/a><\/p>\n<div><\/div>\n<div><a href=\"https:\/\/drive.google.com\/drive\/u\/0\/folders\/13tzog0at4IXt3U2sqIuBS6ONqg5LHevL\"><img loading=\"lazy\" decoding=\"async\" class=\"wp-image-17413 aligncenter\" src=\"https:\/\/agora.xtec.cat\/col-tarres\/wp-content\/uploads\/usu1585\/2024\/05\/Captura-de-Pantalla-2024-05-01-a-les-21.20.40.png\" alt=\"\" width=\"428\" height=\"329\" srcset=\"https:\/\/agora.xtec.cat\/col-tarres\/wp-content\/uploads\/usu1585\/2024\/05\/Captura-de-Pantalla-2024-05-01-a-les-21.20.40.png 1142w, https:\/\/agora.xtec.cat\/col-tarres\/wp-content\/uploads\/usu1585\/2024\/05\/Captura-de-Pantalla-2024-05-01-a-les-21.20.40-300x230.png 300w, https:\/\/agora.xtec.cat\/col-tarres\/wp-content\/uploads\/usu1585\/2024\/05\/Captura-de-Pantalla-2024-05-01-a-les-21.20.40-1024x785.png 1024w, https:\/\/agora.xtec.cat\/col-tarres\/wp-content\/uploads\/usu1585\/2024\/05\/Captura-de-Pantalla-2024-05-01-a-les-21.20.40-768x589.png 768w\" sizes=\"auto, (max-width: 428px) 100vw, 428px\" \/><\/a><\/div>\n","protected":false},"excerpt":{"rendered":"<p>A 1r de Prim\u00e0ria, durant el mes d&#8217;abril,\u00a0 han tingut lloc les Jornades Familiars. Infants i fam\u00edlies han gaudit d&#8217;una [&hellip;]<\/p>\n","protected":false},"author":5,"featured_media":17413,"comment_status":"open","ping_status":"closed","sticky":false,"template":"","format":"standard","meta":{"_bbp_topic_count":0,"_bbp_reply_count":0,"_bbp_total_topic_count":0,"_bbp_total_reply_count":0,"_bbp_voice_count":0,"_bbp_anonymous_reply_count":0,"_bbp_topic_count_hidden":0,"_bbp_reply_count_hidden":0,"_bbp_forum_subforum_count":0,"site-sidebar-layout":"default","site-content-layout":"","ast-site-content-layout":"","site-content-style":"default","site-sidebar-style":"default","ast-global-header-display":"","ast-banner-title-visibility":"","ast-main-header-display":"","ast-hfb-above-header-display":"","ast-hfb-below-header-display":"","ast-hfb-mobile-header-display":"","site-post-title":"","ast-breadcrumbs-content":"","ast-featured-img":"","footer-sml-layout":"","theme-transparent-header-meta":"","adv-header-id-meta":"","stick-header-meta":"","header-above-stick-meta":"","header-main-stick-meta":"","header-below-stick-meta":"","astra-migrate-meta-layouts":"default","ast-page-background-enabled":"default","ast-page-background-meta":{"desktop":{"background-color":"var(--ast-global-color-4)","background-image":"","background-repeat":"repeat","background-position":"center center","background-size":"auto","background-attachment":"scroll","background-type":"","background-media":"","overlay-type":"","overlay-color":"","overlay-opacity":"","overlay-gradient":""},"tablet":{"background-color":"","background-image":"","background-repeat":"repeat","background-position":"center center","background-size":"auto","background-attachment":"scroll","background-type":"","background-media":"","overlay-type":"","overlay-color":"","overlay-opacity":"","overlay-gradient":""},"mobile":{"background-color":"","background-image":"","background-repeat":"repeat","background-position":"center center","background-size":"auto","background-attachment":"scroll","background-type":"","background-media":"","overlay-type":"","overlay-color":"","overlay-opacity":"","overlay-gradient":""}},"ast-content-background-meta":{"desktop":{"background-color":"var(--ast-global-color-5)","background-image":"","background-repeat":"repeat","background-position":"center center","background-size":"auto","background-attachment":"scroll","background-type":"","background-media":"","overlay-type":"","overlay-color":"","overlay-opacity":"","overlay-gradient":""},"tablet":{"background-color":"var(--ast-global-color-5)","background-image":"","background-repeat":"repeat","background-position":"center center","background-size":"auto","background-attachment":"scroll","background-type":"","background-media":"","overlay-type":"","overlay-color":"","overlay-opacity":"","overlay-gradient":""},"mobile":{"background-color":"var(--ast-global-color-5)","background-image":"","background-repeat":"repeat","background-position":"center center","background-size":"auto","background-attachment":"scroll","background-type":"","background-media":"","overlay-type":"","overlay-color":"","overlay-opacity":"","overlay-gradient":""}},"footnotes":""},"categories":[1,29,8],"tags":[],"class_list":["post-17412","post","type-post","status-publish","format-standard","has-post-thumbnail","hentry","category-bloctarres","category-portada","category-primaria"],"post_mailing_queue_ids":[],"_links":{"self":[{"href":"https:\/\/agora.xtec.cat\/col-tarres\/wp-json\/wp\/v2\/posts\/17412","targetHints":{"allow":["GET"]}}],"collection":[{"href":"https:\/\/agora.xtec.cat\/col-tarres\/wp-json\/wp\/v2\/posts"}],"about":[{"href":"https:\/\/agora.xtec.cat\/col-tarres\/wp-json\/wp\/v2\/types\/post"}],"author":[{"embeddable":true,"href":"https:\/\/agora.xtec.cat\/col-tarres\/wp-json\/wp\/v2\/users\/5"}],"replies":[{"embeddable":true,"href":"https:\/\/agora.xtec.cat\/col-tarres\/wp-json\/wp\/v2\/comments?post=17412"}],"version-history":[{"count":6,"href":"https:\/\/agora.xtec.cat\/col-tarres\/wp-json\/wp\/v2\/posts\/17412\/revisions"}],"predecessor-version":[{"id":17454,"href":"https:\/\/agora.xtec.cat\/col-tarres\/wp-json\/wp\/v2\/posts\/17412\/revisions\/17454"}],"wp:featuredmedia":[{"embeddable":true,"href":"https:\/\/agora.xtec.cat\/col-tarres\/wp-json\/wp\/v2\/media\/17413"}],"wp:attachment":[{"href":"https:\/\/agora.xtec.cat\/col-tarres\/wp-json\/wp\/v2\/media?parent=17412"}],"wp:term":[{"taxonomy":"category","embeddable":true,"href":"https:\/\/agora.xtec.cat\/col-tarres\/wp-json\/wp\/v2\/categories?post=17412"},{"taxonomy":"post_tag","embeddable":true,"href":"https:\/\/agora.xtec.cat\/col-tarres\/wp-json\/wp\/v2\/tags?post=17412"}],"curies":[{"name":"wp","href":"https:\/\/api.w.org\/{rel}","templated":true}]}}