{"id":17407,"date":"2024-05-07T13:06:22","date_gmt":"2024-05-07T11:06:22","guid":{"rendered":"https:\/\/agora.xtec.cat\/col-tarres\/?p=17407"},"modified":"2024-05-07T13:09:26","modified_gmt":"2024-05-07T11:09:26","slug":"colonies-a-sant-feliu-de-buixalleu-cicle-inicial","status":"publish","type":"post","link":"https:\/\/agora.xtec.cat\/col-tarres\/bloctarres\/colonies-a-sant-feliu-de-buixalleu-cicle-inicial\/","title":{"rendered":"Col\u00f2nies a Sant Feliu de Buixalleu (Cicle Inicial)"},"content":{"rendered":"<p>Del 24 al 26 d&#8217;abril, els nens i les nenes de Cicle Inicial vam marxar de col\u00f2nies a Sant Feliu de Buixalleu a una Masia al peu del parc natural del Montseny, al mig d\u2019un paratge natural.<\/p>\n<p>Vam con\u00e8ixer al Proto, un extraterrestre groc molt divertit que parlava protoni\u00e0. Vam ajudar-lo a aconseguir una clau que necessitava per la seva missi\u00f3.<\/p>\n<p>Les activitats estaven basades en el centre d&#8217;inter\u00e8s sobre el sistema solar. Vam fer una gimcana per convertir-nos en astronautes, un circuit d&#8217;aventura amb ponts, plataformes i tirolina final. Tamb\u00e9\u00a0 vam visitar un planetari per descobrir els secrets de la Lluna i dels planetes, ens van passar per sobre planetes gegants! Per descomptat, vam dur a terme jocs de nit, un teatre de titelles i vam ballar a la mini disco. Aquestes darreres s\u00f3n ja tot un cl\u00e0ssic!<\/p>\n<p>Ens ho vam passar molt b\u00e9, tan b\u00e9 que se\u2019ns va fer massa curt i tot.<\/p>\n<p>Aqu\u00ed us deixem un recull de fotos d\u2019alguns moments.<\/p>\n<p><a href=\"https:\/\/drive.google.com\/drive\/u\/0\/folders\/15C_Yf30u_ofcPfHUbQfSZtUKzqek29UL\">IMATGES COL\u00d2NIES CICLE INICIAL<\/a><\/p>\n<p><img loading=\"lazy\" decoding=\"async\" class=\"aligncenter size-full wp-image-17410\" src=\"https:\/\/agora.xtec.cat\/col-tarres\/wp-content\/uploads\/usu1585\/2024\/05\/6b49f7c0-cbb3-470a-8d7c-71ef1484719b.jpg\" alt=\"\" width=\"1536\" height=\"2048\" srcset=\"https:\/\/agora.xtec.cat\/col-tarres\/wp-content\/uploads\/usu1585\/2024\/05\/6b49f7c0-cbb3-470a-8d7c-71ef1484719b.jpg 1536w, https:\/\/agora.xtec.cat\/col-tarres\/wp-content\/uploads\/usu1585\/2024\/05\/6b49f7c0-cbb3-470a-8d7c-71ef1484719b-225x300.jpg 225w, https:\/\/agora.xtec.cat\/col-tarres\/wp-content\/uploads\/usu1585\/2024\/05\/6b49f7c0-cbb3-470a-8d7c-71ef1484719b-768x1024.jpg 768w, https:\/\/agora.xtec.cat\/col-tarres\/wp-content\/uploads\/usu1585\/2024\/05\/6b49f7c0-cbb3-470a-8d7c-71ef1484719b-1152x1536.jpg 1152w\" sizes=\"auto, (max-width: 1536px) 100vw, 1536px\" \/><\/p>\n","protected":false},"excerpt":{"rendered":"<p>Del 24 al 26 d&#8217;abril, els nens i les nenes de Cicle Inicial vam marxar de col\u00f2nies a Sant Feliu [&hellip;]<\/p>\n","protected":false},"author":5,"featured_media":17410,"comment_status":"open","ping_status":"closed","sticky":false,"template":"","format":"standard","meta":{"_bbp_topic_count":0,"_bbp_reply_count":0,"_bbp_total_topic_count":0,"_bbp_total_reply_count":0,"_bbp_voice_count":0,"_bbp_anonymous_reply_count":0,"_bbp_topic_count_hidden":0,"_bbp_reply_count_hidden":0,"_bbp_forum_subforum_count":0,"site-sidebar-layout":"default","site-content-layout":"","ast-site-content-layout":"","site-content-style":"default","site-sidebar-style":"default","ast-global-header-display":"","ast-banner-title-visibility":"","ast-main-header-display":"","ast-hfb-above-header-display":"","ast-hfb-below-header-display":"","ast-hfb-mobile-header-display":"","site-post-title":"","ast-breadcrumbs-content":"","ast-featured-img":"","footer-sml-layout":"","theme-transparent-header-meta":"","adv-header-id-meta":"","stick-header-meta":"","header-above-stick-meta":"","header-main-stick-meta":"","header-below-stick-meta":"","astra-migrate-meta-layouts":"default","ast-page-background-enabled":"default","ast-page-background-meta":{"desktop":{"background-color":"var(--ast-global-color-4)","background-image":"","background-repeat":"repeat","background-position":"center center","background-size":"auto","background-attachment":"scroll","background-type":"","background-media":"","overlay-type":"","overlay-color":"","overlay-opacity":"","overlay-gradient":""},"tablet":{"background-color":"","background-image":"","background-repeat":"repeat","background-position":"center center","background-size":"auto","background-attachment":"scroll","background-type":"","background-media":"","overlay-type":"","overlay-color":"","overlay-opacity":"","overlay-gradient":""},"mobile":{"background-color":"","background-image":"","background-repeat":"repeat","background-position":"center center","background-size":"auto","background-attachment":"scroll","background-type":"","background-media":"","overlay-type":"","overlay-color":"","overlay-opacity":"","overlay-gradient":""}},"ast-content-background-meta":{"desktop":{"background-color":"var(--ast-global-color-5)","background-image":"","background-repeat":"repeat","background-position":"center center","background-size":"auto","background-attachment":"scroll","background-type":"","background-media":"","overlay-type":"","overlay-color":"","overlay-opacity":"","overlay-gradient":""},"tablet":{"background-color":"var(--ast-global-color-5)","background-image":"","background-repeat":"repeat","background-position":"center center","background-size":"auto","background-attachment":"scroll","background-type":"","background-media":"","overlay-type":"","overlay-color":"","overlay-opacity":"","overlay-gradient":""},"mobile":{"background-color":"var(--ast-global-color-5)","background-image":"","background-repeat":"repeat","background-position":"center center","background-size":"auto","background-attachment":"scroll","background-type":"","background-media":"","overlay-type":"","overlay-color":"","overlay-opacity":"","overlay-gradient":""}},"footnotes":""},"categories":[1,29,8],"tags":[],"class_list":["post-17407","post","type-post","status-publish","format-standard","has-post-thumbnail","hentry","category-bloctarres","category-portada","category-primaria"],"post_mailing_queue_ids":[],"_links":{"self":[{"href":"https:\/\/agora.xtec.cat\/col-tarres\/wp-json\/wp\/v2\/posts\/17407","targetHints":{"allow":["GET"]}}],"collection":[{"href":"https:\/\/agora.xtec.cat\/col-tarres\/wp-json\/wp\/v2\/posts"}],"about":[{"href":"https:\/\/agora.xtec.cat\/col-tarres\/wp-json\/wp\/v2\/types\/post"}],"author":[{"embeddable":true,"href":"https:\/\/agora.xtec.cat\/col-tarres\/wp-json\/wp\/v2\/users\/5"}],"replies":[{"embeddable":true,"href":"https:\/\/agora.xtec.cat\/col-tarres\/wp-json\/wp\/v2\/comments?post=17407"}],"version-history":[{"count":5,"href":"https:\/\/agora.xtec.cat\/col-tarres\/wp-json\/wp\/v2\/posts\/17407\/revisions"}],"predecessor-version":[{"id":17445,"href":"https:\/\/agora.xtec.cat\/col-tarres\/wp-json\/wp\/v2\/posts\/17407\/revisions\/17445"}],"wp:featuredmedia":[{"embeddable":true,"href":"https:\/\/agora.xtec.cat\/col-tarres\/wp-json\/wp\/v2\/media\/17410"}],"wp:attachment":[{"href":"https:\/\/agora.xtec.cat\/col-tarres\/wp-json\/wp\/v2\/media?parent=17407"}],"wp:term":[{"taxonomy":"category","embeddable":true,"href":"https:\/\/agora.xtec.cat\/col-tarres\/wp-json\/wp\/v2\/categories?post=17407"},{"taxonomy":"post_tag","embeddable":true,"href":"https:\/\/agora.xtec.cat\/col-tarres\/wp-json\/wp\/v2\/tags?post=17407"}],"curies":[{"name":"wp","href":"https:\/\/api.w.org\/{rel}","templated":true}]}}