{"id":17354,"date":"2024-04-14T19:41:30","date_gmt":"2024-04-14T17:41:30","guid":{"rendered":"https:\/\/agora.xtec.cat\/col-tarres\/?p=17354"},"modified":"2024-04-14T19:41:30","modified_gmt":"2024-04-14T17:41:30","slug":"viatge-de-fi-destudis-4t-eso","status":"publish","type":"post","link":"https:\/\/agora.xtec.cat\/col-tarres\/bloctarres\/viatge-de-fi-destudis-4t-eso\/","title":{"rendered":"Viatge de fi d&#8217;estudis (4t ESO)"},"content":{"rendered":"<p><img loading=\"lazy\" decoding=\"async\" class=\" wp-image-17355 aligncenter\" src=\"https:\/\/agora.xtec.cat\/col-tarres\/wp-content\/uploads\/usu1585\/2024\/04\/portada-1024x768.jpg\" alt=\"\" width=\"835\" height=\"626\" srcset=\"https:\/\/agora.xtec.cat\/col-tarres\/wp-content\/uploads\/usu1585\/2024\/04\/portada-1024x768.jpg 1024w, https:\/\/agora.xtec.cat\/col-tarres\/wp-content\/uploads\/usu1585\/2024\/04\/portada-300x225.jpg 300w, https:\/\/agora.xtec.cat\/col-tarres\/wp-content\/uploads\/usu1585\/2024\/04\/portada-768x576.jpg 768w, https:\/\/agora.xtec.cat\/col-tarres\/wp-content\/uploads\/usu1585\/2024\/04\/portada-1536x1152.jpg 1536w, https:\/\/agora.xtec.cat\/col-tarres\/wp-content\/uploads\/usu1585\/2024\/04\/portada-200x150.jpg 200w, https:\/\/agora.xtec.cat\/col-tarres\/wp-content\/uploads\/usu1585\/2024\/04\/portada.jpg 2048w\" sizes=\"auto, (max-width: 835px) 100vw, 835px\" \/><\/p>\n<p>Els nois i noies de <strong>4t d&#8217;ESO<\/strong> han tingut el plaer de gaudir d&#8217;uns dies de desconenxi\u00f3 durant el seu <strong>viatge de final d&#8217;etapa<\/strong> pel Mediterrani.<\/p>\n<p>Ha estat un viatge d&#8217;una setmana visitant les <strong>principals ciutats de la riba mediterr\u00e0nia<\/strong>: Marsella, G\u00e8nova, Roma, Palerm i La Valleta. Han pogut con\u00e8ixer les ciutats amb m\u00e9s rellev\u00e0ncia hist\u00f2rica, bressol de la nostra cultura i de visita obligada pels seus enormes atractius gastron\u00f2mics, culturals, etc.<\/p>\n<p>A m\u00e9s, ha estat una magn\u00edfica ocasi\u00f3 per crear un bon grapat de <strong>records i viv\u00e8ncies inoblidables<\/strong> dels dies que han compartit. Una ocasi\u00f3 per poder-se acomiadar dels que han estat els seus companys i companyes, alguns, durant els darrers <strong>13 anys<\/strong>, quan van comen\u00e7ar a P\u00e0rvuls.<\/p>\n<p>Per veure les imatges d&#8217;aquest viatge <a href=\"https:\/\/drive.google.com\/drive\/folders\/1XZea_xFibnO76Fp0bttmmc6mG0Ea0rRA?usp=drive_link\">premeu aqu\u00ed<\/a>.<\/p>\n<p><em>Recordeu que per accedir a la carpeta Drive ho heu de fer des del\u00a0<strong>compte Google del vostre fill o filla<\/strong>\u00a0(nomcognom@escolatarres.com).<\/em><\/p>\n","protected":false},"excerpt":{"rendered":"<p>Els nois i noies de 4t d&#8217;ESO han tingut el plaer de gaudir d&#8217;uns dies de desconenxi\u00f3 durant el seu [&hellip;]<\/p>\n","protected":false},"author":1,"featured_media":17355,"comment_status":"open","ping_status":"closed","sticky":false,"template":"","format":"standard","meta":{"_bbp_topic_count":0,"_bbp_reply_count":0,"_bbp_total_topic_count":0,"_bbp_total_reply_count":0,"_bbp_voice_count":0,"_bbp_anonymous_reply_count":0,"_bbp_topic_count_hidden":0,"_bbp_reply_count_hidden":0,"_bbp_forum_subforum_count":0,"site-sidebar-layout":"default","site-content-layout":"","ast-site-content-layout":"","site-content-style":"default","site-sidebar-style":"default","ast-global-header-display":"","ast-banner-title-visibility":"","ast-main-header-display":"","ast-hfb-above-header-display":"","ast-hfb-below-header-display":"","ast-hfb-mobile-header-display":"","site-post-title":"","ast-breadcrumbs-content":"","ast-featured-img":"","footer-sml-layout":"","theme-transparent-header-meta":"","adv-header-id-meta":"","stick-header-meta":"","header-above-stick-meta":"","header-main-stick-meta":"","header-below-stick-meta":"","astra-migrate-meta-layouts":"default","ast-page-background-enabled":"default","ast-page-background-meta":{"desktop":{"background-color":"var(--ast-global-color-4)","background-image":"","background-repeat":"repeat","background-position":"center center","background-size":"auto","background-attachment":"scroll","background-type":"","background-media":"","overlay-type":"","overlay-color":"","overlay-opacity":"","overlay-gradient":""},"tablet":{"background-color":"","background-image":"","background-repeat":"repeat","background-position":"center center","background-size":"auto","background-attachment":"scroll","background-type":"","background-media":"","overlay-type":"","overlay-color":"","overlay-opacity":"","overlay-gradient":""},"mobile":{"background-color":"","background-image":"","background-repeat":"repeat","background-position":"center center","background-size":"auto","background-attachment":"scroll","background-type":"","background-media":"","overlay-type":"","overlay-color":"","overlay-opacity":"","overlay-gradient":""}},"ast-content-background-meta":{"desktop":{"background-color":"var(--ast-global-color-5)","background-image":"","background-repeat":"repeat","background-position":"center center","background-size":"auto","background-attachment":"scroll","background-type":"","background-media":"","overlay-type":"","overlay-color":"","overlay-opacity":"","overlay-gradient":""},"tablet":{"background-color":"var(--ast-global-color-5)","background-image":"","background-repeat":"repeat","background-position":"center center","background-size":"auto","background-attachment":"scroll","background-type":"","background-media":"","overlay-type":"","overlay-color":"","overlay-opacity":"","overlay-gradient":""},"mobile":{"background-color":"var(--ast-global-color-5)","background-image":"","background-repeat":"repeat","background-position":"center center","background-size":"auto","background-attachment":"scroll","background-type":"","background-media":"","overlay-type":"","overlay-color":"","overlay-opacity":"","overlay-gradient":""}},"footnotes":""},"categories":[1,29,3],"tags":[],"class_list":["post-17354","post","type-post","status-publish","format-standard","has-post-thumbnail","hentry","category-bloctarres","category-portada","category-eso"],"post_mailing_queue_ids":[],"_links":{"self":[{"href":"https:\/\/agora.xtec.cat\/col-tarres\/wp-json\/wp\/v2\/posts\/17354","targetHints":{"allow":["GET"]}}],"collection":[{"href":"https:\/\/agora.xtec.cat\/col-tarres\/wp-json\/wp\/v2\/posts"}],"about":[{"href":"https:\/\/agora.xtec.cat\/col-tarres\/wp-json\/wp\/v2\/types\/post"}],"author":[{"embeddable":true,"href":"https:\/\/agora.xtec.cat\/col-tarres\/wp-json\/wp\/v2\/users\/1"}],"replies":[{"embeddable":true,"href":"https:\/\/agora.xtec.cat\/col-tarres\/wp-json\/wp\/v2\/comments?post=17354"}],"version-history":[{"count":1,"href":"https:\/\/agora.xtec.cat\/col-tarres\/wp-json\/wp\/v2\/posts\/17354\/revisions"}],"predecessor-version":[{"id":17356,"href":"https:\/\/agora.xtec.cat\/col-tarres\/wp-json\/wp\/v2\/posts\/17354\/revisions\/17356"}],"wp:featuredmedia":[{"embeddable":true,"href":"https:\/\/agora.xtec.cat\/col-tarres\/wp-json\/wp\/v2\/media\/17355"}],"wp:attachment":[{"href":"https:\/\/agora.xtec.cat\/col-tarres\/wp-json\/wp\/v2\/media?parent=17354"}],"wp:term":[{"taxonomy":"category","embeddable":true,"href":"https:\/\/agora.xtec.cat\/col-tarres\/wp-json\/wp\/v2\/categories?post=17354"},{"taxonomy":"post_tag","embeddable":true,"href":"https:\/\/agora.xtec.cat\/col-tarres\/wp-json\/wp\/v2\/tags?post=17354"}],"curies":[{"name":"wp","href":"https:\/\/api.w.org\/{rel}","templated":true}]}}