{"id":17044,"date":"2024-01-03T18:34:20","date_gmt":"2024-01-03T17:34:20","guid":{"rendered":"https:\/\/agora.xtec.cat\/col-tarres\/?p=17044"},"modified":"2026-01-06T12:29:00","modified_gmt":"2026-01-06T11:29:00","slug":"millores-2023","status":"publish","type":"post","link":"https:\/\/agora.xtec.cat\/col-tarres\/bloctarres\/millores-2023\/","title":{"rendered":"Millores a l&#8217;Escola durant el 2023"},"content":{"rendered":"\n<p>Ara que comencem un nou any, volem repassar les actuacions de <strong>millora i <\/strong><strong>renovaci\u00f3<\/strong><strong>&nbsp;de les instal\u00b7lacions<\/strong> que hem dut a terme durant l&#8217;any <strong>2023<\/strong> a l&#8217;Escola.<\/p>\n\n\n\n<p>A l&#8217;estiu <span style=\"font-weight: 400;\"><span style=\"font-weight: 400;\">es va instal\u00b7lar <strong>bomba de calor<\/strong> a les<strong> 3 aules d\u2019Infantil <\/strong>i durant el Nadal s&#8217;ha instal\u00b7lat a la <strong>sala de Psicomotricitat<\/strong>. Amb aquest nou sistema de climatitzaci\u00f3 pretenem aconseguir el m\u00e0xim confort t\u00e8rmic d\u2019infants i mestres, tant a l\u2019estiu com a l\u2019hivern. La instal\u00b7laci\u00f3 al sostre ha perm\u00e8s alliberar espais a les parets, guanyant nous llocs d\u2019emmagatzematge a l&#8217;eliminar els radiadors i acumuladors.<\/span><\/span><\/p>\n\n\n\n<figure class=\"wp-block-table\"><table class=\"has-fixed-layout\"><tbody><tr><td><figure><img loading=\"lazy\" decoding=\"async\" class=\"wp-image-17050 aligncenter\" src=\"https:\/\/agora.xtec.cat\/col-tarres\/wp-content\/uploads\/usu1585\/2023\/12\/IMG_0685-1-1024x768.jpg\" alt=\"\" width=\"497\" height=\"373\" srcset=\"https:\/\/agora.xtec.cat\/col-tarres\/wp-content\/uploads\/usu1585\/2023\/12\/IMG_0685-1-1024x768.jpg 1024w, https:\/\/agora.xtec.cat\/col-tarres\/wp-content\/uploads\/usu1585\/2023\/12\/IMG_0685-1-300x225.jpg 300w, https:\/\/agora.xtec.cat\/col-tarres\/wp-content\/uploads\/usu1585\/2023\/12\/IMG_0685-1-768x576.jpg 768w, https:\/\/agora.xtec.cat\/col-tarres\/wp-content\/uploads\/usu1585\/2023\/12\/IMG_0685-1-1536x1152.jpg 1536w, https:\/\/agora.xtec.cat\/col-tarres\/wp-content\/uploads\/usu1585\/2023\/12\/IMG_0685-1-2048x1536.jpg 2048w, https:\/\/agora.xtec.cat\/col-tarres\/wp-content\/uploads\/usu1585\/2023\/12\/IMG_0685-1-200x150.jpg 200w\" sizes=\"auto, (max-width: 497px) 100vw, 497px\" \/><\/figure><\/td><td><figure><img loading=\"lazy\" decoding=\"async\" class=\"aligncenter wp-image-17071\" src=\"https:\/\/agora.xtec.cat\/col-tarres\/wp-content\/uploads\/usu1585\/2023\/12\/IMG_5197-1024x768.jpg\" alt=\"\" width=\"483\" height=\"362\"><\/figure><\/td><\/tr><tr><td><em>Bomba de calor a l&#8217;aula d&#8217;Infantil-3.<\/em><\/td><td><em>Bomba de calor a la sala de Psicomotricitat.<\/em><\/td><\/tr><\/tbody><\/table><\/figure>\n\n\n\n<p><span style=\"font-weight: 400;\">A l&#8217;estiu es va acabar d&#8217;instal\u00b7lar <strong>ventiladors<\/strong> <strong>a totes les aules<\/strong> de grups-classe de Prim\u00e0ria i Secund\u00e0ria.<\/span><\/p>\n\n\n\n<figure class=\"wp-block-table\"><table class=\"has-fixed-layout\"><tbody><tr><td><figure><img loading=\"lazy\" decoding=\"async\" class=\"wp-image-17073 aligncenter\" src=\"https:\/\/agora.xtec.cat\/col-tarres\/wp-content\/uploads\/usu1585\/2023\/12\/IMG_5212-1024x768.jpg\" alt=\"\" width=\"477\" height=\"358\" srcset=\"https:\/\/agora.xtec.cat\/col-tarres\/wp-content\/uploads\/usu1585\/2023\/12\/IMG_5212-1024x768.jpg 1024w, https:\/\/agora.xtec.cat\/col-tarres\/wp-content\/uploads\/usu1585\/2023\/12\/IMG_5212-300x225.jpg 300w, https:\/\/agora.xtec.cat\/col-tarres\/wp-content\/uploads\/usu1585\/2023\/12\/IMG_5212-768x576.jpg 768w, https:\/\/agora.xtec.cat\/col-tarres\/wp-content\/uploads\/usu1585\/2023\/12\/IMG_5212-1536x1152.jpg 1536w, https:\/\/agora.xtec.cat\/col-tarres\/wp-content\/uploads\/usu1585\/2023\/12\/IMG_5212-2048x1536.jpg 2048w, https:\/\/agora.xtec.cat\/col-tarres\/wp-content\/uploads\/usu1585\/2023\/12\/IMG_5212-200x150.jpg 200w\" sizes=\"auto, (max-width: 477px) 100vw, 477px\" \/><\/figure><\/td><td><figure><img loading=\"lazy\" decoding=\"async\" class=\"wp-image-17075 aligncenter\" src=\"https:\/\/agora.xtec.cat\/col-tarres\/wp-content\/uploads\/usu1585\/2023\/12\/339140019_1384781785654914_3999819532684881552_n-1024x768.jpg\" alt=\"\" width=\"480\" height=\"360\" srcset=\"https:\/\/agora.xtec.cat\/col-tarres\/wp-content\/uploads\/usu1585\/2023\/12\/339140019_1384781785654914_3999819532684881552_n-1024x768.jpg 1024w, https:\/\/agora.xtec.cat\/col-tarres\/wp-content\/uploads\/usu1585\/2023\/12\/339140019_1384781785654914_3999819532684881552_n-300x225.jpg 300w, https:\/\/agora.xtec.cat\/col-tarres\/wp-content\/uploads\/usu1585\/2023\/12\/339140019_1384781785654914_3999819532684881552_n-768x576.jpg 768w, https:\/\/agora.xtec.cat\/col-tarres\/wp-content\/uploads\/usu1585\/2023\/12\/339140019_1384781785654914_3999819532684881552_n-200x150.jpg 200w, https:\/\/agora.xtec.cat\/col-tarres\/wp-content\/uploads\/usu1585\/2023\/12\/339140019_1384781785654914_3999819532684881552_n.jpg 1440w\" sizes=\"auto, (max-width: 480px) 100vw, 480px\" \/><\/figure><\/td><\/tr><tr><td><em>Ventiladors a l&#8217;aula de 5\u00e8 de Prim\u00e0ria.<\/em><\/td><td><em>Ventiladors a l&#8217;aula de 2n d&#8217;ESO.<\/em><\/td><\/tr><\/tbody><\/table><\/figure>\n\n\n\n<p><span style=\"font-weight: 400;\">Durant les vacances de Nadal s\u2019han instal\u00b7lat <strong>22 plaques solars<\/strong> a la teulada de l\u2019edifici d\u2019Infantil i Prim\u00e0ria, corresponents a una pot\u00e8ncia de <strong>12,5 kWp.<\/strong> D\u2019aquesta manera, el 30-35% de l\u2019energia consumida en els mesos de fred i el 80-85% la resta de l&#8217;any tindr\u00e0 un origen 100% renovable. <span data-offset-key=\"2fka0-1-0\">A partir d&#8217;ara, l&#8217;Escola ser\u00e0 un espai m\u00e9s net, m\u00e9s sostenible i amb menys impacte ambiental. En conson\u00e0ncia amb els valors del nostre Projecte.<\/span><\/span><\/p>\n\n\n\n<figure class=\"wp-block-table\"><table class=\"has-fixed-layout\"><tbody><tr><td><figure><img loading=\"lazy\" decoding=\"async\" class=\"size-large wp-image-17077 aligncenter\" src=\"https:\/\/agora.xtec.cat\/col-tarres\/wp-content\/uploads\/usu1585\/2023\/12\/IMG_5203-1024x768.jpg\" alt=\"\" width=\"1024\" height=\"768\" srcset=\"https:\/\/agora.xtec.cat\/col-tarres\/wp-content\/uploads\/usu1585\/2023\/12\/IMG_5203-1024x768.jpg 1024w, https:\/\/agora.xtec.cat\/col-tarres\/wp-content\/uploads\/usu1585\/2023\/12\/IMG_5203-300x225.jpg 300w, https:\/\/agora.xtec.cat\/col-tarres\/wp-content\/uploads\/usu1585\/2023\/12\/IMG_5203-768x576.jpg 768w, https:\/\/agora.xtec.cat\/col-tarres\/wp-content\/uploads\/usu1585\/2023\/12\/IMG_5203-1536x1152.jpg 1536w, https:\/\/agora.xtec.cat\/col-tarres\/wp-content\/uploads\/usu1585\/2023\/12\/IMG_5203-2048x1536.jpg 2048w, https:\/\/agora.xtec.cat\/col-tarres\/wp-content\/uploads\/usu1585\/2023\/12\/IMG_5203-200x150.jpg 200w\" sizes=\"auto, (max-width: 1024px) 100vw, 1024px\" \/><\/figure><\/td><td><figure><img loading=\"lazy\" decoding=\"async\" class=\"size-large wp-image-17078 aligncenter\" src=\"https:\/\/agora.xtec.cat\/col-tarres\/wp-content\/uploads\/usu1585\/2023\/12\/IMG_5209-1024x768.jpg\" alt=\"\" width=\"1024\" height=\"768\" srcset=\"https:\/\/agora.xtec.cat\/col-tarres\/wp-content\/uploads\/usu1585\/2023\/12\/IMG_5209-1024x768.jpg 1024w, https:\/\/agora.xtec.cat\/col-tarres\/wp-content\/uploads\/usu1585\/2023\/12\/IMG_5209-300x225.jpg 300w, https:\/\/agora.xtec.cat\/col-tarres\/wp-content\/uploads\/usu1585\/2023\/12\/IMG_5209-768x576.jpg 768w, https:\/\/agora.xtec.cat\/col-tarres\/wp-content\/uploads\/usu1585\/2023\/12\/IMG_5209-1536x1152.jpg 1536w, https:\/\/agora.xtec.cat\/col-tarres\/wp-content\/uploads\/usu1585\/2023\/12\/IMG_5209-2048x1536.jpg 2048w, https:\/\/agora.xtec.cat\/col-tarres\/wp-content\/uploads\/usu1585\/2023\/12\/IMG_5209-200x150.jpg 200w\" sizes=\"auto, (max-width: 1024px) 100vw, 1024px\" \/><\/figure><\/td><\/tr><tr><td><em>Teulada costat pati.<\/em><\/td><td><em>Teulada costat carrer.<\/em><\/td><\/tr><\/tbody><\/table><\/figure>\n\n\n\n<p><span style=\"font-family: inherit; font-size: 1em;\">A la <\/span><strong style=\"font-family: inherit; font-size: 1em;\">sala de<\/strong> <strong style=\"font-family: inherit; font-size: 1em;\">psicomotricitat<\/strong><span style=\"font-family: inherit; font-size: 1em;\"> s\u2019ha renovat les <\/span><strong style=\"font-family: inherit; font-size: 1em;\">fusteries<\/strong><span style=\"font-family: inherit; font-size: 1em;\"> de les finestres per unes de noves amb millor a\u00efllament t\u00e8rmic i ac\u00fastic, i s\u2019ha instal\u00b7lat <\/span><strong style=\"font-family: inherit; font-size: 1em;\">gespa artificial<\/strong><span style=\"font-family: inherit; font-size: 1em;\"> a la terrasseta. Ara, els alumnes d\u2019Infantil poden utilitzar de forma m\u00e9s habitual aquest espai quan fa bon temps en les seves sessions de Psicomotricitat o a l&#8217;ambient d&#8217;Imagin\u00e0rium.<\/span><\/p>\n\n\n\n<figure class=\"wp-block-table\"><table class=\"has-fixed-layout\"><tbody><tr><td><figure><img loading=\"lazy\" decoding=\"async\" class=\" wp-image-17080 aligncenter\" src=\"https:\/\/agora.xtec.cat\/col-tarres\/wp-content\/uploads\/usu1585\/2023\/12\/IMG_5193-1024x768.jpg\" alt=\"\" width=\"480\" height=\"361\" srcset=\"https:\/\/agora.xtec.cat\/col-tarres\/wp-content\/uploads\/usu1585\/2023\/12\/IMG_5193-1024x768.jpg 1024w, https:\/\/agora.xtec.cat\/col-tarres\/wp-content\/uploads\/usu1585\/2023\/12\/IMG_5193-300x225.jpg 300w, https:\/\/agora.xtec.cat\/col-tarres\/wp-content\/uploads\/usu1585\/2023\/12\/IMG_5193-768x576.jpg 768w, https:\/\/agora.xtec.cat\/col-tarres\/wp-content\/uploads\/usu1585\/2023\/12\/IMG_5193-1536x1152.jpg 1536w, https:\/\/agora.xtec.cat\/col-tarres\/wp-content\/uploads\/usu1585\/2023\/12\/IMG_5193-2048x1536.jpg 2048w, https:\/\/agora.xtec.cat\/col-tarres\/wp-content\/uploads\/usu1585\/2023\/12\/IMG_5193-200x150.jpg 200w\" sizes=\"auto, (max-width: 480px) 100vw, 480px\" \/><\/figure><\/td><td><figure><img loading=\"lazy\" decoding=\"async\" class=\" wp-image-17079 aligncenter\" src=\"https:\/\/agora.xtec.cat\/col-tarres\/wp-content\/uploads\/usu1585\/2023\/12\/IMG_5194-1024x768.jpg\" alt=\"\" width=\"478\" height=\"358\" srcset=\"https:\/\/agora.xtec.cat\/col-tarres\/wp-content\/uploads\/usu1585\/2023\/12\/IMG_5194-1024x768.jpg 1024w, https:\/\/agora.xtec.cat\/col-tarres\/wp-content\/uploads\/usu1585\/2023\/12\/IMG_5194-300x225.jpg 300w, https:\/\/agora.xtec.cat\/col-tarres\/wp-content\/uploads\/usu1585\/2023\/12\/IMG_5194-768x576.jpg 768w, https:\/\/agora.xtec.cat\/col-tarres\/wp-content\/uploads\/usu1585\/2023\/12\/IMG_5194-1536x1152.jpg 1536w, https:\/\/agora.xtec.cat\/col-tarres\/wp-content\/uploads\/usu1585\/2023\/12\/IMG_5194-2048x1536.jpg 2048w, https:\/\/agora.xtec.cat\/col-tarres\/wp-content\/uploads\/usu1585\/2023\/12\/IMG_5194-200x150.jpg 200w\" sizes=\"auto, (max-width: 478px) 100vw, 478px\" \/><\/figure><\/td><\/tr><tr><td colspan=\"2\"><i>Aspecte de la renovada terrasseta de Psicomotricitat<\/i><\/td><\/tr><\/tbody><\/table><\/figure>\n\n\n\n<p><span style=\"font-weight: 400;\">S\u2019ha col\u00b7locat un nou <strong>passam\u00e0<\/strong> a doble altura a l\u2019escala de l\u2019edifici d\u2019Infantil i Prim\u00e0ria, a una al\u00e7ada de 90 i 70 cm, pels infants m\u00e9s petits.<\/span><\/p>\n\n\n\n<figure class=\"wp-block-table\"><table class=\"has-fixed-layout\"><tbody><tr><td><figure><img loading=\"lazy\" decoding=\"async\" class=\"size-large wp-image-17085 aligncenter\" src=\"https:\/\/agora.xtec.cat\/col-tarres\/wp-content\/uploads\/usu1585\/2023\/12\/IMG_5191-1024x768.jpg\" alt=\"\" width=\"1024\" height=\"768\" srcset=\"https:\/\/agora.xtec.cat\/col-tarres\/wp-content\/uploads\/usu1585\/2023\/12\/IMG_5191-1024x768.jpg 1024w, https:\/\/agora.xtec.cat\/col-tarres\/wp-content\/uploads\/usu1585\/2023\/12\/IMG_5191-300x225.jpg 300w, https:\/\/agora.xtec.cat\/col-tarres\/wp-content\/uploads\/usu1585\/2023\/12\/IMG_5191-768x576.jpg 768w, https:\/\/agora.xtec.cat\/col-tarres\/wp-content\/uploads\/usu1585\/2023\/12\/IMG_5191-1536x1152.jpg 1536w, https:\/\/agora.xtec.cat\/col-tarres\/wp-content\/uploads\/usu1585\/2023\/12\/IMG_5191-2048x1536.jpg 2048w, https:\/\/agora.xtec.cat\/col-tarres\/wp-content\/uploads\/usu1585\/2023\/12\/IMG_5191-200x150.jpg 200w\" sizes=\"auto, (max-width: 1024px) 100vw, 1024px\" \/><\/figure><\/td><td><figure><img loading=\"lazy\" decoding=\"async\" class=\"size-large wp-image-17084 aligncenter\" src=\"https:\/\/agora.xtec.cat\/col-tarres\/wp-content\/uploads\/usu1585\/2023\/12\/IMG_5190-1024x768.jpg\" alt=\"\" width=\"1024\" height=\"768\" srcset=\"https:\/\/agora.xtec.cat\/col-tarres\/wp-content\/uploads\/usu1585\/2023\/12\/IMG_5190-1024x768.jpg 1024w, https:\/\/agora.xtec.cat\/col-tarres\/wp-content\/uploads\/usu1585\/2023\/12\/IMG_5190-300x225.jpg 300w, https:\/\/agora.xtec.cat\/col-tarres\/wp-content\/uploads\/usu1585\/2023\/12\/IMG_5190-768x576.jpg 768w, https:\/\/agora.xtec.cat\/col-tarres\/wp-content\/uploads\/usu1585\/2023\/12\/IMG_5190-1536x1152.jpg 1536w, https:\/\/agora.xtec.cat\/col-tarres\/wp-content\/uploads\/usu1585\/2023\/12\/IMG_5190-2048x1536.jpg 2048w, https:\/\/agora.xtec.cat\/col-tarres\/wp-content\/uploads\/usu1585\/2023\/12\/IMG_5190-200x150.jpg 200w\" sizes=\"auto, (max-width: 1024px) 100vw, 1024px\" \/><\/figure><\/td><\/tr><tr><td colspan=\"2\"><em>Nou doble passam\u00e0 a l&#8217;Escala de Prim\u00e0ria.<\/em><\/td><\/tr><\/tbody><\/table><\/figure>\n\n\n\n<p><span style=\"font-weight: 400;\">Al <strong>terrat de Secund\u00e0ria<\/strong> s\u2019han comprat <strong>6 nous bancs<\/strong> per aix\u00ed disposar-ne un total de 10. En aquest mateix espai preveiem col\u00b7locar un tendal m\u00f2bil els pr\u00f2xims mesos, per tal de fer ombra a l&#8217;estiu.<\/span><\/p>\n\n\n\n<figure class=\"wp-block-table\"><table class=\"has-fixed-layout\"><tbody><tr><td><figure><img loading=\"lazy\" decoding=\"async\" class=\"alignnone size-large wp-image-17087\" src=\"https:\/\/agora.xtec.cat\/col-tarres\/wp-content\/uploads\/usu1585\/2023\/12\/IMG_5226-1024x768.jpg\" alt=\"\" width=\"1024\" height=\"768\" srcset=\"https:\/\/agora.xtec.cat\/col-tarres\/wp-content\/uploads\/usu1585\/2023\/12\/IMG_5226-1024x768.jpg 1024w, https:\/\/agora.xtec.cat\/col-tarres\/wp-content\/uploads\/usu1585\/2023\/12\/IMG_5226-300x225.jpg 300w, https:\/\/agora.xtec.cat\/col-tarres\/wp-content\/uploads\/usu1585\/2023\/12\/IMG_5226-768x576.jpg 768w, https:\/\/agora.xtec.cat\/col-tarres\/wp-content\/uploads\/usu1585\/2023\/12\/IMG_5226-1536x1152.jpg 1536w, https:\/\/agora.xtec.cat\/col-tarres\/wp-content\/uploads\/usu1585\/2023\/12\/IMG_5226-2048x1536.jpg 2048w, https:\/\/agora.xtec.cat\/col-tarres\/wp-content\/uploads\/usu1585\/2023\/12\/IMG_5226-200x150.jpg 200w\" sizes=\"auto, (max-width: 1024px) 100vw, 1024px\" \/><\/figure><\/td><\/tr><tr><td><em>Detall dels nous bancs del terrat de Secund\u00e0ria.<\/em><\/td><\/tr><\/tbody><\/table><\/figure>\n\n\n\n<p><span style=\"font-family: inherit; font-size: 1em;\">S\u2019han instal\u00b7lat nous <\/span><strong style=\"font-family: inherit; font-size: 1em;\">tendals plegables <\/strong><span style=\"font-family: inherit; font-size: 1em;\">m\u00e9s grans a les classes de la banda del pati de Prim\u00e0ria.<\/span><\/p>\n\n\n\n<figure class=\"wp-block-table\"><table class=\"has-fixed-layout\"><tbody><tr><td><figure><img loading=\"lazy\" decoding=\"async\" class=\"alignnone size-large wp-image-17088\" src=\"https:\/\/agora.xtec.cat\/col-tarres\/wp-content\/uploads\/usu1585\/2023\/12\/IMG_5223-1024x768.jpg\" alt=\"\" width=\"1024\" height=\"768\" srcset=\"https:\/\/agora.xtec.cat\/col-tarres\/wp-content\/uploads\/usu1585\/2023\/12\/IMG_5223-1024x768.jpg 1024w, https:\/\/agora.xtec.cat\/col-tarres\/wp-content\/uploads\/usu1585\/2023\/12\/IMG_5223-300x225.jpg 300w, https:\/\/agora.xtec.cat\/col-tarres\/wp-content\/uploads\/usu1585\/2023\/12\/IMG_5223-768x576.jpg 768w, https:\/\/agora.xtec.cat\/col-tarres\/wp-content\/uploads\/usu1585\/2023\/12\/IMG_5223-1536x1152.jpg 1536w, https:\/\/agora.xtec.cat\/col-tarres\/wp-content\/uploads\/usu1585\/2023\/12\/IMG_5223-2048x1536.jpg 2048w, https:\/\/agora.xtec.cat\/col-tarres\/wp-content\/uploads\/usu1585\/2023\/12\/IMG_5223-200x150.jpg 200w\" sizes=\"auto, (max-width: 1024px) 100vw, 1024px\" \/><\/figure><\/td><\/tr><tr><td><em>Nous tendals a la fa\u00e7ana del pati de l&#8217;Edifici de Prim\u00e0ria.<\/em><\/td><\/tr><\/tbody><\/table><\/figure>\n\n\n\n<p><span style=\"font-weight: 400;\">A l\u2019aula de <strong>3r de Prim\u00e0ria<\/strong> iniciem una prova pilot col\u00b7locant un <strong>arrambador<\/strong> a les parets, per tal de millorar la durabilitat i confortabilitat de les aules.<\/span><\/p>\n\n\n\n<figure class=\"wp-block-table\"><table class=\"has-fixed-layout\"><tbody><tr><td><figure><img loading=\"lazy\" decoding=\"async\" class=\"alignnone size-large wp-image-17089\" src=\"https:\/\/agora.xtec.cat\/col-tarres\/wp-content\/uploads\/usu1585\/2023\/12\/IMG_5216-1024x768.jpg\" alt=\"\" width=\"1024\" height=\"768\" srcset=\"https:\/\/agora.xtec.cat\/col-tarres\/wp-content\/uploads\/usu1585\/2023\/12\/IMG_5216-1024x768.jpg 1024w, https:\/\/agora.xtec.cat\/col-tarres\/wp-content\/uploads\/usu1585\/2023\/12\/IMG_5216-300x225.jpg 300w, https:\/\/agora.xtec.cat\/col-tarres\/wp-content\/uploads\/usu1585\/2023\/12\/IMG_5216-768x576.jpg 768w, https:\/\/agora.xtec.cat\/col-tarres\/wp-content\/uploads\/usu1585\/2023\/12\/IMG_5216-1536x1152.jpg 1536w, https:\/\/agora.xtec.cat\/col-tarres\/wp-content\/uploads\/usu1585\/2023\/12\/IMG_5216-2048x1536.jpg 2048w, https:\/\/agora.xtec.cat\/col-tarres\/wp-content\/uploads\/usu1585\/2023\/12\/IMG_5216-200x150.jpg 200w\" sizes=\"auto, (max-width: 1024px) 100vw, 1024px\" \/><\/figure><\/td><td><figure><img loading=\"lazy\" decoding=\"async\" class=\"alignnone size-large wp-image-17090\" src=\"https:\/\/agora.xtec.cat\/col-tarres\/wp-content\/uploads\/usu1585\/2023\/12\/IMG_5218-1024x768.jpg\" alt=\"\" width=\"1024\" height=\"768\" srcset=\"https:\/\/agora.xtec.cat\/col-tarres\/wp-content\/uploads\/usu1585\/2023\/12\/IMG_5218-1024x768.jpg 1024w, https:\/\/agora.xtec.cat\/col-tarres\/wp-content\/uploads\/usu1585\/2023\/12\/IMG_5218-300x225.jpg 300w, https:\/\/agora.xtec.cat\/col-tarres\/wp-content\/uploads\/usu1585\/2023\/12\/IMG_5218-768x576.jpg 768w, https:\/\/agora.xtec.cat\/col-tarres\/wp-content\/uploads\/usu1585\/2023\/12\/IMG_5218-1536x1152.jpg 1536w, https:\/\/agora.xtec.cat\/col-tarres\/wp-content\/uploads\/usu1585\/2023\/12\/IMG_5218-2048x1536.jpg 2048w, https:\/\/agora.xtec.cat\/col-tarres\/wp-content\/uploads\/usu1585\/2023\/12\/IMG_5218-200x150.jpg 200w\" sizes=\"auto, (max-width: 1024px) 100vw, 1024px\" \/><\/figure><\/td><\/tr><tr><td colspan=\"2\"><em>Arrambador a l&#8217;aula de 3r de Prim\u00e0ria.<\/em><\/td><\/tr><\/tbody><\/table><\/figure>\n\n\n\n<p>Durant l&#8217;any, i especialment durant l&#8217;aturada de l&#8217;estiu i de Nadal, tamb\u00e9 s&#8217;han fet altres actuacions de manteniment i petits arrenjaments, com pintar aules i altres espais, renovar mobiliari, substituir acumuladors de calor de Prim\u00e0ria per radiadors el\u00e8ctrics de baix consum, etc.<\/p>\n\n\n\n<p>La instal\u00b7laci\u00f3 de les plaques solars solar ha estat finan\u00e7at, parcialment, amb fons de la <strong>Uni\u00f3 Europea &#8211; NextGenerationEU<\/strong>, en el marc del Pla de Recuperaci\u00f3, Transformaci\u00f3 i Resili\u00e8ncia.<\/p>\n\n\n\n<figure class=\"wp-block-image size-large is-resized\"><a href=\"https:\/\/agora.xtec.cat\/col-tarres\/wp-content\/uploads\/usu1585\/2024\/01\/2files_ICAEN_Harmonitzacio_logos_nous_AUTOCONSUM_IDAE_h.jpg\"><img decoding=\"async\" src=\"https:\/\/agora.xtec.cat\/col-tarres\/wp-content\/uploads\/usu1585\/2024\/01\/2files_ICAEN_Harmonitzacio_logos_nous_AUTOCONSUM_IDAE_h-1024x154.jpg\" alt=\"\" class=\"wp-image-19107\" style=\"width:924px;height:auto\"\/><\/a><\/figure>\n","protected":false},"excerpt":{"rendered":"<p>Ara que comencem un nou any, volem repassar les actuacions de millora i renovaci\u00f3&nbsp;de les instal\u00b7lacions que hem dut a [&hellip;]<\/p>\n","protected":false},"author":1,"featured_media":17080,"comment_status":"open","ping_status":"closed","sticky":false,"template":"","format":"standard","meta":{"_bbp_topic_count":0,"_bbp_reply_count":0,"_bbp_total_topic_count":0,"_bbp_total_reply_count":0,"_bbp_voice_count":0,"_bbp_anonymous_reply_count":0,"_bbp_topic_count_hidden":0,"_bbp_reply_count_hidden":0,"_bbp_forum_subforum_count":0,"site-sidebar-layout":"default","site-content-layout":"","ast-site-content-layout":"default","site-content-style":"default","site-sidebar-style":"default","ast-global-header-display":"","ast-banner-title-visibility":"","ast-main-header-display":"","ast-hfb-above-header-display":"","ast-hfb-below-header-display":"","ast-hfb-mobile-header-display":"","site-post-title":"","ast-breadcrumbs-content":"","ast-featured-img":"","footer-sml-layout":"","theme-transparent-header-meta":"","adv-header-id-meta":"","stick-header-meta":"","header-above-stick-meta":"","header-main-stick-meta":"","header-below-stick-meta":"","astra-migrate-meta-layouts":"set","ast-page-background-enabled":"default","ast-page-background-meta":{"desktop":{"background-color":"var(--ast-global-color-4)","background-image":"","background-repeat":"repeat","background-position":"center center","background-size":"auto","background-attachment":"scroll","background-type":"","background-media":"","overlay-type":"","overlay-color":"","overlay-opacity":"","overlay-gradient":""},"tablet":{"background-color":"","background-image":"","background-repeat":"repeat","background-position":"center center","background-size":"auto","background-attachment":"scroll","background-type":"","background-media":"","overlay-type":"","overlay-color":"","overlay-opacity":"","overlay-gradient":""},"mobile":{"background-color":"","background-image":"","background-repeat":"repeat","background-position":"center center","background-size":"auto","background-attachment":"scroll","background-type":"","background-media":"","overlay-type":"","overlay-color":"","overlay-opacity":"","overlay-gradient":""}},"ast-content-background-meta":{"desktop":{"background-color":"var(--ast-global-color-5)","background-image":"","background-repeat":"repeat","background-position":"center center","background-size":"auto","background-attachment":"scroll","background-type":"","background-media":"","overlay-type":"","overlay-color":"","overlay-opacity":"","overlay-gradient":""},"tablet":{"background-color":"var(--ast-global-color-5)","background-image":"","background-repeat":"repeat","background-position":"center center","background-size":"auto","background-attachment":"scroll","background-type":"","background-media":"","overlay-type":"","overlay-color":"","overlay-opacity":"","overlay-gradient":""},"mobile":{"background-color":"var(--ast-global-color-5)","background-image":"","background-repeat":"repeat","background-position":"center center","background-size":"auto","background-attachment":"scroll","background-type":"","background-media":"","overlay-type":"","overlay-color":"","overlay-opacity":"","overlay-gradient":""}},"footnotes":""},"categories":[1,29],"tags":[145],"class_list":["post-17044","post","type-post","status-publish","format-standard","has-post-thumbnail","hentry","category-bloctarres","category-portada","tag-installacions"],"post_mailing_queue_ids":[],"_links":{"self":[{"href":"https:\/\/agora.xtec.cat\/col-tarres\/wp-json\/wp\/v2\/posts\/17044","targetHints":{"allow":["GET"]}}],"collection":[{"href":"https:\/\/agora.xtec.cat\/col-tarres\/wp-json\/wp\/v2\/posts"}],"about":[{"href":"https:\/\/agora.xtec.cat\/col-tarres\/wp-json\/wp\/v2\/types\/post"}],"author":[{"embeddable":true,"href":"https:\/\/agora.xtec.cat\/col-tarres\/wp-json\/wp\/v2\/users\/1"}],"replies":[{"embeddable":true,"href":"https:\/\/agora.xtec.cat\/col-tarres\/wp-json\/wp\/v2\/comments?post=17044"}],"version-history":[{"count":5,"href":"https:\/\/agora.xtec.cat\/col-tarres\/wp-json\/wp\/v2\/posts\/17044\/revisions"}],"predecessor-version":[{"id":19119,"href":"https:\/\/agora.xtec.cat\/col-tarres\/wp-json\/wp\/v2\/posts\/17044\/revisions\/19119"}],"wp:featuredmedia":[{"embeddable":true,"href":"https:\/\/agora.xtec.cat\/col-tarres\/wp-json\/wp\/v2\/media\/17080"}],"wp:attachment":[{"href":"https:\/\/agora.xtec.cat\/col-tarres\/wp-json\/wp\/v2\/media?parent=17044"}],"wp:term":[{"taxonomy":"category","embeddable":true,"href":"https:\/\/agora.xtec.cat\/col-tarres\/wp-json\/wp\/v2\/categories?post=17044"},{"taxonomy":"post_tag","embeddable":true,"href":"https:\/\/agora.xtec.cat\/col-tarres\/wp-json\/wp\/v2\/tags?post=17044"}],"curies":[{"name":"wp","href":"https:\/\/api.w.org\/{rel}","templated":true}]}}