{"id":16917,"date":"2023-11-17T18:39:34","date_gmt":"2023-11-17T17:39:34","guid":{"rendered":"https:\/\/agora.xtec.cat\/col-tarres\/?p=16917"},"modified":"2023-11-18T18:40:26","modified_gmt":"2023-11-18T17:40:26","slug":"xerrada-miquel-pujado-1r-deso","status":"publish","type":"post","link":"https:\/\/agora.xtec.cat\/col-tarres\/bloctarres\/xerrada-miquel-pujado-1r-deso\/","title":{"rendered":"Xerrada de Miquel Pujad\u00f3 (1r d&#8217;ESO)"},"content":{"rendered":"<p><img loading=\"lazy\" decoding=\"async\" class=\"wp-image-16918 aligncenter\" src=\"https:\/\/agora.xtec.cat\/col-tarres\/wp-content\/uploads\/usu1585\/2023\/11\/008-1024x768.jpg\" alt=\"\" width=\"692\" height=\"519\" srcset=\"https:\/\/agora.xtec.cat\/col-tarres\/wp-content\/uploads\/usu1585\/2023\/11\/008-1024x768.jpg 1024w, https:\/\/agora.xtec.cat\/col-tarres\/wp-content\/uploads\/usu1585\/2023\/11\/008-300x225.jpg 300w, https:\/\/agora.xtec.cat\/col-tarres\/wp-content\/uploads\/usu1585\/2023\/11\/008-768x576.jpg 768w, https:\/\/agora.xtec.cat\/col-tarres\/wp-content\/uploads\/usu1585\/2023\/11\/008-1536x1152.jpg 1536w, https:\/\/agora.xtec.cat\/col-tarres\/wp-content\/uploads\/usu1585\/2023\/11\/008-200x150.jpg 200w, https:\/\/agora.xtec.cat\/col-tarres\/wp-content\/uploads\/usu1585\/2023\/11\/008.jpg 2048w\" sizes=\"auto, (max-width: 692px) 100vw, 692px\" \/><\/p>\n<p>El grup de <strong>1r d&#8217;ESO<\/strong> ha rebut recentment la visita del cantautor, escriptor i fil\u00f2leg <strong>Miquel Pujad\u00f3 i Garcia<\/strong>.<\/p>\n<p>Justament aquest primer trimestre del curs, a l&#8217;assignatura de Llengua Catalana i Literatura, els alumnes han llegit el seu llibre <strong><em>El genial oncle Anastasi<\/em><\/strong>, del qual els ha explicat el seu proc\u00e9s de creaci\u00f3 i les seves reflexions.<\/p>\n<p>Despr\u00e9s d&#8217;explicar la seva carrera com a m\u00fasic i escritpor (tamb\u00e9 ha tocat una can\u00e7\u00f3 seva amb la guitarra!), l&#8217;autor ha volgut signar els exemplars dels llibres de tots els nois i noies.<\/p>\n<p>Moltes gr\u00e0cies per la profitosa vista, Miquel!<\/p>\n<p>Podeu veure les fotografies de la xerrada <a href=\"https:\/\/drive.google.com\/drive\/folders\/17CteoDnTKwtflH5WWPknx-otH6OkuZvx?usp=sharing\">prement aqu\u00ed.<\/a><\/p>\n","protected":false},"excerpt":{"rendered":"<p>El grup de 1r d&#8217;ESO ha rebut recentment la visita del cantautor, escriptor i fil\u00f2leg Miquel Pujad\u00f3 i Garcia. Justament [&hellip;]<\/p>\n","protected":false},"author":1,"featured_media":16918,"comment_status":"open","ping_status":"closed","sticky":false,"template":"","format":"standard","meta":{"_bbp_topic_count":0,"_bbp_reply_count":0,"_bbp_total_topic_count":0,"_bbp_total_reply_count":0,"_bbp_voice_count":0,"_bbp_anonymous_reply_count":0,"_bbp_topic_count_hidden":0,"_bbp_reply_count_hidden":0,"_bbp_forum_subforum_count":0,"site-sidebar-layout":"default","site-content-layout":"","ast-site-content-layout":"","site-content-style":"default","site-sidebar-style":"default","ast-global-header-display":"","ast-banner-title-visibility":"","ast-main-header-display":"","ast-hfb-above-header-display":"","ast-hfb-below-header-display":"","ast-hfb-mobile-header-display":"","site-post-title":"","ast-breadcrumbs-content":"","ast-featured-img":"","footer-sml-layout":"","theme-transparent-header-meta":"","adv-header-id-meta":"","stick-header-meta":"","header-above-stick-meta":"","header-main-stick-meta":"","header-below-stick-meta":"","astra-migrate-meta-layouts":"default","ast-page-background-enabled":"default","ast-page-background-meta":{"desktop":{"background-color":"var(--ast-global-color-4)","background-image":"","background-repeat":"repeat","background-position":"center center","background-size":"auto","background-attachment":"scroll","background-type":"","background-media":"","overlay-type":"","overlay-color":"","overlay-opacity":"","overlay-gradient":""},"tablet":{"background-color":"","background-image":"","background-repeat":"repeat","background-position":"center center","background-size":"auto","background-attachment":"scroll","background-type":"","background-media":"","overlay-type":"","overlay-color":"","overlay-opacity":"","overlay-gradient":""},"mobile":{"background-color":"","background-image":"","background-repeat":"repeat","background-position":"center center","background-size":"auto","background-attachment":"scroll","background-type":"","background-media":"","overlay-type":"","overlay-color":"","overlay-opacity":"","overlay-gradient":""}},"ast-content-background-meta":{"desktop":{"background-color":"var(--ast-global-color-5)","background-image":"","background-repeat":"repeat","background-position":"center center","background-size":"auto","background-attachment":"scroll","background-type":"","background-media":"","overlay-type":"","overlay-color":"","overlay-opacity":"","overlay-gradient":""},"tablet":{"background-color":"var(--ast-global-color-5)","background-image":"","background-repeat":"repeat","background-position":"center center","background-size":"auto","background-attachment":"scroll","background-type":"","background-media":"","overlay-type":"","overlay-color":"","overlay-opacity":"","overlay-gradient":""},"mobile":{"background-color":"var(--ast-global-color-5)","background-image":"","background-repeat":"repeat","background-position":"center center","background-size":"auto","background-attachment":"scroll","background-type":"","background-media":"","overlay-type":"","overlay-color":"","overlay-opacity":"","overlay-gradient":""}},"footnotes":""},"categories":[1,29,3],"tags":[],"class_list":["post-16917","post","type-post","status-publish","format-standard","has-post-thumbnail","hentry","category-bloctarres","category-portada","category-eso"],"post_mailing_queue_ids":[],"_links":{"self":[{"href":"https:\/\/agora.xtec.cat\/col-tarres\/wp-json\/wp\/v2\/posts\/16917","targetHints":{"allow":["GET"]}}],"collection":[{"href":"https:\/\/agora.xtec.cat\/col-tarres\/wp-json\/wp\/v2\/posts"}],"about":[{"href":"https:\/\/agora.xtec.cat\/col-tarres\/wp-json\/wp\/v2\/types\/post"}],"author":[{"embeddable":true,"href":"https:\/\/agora.xtec.cat\/col-tarres\/wp-json\/wp\/v2\/users\/1"}],"replies":[{"embeddable":true,"href":"https:\/\/agora.xtec.cat\/col-tarres\/wp-json\/wp\/v2\/comments?post=16917"}],"version-history":[{"count":3,"href":"https:\/\/agora.xtec.cat\/col-tarres\/wp-json\/wp\/v2\/posts\/16917\/revisions"}],"predecessor-version":[{"id":16921,"href":"https:\/\/agora.xtec.cat\/col-tarres\/wp-json\/wp\/v2\/posts\/16917\/revisions\/16921"}],"wp:featuredmedia":[{"embeddable":true,"href":"https:\/\/agora.xtec.cat\/col-tarres\/wp-json\/wp\/v2\/media\/16918"}],"wp:attachment":[{"href":"https:\/\/agora.xtec.cat\/col-tarres\/wp-json\/wp\/v2\/media?parent=16917"}],"wp:term":[{"taxonomy":"category","embeddable":true,"href":"https:\/\/agora.xtec.cat\/col-tarres\/wp-json\/wp\/v2\/categories?post=16917"},{"taxonomy":"post_tag","embeddable":true,"href":"https:\/\/agora.xtec.cat\/col-tarres\/wp-json\/wp\/v2\/tags?post=16917"}],"curies":[{"name":"wp","href":"https:\/\/api.w.org\/{rel}","templated":true}]}}