{"id":16253,"date":"2023-02-15T15:13:46","date_gmt":"2023-02-15T14:13:46","guid":{"rendered":"https:\/\/agora.xtec.cat\/col-tarres\/?p=16253"},"modified":"2023-03-18T12:02:29","modified_gmt":"2023-03-18T11:02:29","slug":"nenes-i-dones-cientifiques-c-superior","status":"publish","type":"post","link":"https:\/\/agora.xtec.cat\/col-tarres\/bloctarres\/nenes-i-dones-cientifiques-c-superior\/","title":{"rendered":"Nenes i dones cient\u00edfiques (C. Mitj\u00e0 i Superior)"},"content":{"rendered":"<p>L&#8217;<strong>11 de febrer<\/strong> \u00e9s el <strong>dia internacional de la nena i la dona cient\u00edfica<\/strong>. Per commemorar aquesta diada ens vam posar en contacte amb dues dones que van estar encantades a venir a Escola per a explicar-nos les seves experi\u00e8ncies com a investigadores i fer-nos gaudir del m\u00f3n de la nanoci\u00e8ncia. Elles s\u00f3n les <strong>doctores en Qu\u00edmica<\/strong>\u00a0<strong>Alba Garz\u00f3n Manj\u00f3n i Sara Mart\u00ed S\u00e1nchez. <\/strong>Ambdues\u00a0s\u00f3n cient\u00edfiques a l&#8217;<strong>Institut Catal\u00e0 de Nanoci\u00e8ncia i Nanotecnologia (INC2).<\/strong><\/p>\n<p>Les dones han de participar en condicions d&#8217;igualtat en l&#8217;educaci\u00f3, la capacitaci\u00f3, l&#8217;ocupaci\u00f3 i els processos d&#8217;adopci\u00f3 de decisions en la ci\u00e8ncia. Les pr\u00f2ximes generacions de cient\u00edfiques i t\u00e8cniques no poden perdre les valuoses dones que destaquen en aquests \u00e0mbits!<\/p>\n<p>Si voleu veure algunes imatges d&#8217;aquesta visita, cliqueu <a href=\"https:\/\/drive.google.com\/drive\/folders\/1DaY5IhKCGMH4bTTUcNGj2-PVIteLTVUs?usp=share_link\">aqu\u00ed<\/a>\u00a0per Cicle Superior.<\/p>\n<p>Clicant <a href=\"https:\/\/drive.google.com\/drive\/u\/0\/folders\/1kxGCNc0otr0vLf7mqLuBUQhCm4hxJejg\">aqu\u00ed<\/a> (3r) o <a href=\"https:\/\/drive.google.com\/drive\/folders\/1-UEy8JwP3o6fIqJY0Ln25E8bSubD8rWb?usp=share_link\">aqu\u00ed<\/a> (4t), podeu veure les imatges.<\/p>\n<p>&nbsp;<\/p>\n","protected":false},"excerpt":{"rendered":"<p>L&#8217;11 de febrer \u00e9s el dia internacional de la nena i la dona cient\u00edfica. Per commemorar aquesta diada ens vam [&hellip;]<\/p>\n","protected":false},"author":5,"featured_media":16262,"comment_status":"open","ping_status":"closed","sticky":false,"template":"","format":"standard","meta":{"_bbp_topic_count":0,"_bbp_reply_count":0,"_bbp_total_topic_count":0,"_bbp_total_reply_count":0,"_bbp_voice_count":0,"_bbp_anonymous_reply_count":0,"_bbp_topic_count_hidden":0,"_bbp_reply_count_hidden":0,"_bbp_forum_subforum_count":0,"site-sidebar-layout":"default","site-content-layout":"","ast-site-content-layout":"","site-content-style":"default","site-sidebar-style":"default","ast-global-header-display":"","ast-banner-title-visibility":"","ast-main-header-display":"","ast-hfb-above-header-display":"","ast-hfb-below-header-display":"","ast-hfb-mobile-header-display":"","site-post-title":"","ast-breadcrumbs-content":"","ast-featured-img":"","footer-sml-layout":"","theme-transparent-header-meta":"","adv-header-id-meta":"","stick-header-meta":"","header-above-stick-meta":"","header-main-stick-meta":"","header-below-stick-meta":"","astra-migrate-meta-layouts":"default","ast-page-background-enabled":"default","ast-page-background-meta":{"desktop":{"background-color":"var(--ast-global-color-4)","background-image":"","background-repeat":"repeat","background-position":"center center","background-size":"auto","background-attachment":"scroll","background-type":"","background-media":"","overlay-type":"","overlay-color":"","overlay-opacity":"","overlay-gradient":""},"tablet":{"background-color":"","background-image":"","background-repeat":"repeat","background-position":"center center","background-size":"auto","background-attachment":"scroll","background-type":"","background-media":"","overlay-type":"","overlay-color":"","overlay-opacity":"","overlay-gradient":""},"mobile":{"background-color":"","background-image":"","background-repeat":"repeat","background-position":"center center","background-size":"auto","background-attachment":"scroll","background-type":"","background-media":"","overlay-type":"","overlay-color":"","overlay-opacity":"","overlay-gradient":""}},"ast-content-background-meta":{"desktop":{"background-color":"var(--ast-global-color-5)","background-image":"","background-repeat":"repeat","background-position":"center center","background-size":"auto","background-attachment":"scroll","background-type":"","background-media":"","overlay-type":"","overlay-color":"","overlay-opacity":"","overlay-gradient":""},"tablet":{"background-color":"var(--ast-global-color-5)","background-image":"","background-repeat":"repeat","background-position":"center center","background-size":"auto","background-attachment":"scroll","background-type":"","background-media":"","overlay-type":"","overlay-color":"","overlay-opacity":"","overlay-gradient":""},"mobile":{"background-color":"var(--ast-global-color-5)","background-image":"","background-repeat":"repeat","background-position":"center center","background-size":"auto","background-attachment":"scroll","background-type":"","background-media":"","overlay-type":"","overlay-color":"","overlay-opacity":"","overlay-gradient":""}},"footnotes":""},"categories":[1,29,8],"tags":[],"class_list":["post-16253","post","type-post","status-publish","format-standard","has-post-thumbnail","hentry","category-bloctarres","category-portada","category-primaria"],"post_mailing_queue_ids":[],"_links":{"self":[{"href":"https:\/\/agora.xtec.cat\/col-tarres\/wp-json\/wp\/v2\/posts\/16253","targetHints":{"allow":["GET"]}}],"collection":[{"href":"https:\/\/agora.xtec.cat\/col-tarres\/wp-json\/wp\/v2\/posts"}],"about":[{"href":"https:\/\/agora.xtec.cat\/col-tarres\/wp-json\/wp\/v2\/types\/post"}],"author":[{"embeddable":true,"href":"https:\/\/agora.xtec.cat\/col-tarres\/wp-json\/wp\/v2\/users\/5"}],"replies":[{"embeddable":true,"href":"https:\/\/agora.xtec.cat\/col-tarres\/wp-json\/wp\/v2\/comments?post=16253"}],"version-history":[{"count":3,"href":"https:\/\/agora.xtec.cat\/col-tarres\/wp-json\/wp\/v2\/posts\/16253\/revisions"}],"predecessor-version":[{"id":16269,"href":"https:\/\/agora.xtec.cat\/col-tarres\/wp-json\/wp\/v2\/posts\/16253\/revisions\/16269"}],"wp:featuredmedia":[{"embeddable":true,"href":"https:\/\/agora.xtec.cat\/col-tarres\/wp-json\/wp\/v2\/media\/16262"}],"wp:attachment":[{"href":"https:\/\/agora.xtec.cat\/col-tarres\/wp-json\/wp\/v2\/media?parent=16253"}],"wp:term":[{"taxonomy":"category","embeddable":true,"href":"https:\/\/agora.xtec.cat\/col-tarres\/wp-json\/wp\/v2\/categories?post=16253"},{"taxonomy":"post_tag","embeddable":true,"href":"https:\/\/agora.xtec.cat\/col-tarres\/wp-json\/wp\/v2\/tags?post=16253"}],"curies":[{"name":"wp","href":"https:\/\/api.w.org\/{rel}","templated":true}]}}