{"id":15544,"date":"2022-06-30T11:10:49","date_gmt":"2022-06-30T09:10:49","guid":{"rendered":"https:\/\/agora.xtec.cat\/col-tarres\/?p=15544"},"modified":"2022-07-01T13:12:21","modified_gmt":"2022-07-01T11:12:21","slug":"acomiadem-el-curs-21-22","status":"publish","type":"post","link":"https:\/\/agora.xtec.cat\/col-tarres\/bloctarres\/acomiadem-el-curs-21-22\/","title":{"rendered":"Acomiadem el curs 21-22 a Infantil i Prim\u00e0ria!"},"content":{"rendered":"<p>Dimecres 22 de juny va ser un dia fabul\u00f3s. A l&#8217;Escola es respirava un aire de festa i joia del que finalment pod\u00edem tornar a gaudir. Tota la comunitat educativa vam celebrar el darrer mat\u00ed del curs. L&#8217;alumnat de <strong>6\u00e8 de Prim\u00e0ria<\/strong> va acomiadar l&#8217;etapa amb honors de graduaci\u00f3, amb la lectura d&#8217;escrits plens de records, an\u00e8cdotes i agra\u00efment i amb una actuaci\u00f3 musical molt animada que va encantar a una audi\u00e8ncia nombrosa i motivada.<\/p>\n<p>Despr\u00e9s d&#8217;una ballada general i encomanadissa, vam refrescar-nos amb uns polos i vam dir-nos adeu entre ll\u00e0grimes i rialles.<\/p>\n<p>L&#8217;Escola mai tanca del tot les portes, nom\u00e9s les ajusta per un breu espai de temps. Aprofitem per recuperar forces. \u00c9s un descans merescut per tothom!<\/p>\n<p><strong>Bon estiu!<\/strong><\/p>\n<p>*Si voleu veure algunes imatges d&#8217;aquell darrer mat\u00ed, cliqueu damunt el\u00a0 nivell del vostre fill o filla: <a href=\"https:\/\/drive.google.com\/drive\/folders\/1s6m1i9RbzxpQ9NUfxqg74M8bueBNqW3o?usp=sharing\">I3<\/a>, <a href=\"https:\/\/drive.google.com\/drive\/folders\/1s6m1i9RbzxpQ9NUfxqg74M8bueBNqW3o?usp=sharing\">I4<\/a>, <a href=\"https:\/\/drive.google.com\/drive\/folders\/1s6m1i9RbzxpQ9NUfxqg74M8bueBNqW3o?usp=sharing\">I5<\/a>, <a href=\"https:\/\/drive.google.com\/drive\/folders\/1s6m1i9RbzxpQ9NUfxqg74M8bueBNqW3o?usp=sharing\">1r P<\/a>, <a href=\"https:\/\/drive.google.com\/drive\/folders\/1s6m1i9RbzxpQ9NUfxqg74M8bueBNqW3o?usp=sharing\">2n P<\/a>, <a href=\"https:\/\/drive.google.com\/drive\/folders\/1s6m1i9RbzxpQ9NUfxqg74M8bueBNqW3o?usp=sharing\">3r P<\/a>, <a href=\"https:\/\/drive.google.com\/drive\/folders\/1INRkEgyHAjNng9UDfMn3tw7hkyRqRnQE?usp=sharing\">4t P<\/a>, <a href=\"https:\/\/drive.google.com\/drive\/folders\/1EP3XpRF6cY4SNGVqVFFxX_HT6VqOsZAL?usp=sharing\">5\u00e8 P<\/a> i <a href=\"https:\/\/drive.google.com\/drive\/folders\/1s6m1i9RbzxpQ9NUfxqg74M8bueBNqW3o?usp=sharing\">6\u00e8 P<\/a>.<\/p>\n","protected":false},"excerpt":{"rendered":"<p>Dimecres 22 de juny va ser un dia fabul\u00f3s. A l&#8217;Escola es respirava un aire de festa i joia del [&hellip;]<\/p>\n","protected":false},"author":5,"featured_media":0,"comment_status":"open","ping_status":"closed","sticky":false,"template":"","format":"standard","meta":{"_bbp_topic_count":0,"_bbp_reply_count":0,"_bbp_total_topic_count":0,"_bbp_total_reply_count":0,"_bbp_voice_count":0,"_bbp_anonymous_reply_count":0,"_bbp_topic_count_hidden":0,"_bbp_reply_count_hidden":0,"_bbp_forum_subforum_count":0,"site-sidebar-layout":"default","site-content-layout":"","ast-site-content-layout":"","site-content-style":"default","site-sidebar-style":"default","ast-global-header-display":"","ast-banner-title-visibility":"","ast-main-header-display":"","ast-hfb-above-header-display":"","ast-hfb-below-header-display":"","ast-hfb-mobile-header-display":"","site-post-title":"","ast-breadcrumbs-content":"","ast-featured-img":"","footer-sml-layout":"","theme-transparent-header-meta":"","adv-header-id-meta":"","stick-header-meta":"","header-above-stick-meta":"","header-main-stick-meta":"","header-below-stick-meta":"","astra-migrate-meta-layouts":"default","ast-page-background-enabled":"default","ast-page-background-meta":{"desktop":{"background-color":"var(--ast-global-color-4)","background-image":"","background-repeat":"repeat","background-position":"center center","background-size":"auto","background-attachment":"scroll","background-type":"","background-media":"","overlay-type":"","overlay-color":"","overlay-opacity":"","overlay-gradient":""},"tablet":{"background-color":"","background-image":"","background-repeat":"repeat","background-position":"center center","background-size":"auto","background-attachment":"scroll","background-type":"","background-media":"","overlay-type":"","overlay-color":"","overlay-opacity":"","overlay-gradient":""},"mobile":{"background-color":"","background-image":"","background-repeat":"repeat","background-position":"center center","background-size":"auto","background-attachment":"scroll","background-type":"","background-media":"","overlay-type":"","overlay-color":"","overlay-opacity":"","overlay-gradient":""}},"ast-content-background-meta":{"desktop":{"background-color":"var(--ast-global-color-5)","background-image":"","background-repeat":"repeat","background-position":"center center","background-size":"auto","background-attachment":"scroll","background-type":"","background-media":"","overlay-type":"","overlay-color":"","overlay-opacity":"","overlay-gradient":""},"tablet":{"background-color":"var(--ast-global-color-5)","background-image":"","background-repeat":"repeat","background-position":"center center","background-size":"auto","background-attachment":"scroll","background-type":"","background-media":"","overlay-type":"","overlay-color":"","overlay-opacity":"","overlay-gradient":""},"mobile":{"background-color":"var(--ast-global-color-5)","background-image":"","background-repeat":"repeat","background-position":"center center","background-size":"auto","background-attachment":"scroll","background-type":"","background-media":"","overlay-type":"","overlay-color":"","overlay-opacity":"","overlay-gradient":""}},"footnotes":""},"categories":[1,30,29,8],"tags":[],"class_list":["post-15544","post","type-post","status-publish","format-standard","hentry","category-bloctarres","category-infantil","category-portada","category-primaria"],"post_mailing_queue_ids":[],"_links":{"self":[{"href":"https:\/\/agora.xtec.cat\/col-tarres\/wp-json\/wp\/v2\/posts\/15544","targetHints":{"allow":["GET"]}}],"collection":[{"href":"https:\/\/agora.xtec.cat\/col-tarres\/wp-json\/wp\/v2\/posts"}],"about":[{"href":"https:\/\/agora.xtec.cat\/col-tarres\/wp-json\/wp\/v2\/types\/post"}],"author":[{"embeddable":true,"href":"https:\/\/agora.xtec.cat\/col-tarres\/wp-json\/wp\/v2\/users\/5"}],"replies":[{"embeddable":true,"href":"https:\/\/agora.xtec.cat\/col-tarres\/wp-json\/wp\/v2\/comments?post=15544"}],"version-history":[{"count":3,"href":"https:\/\/agora.xtec.cat\/col-tarres\/wp-json\/wp\/v2\/posts\/15544\/revisions"}],"predecessor-version":[{"id":15555,"href":"https:\/\/agora.xtec.cat\/col-tarres\/wp-json\/wp\/v2\/posts\/15544\/revisions\/15555"}],"wp:attachment":[{"href":"https:\/\/agora.xtec.cat\/col-tarres\/wp-json\/wp\/v2\/media?parent=15544"}],"wp:term":[{"taxonomy":"category","embeddable":true,"href":"https:\/\/agora.xtec.cat\/col-tarres\/wp-json\/wp\/v2\/categories?post=15544"},{"taxonomy":"post_tag","embeddable":true,"href":"https:\/\/agora.xtec.cat\/col-tarres\/wp-json\/wp\/v2\/tags?post=15544"}],"curies":[{"name":"wp","href":"https:\/\/api.w.org\/{rel}","templated":true}]}}