{"id":14582,"date":"2021-11-17T11:43:09","date_gmt":"2021-11-17T10:43:09","guid":{"rendered":"https:\/\/agora.xtec.cat\/col-tarres\/?p=14582"},"modified":"2021-11-24T08:31:19","modified_gmt":"2021-11-24T07:31:19","slug":"visitem-caldes-i-el-musueu-thermalia-cicle-inicial","status":"publish","type":"post","link":"https:\/\/agora.xtec.cat\/col-tarres\/bloctarres\/visitem-caldes-i-el-musueu-thermalia-cicle-inicial\/","title":{"rendered":"Visita a Caldes de Montbui i el Museu Therm\u00e0lia (Cicle Inicial)"},"content":{"rendered":"<p>Els grups de <strong>1r i 2n de Cicle Inicial<\/strong> vam anar d&#8217;excursi\u00f3 al Museu Therm\u00e0lia de <strong>Caldes de Montbui.<\/strong> All\u00e0 ens van rebre dos monitors per fer uns tallers relacionats amb l&#8217;aigua termal. Concretament, les activitats que vam realitzar van ser:<\/p>\n<ul style=\"list-style-type: square;\">\n<li>Anar a visitar el museu, on vam tenir l&#8217;oportunitat de veure els oficis relacionats amb l&#8217;aigua termal. Aquesta t\u00e9 una temperatura de 74\u00ba cent\u00edgrads i unes caracter\u00edstiques especials, com ara, les sals minerals que porta. Tamb\u00e9 vam tocar un moment l&#8217;aigua calenta del sortidor de la Font del Lle\u00f3 de la Pla\u00e7a Major.<\/li>\n<li>Despr\u00e9s vam anar als safareigs del poble a aprendre a fer una bugada amb sab\u00f3 natural. Els nens i les nenes ens vam mullar una mica, per\u00f2 ens ho vam passar molt b\u00e9!<\/li>\n<\/ul>\n<p>Per finalitzar l&#8217;excursi\u00f3, vam dinar al Parc de Can Rius, una \u00e0rea d&#8217;oci de grans dimensions i amb moltes coses per jugar tots plegats.<\/p>\n<p>Tot i que el temps pronosticava pluja, vam tenir la gran sort que el sol sort\u00eds i ens va acompanyar, juntament amb els n\u00favols, tota la jornada.<\/p>\n<p>Podeu veure fotografies del grup de 1r clicant <a href=\"https:\/\/drive.google.com\/drive\/folders\/1K0XFAa0b6hlVkL1p1sq2daHXdkMEKELB?usp=sharing\">aqu\u00ed<\/a>.<\/p>\n<p>Podeu veure fotografies del grup de 2n clicant <a href=\"https:\/\/drive.google.com\/file\/d\/1oLtazdvNYQymLxPcTB8kDQ5zIvsncDSC\/view?usp=sharing\">aqu\u00ed<\/a>.<\/p>\n","protected":false},"excerpt":{"rendered":"<p>Els grups de 1r i 2n de Cicle Inicial vam anar d&#8217;excursi\u00f3 al Museu Therm\u00e0lia de Caldes de Montbui. All\u00e0 [&hellip;]<\/p>\n","protected":false},"author":6,"featured_media":14598,"comment_status":"open","ping_status":"closed","sticky":false,"template":"","format":"standard","meta":{"_bbp_topic_count":0,"_bbp_reply_count":0,"_bbp_total_topic_count":0,"_bbp_total_reply_count":0,"_bbp_voice_count":0,"_bbp_anonymous_reply_count":0,"_bbp_topic_count_hidden":0,"_bbp_reply_count_hidden":0,"_bbp_forum_subforum_count":0,"site-sidebar-layout":"default","site-content-layout":"","ast-site-content-layout":"","site-content-style":"default","site-sidebar-style":"default","ast-global-header-display":"","ast-banner-title-visibility":"","ast-main-header-display":"","ast-hfb-above-header-display":"","ast-hfb-below-header-display":"","ast-hfb-mobile-header-display":"","site-post-title":"","ast-breadcrumbs-content":"","ast-featured-img":"","footer-sml-layout":"","theme-transparent-header-meta":"","adv-header-id-meta":"","stick-header-meta":"","header-above-stick-meta":"","header-main-stick-meta":"","header-below-stick-meta":"","astra-migrate-meta-layouts":"default","ast-page-background-enabled":"default","ast-page-background-meta":{"desktop":{"background-color":"var(--ast-global-color-4)","background-image":"","background-repeat":"repeat","background-position":"center center","background-size":"auto","background-attachment":"scroll","background-type":"","background-media":"","overlay-type":"","overlay-color":"","overlay-opacity":"","overlay-gradient":""},"tablet":{"background-color":"","background-image":"","background-repeat":"repeat","background-position":"center center","background-size":"auto","background-attachment":"scroll","background-type":"","background-media":"","overlay-type":"","overlay-color":"","overlay-opacity":"","overlay-gradient":""},"mobile":{"background-color":"","background-image":"","background-repeat":"repeat","background-position":"center center","background-size":"auto","background-attachment":"scroll","background-type":"","background-media":"","overlay-type":"","overlay-color":"","overlay-opacity":"","overlay-gradient":""}},"ast-content-background-meta":{"desktop":{"background-color":"var(--ast-global-color-5)","background-image":"","background-repeat":"repeat","background-position":"center center","background-size":"auto","background-attachment":"scroll","background-type":"","background-media":"","overlay-type":"","overlay-color":"","overlay-opacity":"","overlay-gradient":""},"tablet":{"background-color":"var(--ast-global-color-5)","background-image":"","background-repeat":"repeat","background-position":"center center","background-size":"auto","background-attachment":"scroll","background-type":"","background-media":"","overlay-type":"","overlay-color":"","overlay-opacity":"","overlay-gradient":""},"mobile":{"background-color":"var(--ast-global-color-5)","background-image":"","background-repeat":"repeat","background-position":"center center","background-size":"auto","background-attachment":"scroll","background-type":"","background-media":"","overlay-type":"","overlay-color":"","overlay-opacity":"","overlay-gradient":""}},"footnotes":""},"categories":[1,29,8],"tags":[],"class_list":["post-14582","post","type-post","status-publish","format-standard","has-post-thumbnail","hentry","category-bloctarres","category-portada","category-primaria"],"post_mailing_queue_ids":[],"_links":{"self":[{"href":"https:\/\/agora.xtec.cat\/col-tarres\/wp-json\/wp\/v2\/posts\/14582","targetHints":{"allow":["GET"]}}],"collection":[{"href":"https:\/\/agora.xtec.cat\/col-tarres\/wp-json\/wp\/v2\/posts"}],"about":[{"href":"https:\/\/agora.xtec.cat\/col-tarres\/wp-json\/wp\/v2\/types\/post"}],"author":[{"embeddable":true,"href":"https:\/\/agora.xtec.cat\/col-tarres\/wp-json\/wp\/v2\/users\/6"}],"replies":[{"embeddable":true,"href":"https:\/\/agora.xtec.cat\/col-tarres\/wp-json\/wp\/v2\/comments?post=14582"}],"version-history":[{"count":4,"href":"https:\/\/agora.xtec.cat\/col-tarres\/wp-json\/wp\/v2\/posts\/14582\/revisions"}],"predecessor-version":[{"id":14667,"href":"https:\/\/agora.xtec.cat\/col-tarres\/wp-json\/wp\/v2\/posts\/14582\/revisions\/14667"}],"wp:featuredmedia":[{"embeddable":true,"href":"https:\/\/agora.xtec.cat\/col-tarres\/wp-json\/wp\/v2\/media\/14598"}],"wp:attachment":[{"href":"https:\/\/agora.xtec.cat\/col-tarres\/wp-json\/wp\/v2\/media?parent=14582"}],"wp:term":[{"taxonomy":"category","embeddable":true,"href":"https:\/\/agora.xtec.cat\/col-tarres\/wp-json\/wp\/v2\/categories?post=14582"},{"taxonomy":"post_tag","embeddable":true,"href":"https:\/\/agora.xtec.cat\/col-tarres\/wp-json\/wp\/v2\/tags?post=14582"}],"curies":[{"name":"wp","href":"https:\/\/api.w.org\/{rel}","templated":true}]}}