{"id":14563,"date":"2021-11-10T15:01:18","date_gmt":"2021-11-10T14:01:18","guid":{"rendered":"https:\/\/agora.xtec.cat\/col-tarres\/?p=14563"},"modified":"2021-11-10T15:01:59","modified_gmt":"2021-11-10T14:01:59","slug":"grafiti-amb-fedac-castellar-4t-deso","status":"publish","type":"post","link":"https:\/\/agora.xtec.cat\/col-tarres\/bloctarres\/grafiti-amb-fedac-castellar-4t-deso\/","title":{"rendered":"Creaci\u00f3 d&#8217;un grafiti amb FEDAC Castellar (4t d&#8217;ESO)"},"content":{"rendered":"<p data-offset-key=\"86b21-0-0\"><img loading=\"lazy\" decoding=\"async\" class=\"wp-image-14564 aligncenter\" src=\"https:\/\/agora.xtec.cat\/col-tarres\/wp-content\/uploads\/usu1585\/2021\/11\/IMG_2169-scaled.jpg\" alt=\"\" width=\"687\" height=\"515\" srcset=\"https:\/\/agora.xtec.cat\/col-tarres\/wp-content\/uploads\/usu1585\/2021\/11\/IMG_2169-scaled.jpg 2560w, https:\/\/agora.xtec.cat\/col-tarres\/wp-content\/uploads\/usu1585\/2021\/11\/IMG_2169-300x225.jpg 300w, https:\/\/agora.xtec.cat\/col-tarres\/wp-content\/uploads\/usu1585\/2021\/11\/IMG_2169-1024x768.jpg 1024w, https:\/\/agora.xtec.cat\/col-tarres\/wp-content\/uploads\/usu1585\/2021\/11\/IMG_2169-768x576.jpg 768w, https:\/\/agora.xtec.cat\/col-tarres\/wp-content\/uploads\/usu1585\/2021\/11\/IMG_2169-1536x1152.jpg 1536w, https:\/\/agora.xtec.cat\/col-tarres\/wp-content\/uploads\/usu1585\/2021\/11\/IMG_2169-2048x1536.jpg 2048w, https:\/\/agora.xtec.cat\/col-tarres\/wp-content\/uploads\/usu1585\/2021\/11\/IMG_2169-200x150.jpg 200w\" sizes=\"auto, (max-width: 687px) 100vw, 687px\" \/><\/p>\n<p data-offset-key=\"86b21-0-0\">Els grup de l&#8217;itinerari d&#8217;<strong>Art<\/strong> de <strong>4t d&#8217;ESO<\/strong> hem participat d&#8217;un taller de grafiti, dins el projecte <strong>#M\u00e9sArtALesEscoles<\/strong>, juntament amb una escola de Castellar del Vall\u00e8s, el <strong>FEDAC Castellar<\/strong>.<\/p>\n<div class=\"\" data-block=\"true\" data-editor=\"2tfub\" data-offset-key=\"86b21-0-0\">\n<p class=\"_1mf _1mj\" data-offset-key=\"86b21-0-0\"><span style=\"font-family: inherit; font-size: 1em;\" data-offset-key=\"9etpb-0-0\">Aquest taller de <\/span><span class=\"_5zk7\" style=\"font-family: inherit; font-size: 1em;\" spellcheck=\"false\" data-offset-key=\"9etpb-1-0\"><span data-offset-key=\"9etpb-1-0\">grafiti<\/span><\/span><span style=\"font-family: inherit; font-size: 1em;\" data-offset-key=\"9etpb-2-0\"> ens ha perm\u00e8s desenvolupar una t\u00e8cnica d&#8217;expressi\u00f3 urbana i actual. I a trav\u00e9s d&#8217;ella hem pogut plasmar el que sentim, pensem i creiem. En la nostra creaci\u00f3 apareixen <\/span><span class=\"_5zk7\" style=\"font-family: inherit; font-size: 1em;\" spellcheck=\"false\" data-offset-key=\"9etpb-3-0\"><span data-offset-key=\"9etpb-3-0\">valors<\/span><\/span><span style=\"font-family: inherit; font-size: 1em;\" data-offset-key=\"9etpb-4-0\">, <\/span><span class=\"_5zk7\" style=\"font-family: inherit; font-size: 1em;\" spellcheck=\"false\" data-offset-key=\"9etpb-5-0\"><span data-offset-key=\"9etpb-5-0\">compromisos<\/span><\/span><span style=\"font-family: inherit; font-size: 1em;\" data-offset-key=\"9etpb-6-0\"> i <\/span><span class=\"_5zk7\" style=\"font-family: inherit; font-size: 1em;\" spellcheck=\"false\" data-offset-key=\"9etpb-7-0\"><span data-offset-key=\"9etpb-7-0\">objectius<\/span><\/span><span style=\"font-family: inherit; font-size: 1em;\" data-offset-key=\"9etpb-8-0\"> de futur, mitjan\u00e7ant paraules com respecte, diversitat, creativitat, valors i la m\u00e9s destacada: s<\/span><span class=\"_5zk7\" style=\"font-family: inherit; font-size: 1em;\" spellcheck=\"false\" data-offset-key=\"9etpb-9-0\"><span data-offset-key=\"9etpb-9-0\">omni<\/span><\/span><span style=\"font-family: inherit; font-size: 1em;\" data-offset-key=\"9etpb-10-0\">.<\/span><\/p>\n<\/div>\n<p class=\"_1mf _1mj\" data-offset-key=\"9etpb-0-0\"><span style=\"font-family: inherit; font-size: 1em;\">Compartim inquietuds, potencialitats i creativitat amb companys d\u2019altres escoles!<\/span><\/p>\n<p class=\"_1mf _1mj\" data-offset-key=\"9etpb-0-0\">Per resumir el proc\u00e9s creatiu del grafiti hem fet el seg\u00fcent video: <a href=\"https:\/\/www.youtube.com\/watch?v=W-gb3PzQlyE&amp;t=10s\">TimeLapse del grafiti amb FEDAC Castellar<\/a>.<\/p>\n<div data-offset-key=\"9etpb-0-0\">Podeu trobar m\u00e9s fotos al nostre <a href=\"https:\/\/www.instagram.com\/escolatarres\/\">Instagram<\/a> i <a href=\"https:\/\/twitter.com\/EscolaTarres\">Twitter<\/a>!<\/div>\n<div data-offset-key=\"9etpb-0-0\"><\/div>\n<div data-offset-key=\"9etpb-0-0\"><\/div>\n","protected":false},"excerpt":{"rendered":"<p>Els grup de l&#8217;itinerari d&#8217;Art de 4t d&#8217;ESO hem participat d&#8217;un taller de grafiti, dins el projecte #M\u00e9sArtALesEscoles, juntament amb [&hellip;]<\/p>\n","protected":false},"author":8,"featured_media":14564,"comment_status":"open","ping_status":"closed","sticky":false,"template":"","format":"standard","meta":{"_bbp_topic_count":0,"_bbp_reply_count":0,"_bbp_total_topic_count":0,"_bbp_total_reply_count":0,"_bbp_voice_count":0,"_bbp_anonymous_reply_count":0,"_bbp_topic_count_hidden":0,"_bbp_reply_count_hidden":0,"_bbp_forum_subforum_count":0,"site-sidebar-layout":"default","site-content-layout":"","ast-site-content-layout":"","site-content-style":"default","site-sidebar-style":"default","ast-global-header-display":"","ast-banner-title-visibility":"","ast-main-header-display":"","ast-hfb-above-header-display":"","ast-hfb-below-header-display":"","ast-hfb-mobile-header-display":"","site-post-title":"","ast-breadcrumbs-content":"","ast-featured-img":"","footer-sml-layout":"","theme-transparent-header-meta":"","adv-header-id-meta":"","stick-header-meta":"","header-above-stick-meta":"","header-main-stick-meta":"","header-below-stick-meta":"","astra-migrate-meta-layouts":"default","ast-page-background-enabled":"default","ast-page-background-meta":{"desktop":{"background-color":"var(--ast-global-color-4)","background-image":"","background-repeat":"repeat","background-position":"center center","background-size":"auto","background-attachment":"scroll","background-type":"","background-media":"","overlay-type":"","overlay-color":"","overlay-opacity":"","overlay-gradient":""},"tablet":{"background-color":"","background-image":"","background-repeat":"repeat","background-position":"center center","background-size":"auto","background-attachment":"scroll","background-type":"","background-media":"","overlay-type":"","overlay-color":"","overlay-opacity":"","overlay-gradient":""},"mobile":{"background-color":"","background-image":"","background-repeat":"repeat","background-position":"center center","background-size":"auto","background-attachment":"scroll","background-type":"","background-media":"","overlay-type":"","overlay-color":"","overlay-opacity":"","overlay-gradient":""}},"ast-content-background-meta":{"desktop":{"background-color":"var(--ast-global-color-5)","background-image":"","background-repeat":"repeat","background-position":"center center","background-size":"auto","background-attachment":"scroll","background-type":"","background-media":"","overlay-type":"","overlay-color":"","overlay-opacity":"","overlay-gradient":""},"tablet":{"background-color":"var(--ast-global-color-5)","background-image":"","background-repeat":"repeat","background-position":"center center","background-size":"auto","background-attachment":"scroll","background-type":"","background-media":"","overlay-type":"","overlay-color":"","overlay-opacity":"","overlay-gradient":""},"mobile":{"background-color":"var(--ast-global-color-5)","background-image":"","background-repeat":"repeat","background-position":"center center","background-size":"auto","background-attachment":"scroll","background-type":"","background-media":"","overlay-type":"","overlay-color":"","overlay-opacity":"","overlay-gradient":""}},"footnotes":""},"categories":[1,29,3],"tags":[],"class_list":["post-14563","post","type-post","status-publish","format-standard","has-post-thumbnail","hentry","category-bloctarres","category-portada","category-eso"],"post_mailing_queue_ids":[],"_links":{"self":[{"href":"https:\/\/agora.xtec.cat\/col-tarres\/wp-json\/wp\/v2\/posts\/14563","targetHints":{"allow":["GET"]}}],"collection":[{"href":"https:\/\/agora.xtec.cat\/col-tarres\/wp-json\/wp\/v2\/posts"}],"about":[{"href":"https:\/\/agora.xtec.cat\/col-tarres\/wp-json\/wp\/v2\/types\/post"}],"author":[{"embeddable":true,"href":"https:\/\/agora.xtec.cat\/col-tarres\/wp-json\/wp\/v2\/users\/8"}],"replies":[{"embeddable":true,"href":"https:\/\/agora.xtec.cat\/col-tarres\/wp-json\/wp\/v2\/comments?post=14563"}],"version-history":[{"count":3,"href":"https:\/\/agora.xtec.cat\/col-tarres\/wp-json\/wp\/v2\/posts\/14563\/revisions"}],"predecessor-version":[{"id":14567,"href":"https:\/\/agora.xtec.cat\/col-tarres\/wp-json\/wp\/v2\/posts\/14563\/revisions\/14567"}],"wp:featuredmedia":[{"embeddable":true,"href":"https:\/\/agora.xtec.cat\/col-tarres\/wp-json\/wp\/v2\/media\/14564"}],"wp:attachment":[{"href":"https:\/\/agora.xtec.cat\/col-tarres\/wp-json\/wp\/v2\/media?parent=14563"}],"wp:term":[{"taxonomy":"category","embeddable":true,"href":"https:\/\/agora.xtec.cat\/col-tarres\/wp-json\/wp\/v2\/categories?post=14563"},{"taxonomy":"post_tag","embeddable":true,"href":"https:\/\/agora.xtec.cat\/col-tarres\/wp-json\/wp\/v2\/tags?post=14563"}],"curies":[{"name":"wp","href":"https:\/\/api.w.org\/{rel}","templated":true}]}}