{"id":14546,"date":"2021-11-08T13:02:29","date_gmt":"2021-11-08T12:02:29","guid":{"rendered":"https:\/\/agora.xtec.cat\/col-tarres\/?p=14546"},"modified":"2021-11-12T12:49:35","modified_gmt":"2021-11-12T11:49:35","slug":"renovacio-del-consell-escolar","status":"publish","type":"post","link":"https:\/\/agora.xtec.cat\/col-tarres\/bloctarres\/renovacio-del-consell-escolar\/","title":{"rendered":"Renovaci\u00f3 parcial del Consell Escolar"},"content":{"rendered":"<p><img loading=\"lazy\" decoding=\"async\" class=\"alignnone size-full wp-image-14547\" src=\"https:\/\/agora.xtec.cat\/col-tarres\/wp-content\/uploads\/usu1585\/2021\/11\/Renovacio-del-consell-escolar-1024x410-1.jpg\" alt=\"\" width=\"1024\" height=\"410\" srcset=\"https:\/\/agora.xtec.cat\/col-tarres\/wp-content\/uploads\/usu1585\/2021\/11\/Renovacio-del-consell-escolar-1024x410-1.jpg 1024w, https:\/\/agora.xtec.cat\/col-tarres\/wp-content\/uploads\/usu1585\/2021\/11\/Renovacio-del-consell-escolar-1024x410-1-300x120.jpg 300w, https:\/\/agora.xtec.cat\/col-tarres\/wp-content\/uploads\/usu1585\/2021\/11\/Renovacio-del-consell-escolar-1024x410-1-768x308.jpg 768w\" sizes=\"auto, (max-width: 1024px) 100vw, 1024px\" \/><\/p>\n<p style=\"text-align: right;\">Sabadell, 8 de novembre de 2021<\/p>\n<p>Benvolguda fam\u00edlia,<\/p>\n<p>El\u00a0<strong>Consell Escolar<\/strong> del centre \u00e9s l&#8217;\u00f2rgan de participaci\u00f3 de la comunitat escolar en el govern dels centres docents, amb funcions en l&#8217;\u00e0mbit de la programaci\u00f3 general que amb car\u00e0cter anual elabora la Direcci\u00f3 del Centre i en el seguiment i l&#8217;avaluaci\u00f3 de les seves activitats. Tamb\u00e9 tindr\u00e0 les facultats que li puguin atorgar les Normes d&#8217;Organitzaci\u00f3 i Funcionament del Centre (NOFC). El Consell Escolar del Centre es reuneix preceptivament a l&#8217;inici i al final de curs, i quan aix\u00ed ho determinin les NOFC.<\/p>\n<p>El Consell Escolar del Tarr\u00e9s est\u00e0 constitu\u00eft per:<\/p>\n<ul>\n<li>La directora del centre que actuar\u00e0 com a presidenta del Consell<\/li>\n<li>Tres representants de la titularitat del centre<\/li>\n<li>Quatre representants dels professors<\/li>\n<li>Quatre representants dels pares o tutors dels alumnes<\/li>\n<li>Dos representants dels alumnes de Secund\u00e0ria<\/li>\n<li>Un representant del personal d&#8217;administraci\u00f3 i serveis<\/li>\n<\/ul>\n<p>Tenen dret a elegir i ser elegits representants del Consell Escolar els alumnes, els pares o tutors, els professors i el personal d&#8217;administraci\u00f3 i serveis inclosos en el cens electoral.<\/p>\n<p>La condici\u00f3 de membre electe del Consell Escolar del centre s&#8217;adquireix per a quatre anys. Cada dos anys es renoven la meitat dels membres representants dels professors i dels pares d&#8217;alumnes.<\/p>\n<p>Enguany, despr\u00e9s de l\u2019ajornament de l\u2019any passat, cal la renovaci\u00f3 parcial dels membres del Consell Escolar del centre; per tant, cal elegir:<\/p>\n<ul>\n<li>Dos representants dels professors<\/li>\n<li>Dos representants dels pares i mares<\/li>\n<li>Dos representants dels alumnes<\/li>\n<\/ul>\n<p>Us comuniquem el\u00a0<strong>calendari\u00a0<\/strong>de les actuacions previstes per a la <strong>renovaci\u00f3 de la meitat dels representants de pares i mares<\/strong> en el Consell Escolar de l&#8217;escola:<\/p>\n<ul>\n<li>Constituci\u00f3 de la Comissi\u00f3 Electoral:<strong> el dilluns 8 de novembre<\/strong><\/li>\n<li>Exposici\u00f3 del cens electoral a la recepci\u00f3 de l&#8217;escola:<strong> del 9 al 17 de novembre<\/strong><\/li>\n<li>Presentaci\u00f3 de les candidatures a la recepci\u00f3 de l&#8217;escola:<strong> del 9 al 15 de novembre<\/strong><\/li>\n<li>Publicaci\u00f3 definitiva de les candidatures:<strong> dimarts 16 de novembre<\/strong><\/li>\n<li>Celebraci\u00f3 de les eleccions: <strong>el dimecres 24 de novembre<\/strong>, de 8:30 a 9:30h, de 12:30 a 13:30h i de 16:30 a 17:30h a la recepci\u00f3 de l&#8217;Escola<\/li>\n<li>Publicaci\u00f3 dels resultats de les eleccions: <strong>divendres 26 de novembre<\/strong><\/li>\n<li>Constituci\u00f3 del nou Consell Escolar:<strong> dijous 16 de desembre<\/strong><\/li>\n<\/ul>\n<p>La presentaci\u00f3 de candidatures s&#8217;ha de fer complimentant un impr\u00e8s que trobareu a la Secretaria de l&#8217;Escola i lliurant-lo tamb\u00e9 a Secretaria abans del dilluns 15 de novembre. L&#8217;impr\u00e8s amb la vostra candidatura ser\u00e0 entregar a la Comissi\u00f3 Electoral, qui valorar\u00e0 i aprovar\u00e0 la candidatura si s&#8217;ajusta als requisits establerts.<\/p>\n<p>El vot i la candidatura \u00e9s personal, no per fam\u00edlia; aix\u00ed doncs, poden votar i presentar-se tant el pare com la mare.<\/p>\n<p>Per a m\u00e9s informaci\u00f3 podeu enviar un correu a <a href=\"mailto:consellescolar@escolatarres.com\">consellescolar<span class=\"\">@escolatarres.com<\/span><\/a> o consultar la p\u00e0gina sobre el Consell Escolar:<\/p>\n<p><strong><a href=\"https:\/\/agora.xtec.cat\/col-tarres\/organitzacio\/consell-escolar\/\">P\u00e0gina de l&#8217;Escola sobre el funcionament i composici\u00f3 del Consell Escolar del Tarr\u00e9s<\/a>.<\/strong><\/p>\n<p>Atentament,<\/p>\n<p>Ger\u00e8ncia<\/p>\n","protected":false},"excerpt":{"rendered":"<p>Sabadell, 8 de novembre de 2021 Benvolguda fam\u00edlia, El\u00a0Consell Escolar del centre \u00e9s l&#8217;\u00f2rgan de participaci\u00f3 de la comunitat escolar [&hellip;]<\/p>\n","protected":false},"author":8,"featured_media":0,"comment_status":"open","ping_status":"closed","sticky":false,"template":"","format":"standard","meta":{"_bbp_topic_count":0,"_bbp_reply_count":0,"_bbp_total_topic_count":0,"_bbp_total_reply_count":0,"_bbp_voice_count":0,"_bbp_anonymous_reply_count":0,"_bbp_topic_count_hidden":0,"_bbp_reply_count_hidden":0,"_bbp_forum_subforum_count":0,"site-sidebar-layout":"default","site-content-layout":"","ast-site-content-layout":"","site-content-style":"default","site-sidebar-style":"default","ast-global-header-display":"","ast-banner-title-visibility":"","ast-main-header-display":"","ast-hfb-above-header-display":"","ast-hfb-below-header-display":"","ast-hfb-mobile-header-display":"","site-post-title":"","ast-breadcrumbs-content":"","ast-featured-img":"","footer-sml-layout":"","theme-transparent-header-meta":"","adv-header-id-meta":"","stick-header-meta":"","header-above-stick-meta":"","header-main-stick-meta":"","header-below-stick-meta":"","astra-migrate-meta-layouts":"default","ast-page-background-enabled":"default","ast-page-background-meta":{"desktop":{"background-color":"var(--ast-global-color-4)","background-image":"","background-repeat":"repeat","background-position":"center center","background-size":"auto","background-attachment":"scroll","background-type":"","background-media":"","overlay-type":"","overlay-color":"","overlay-opacity":"","overlay-gradient":""},"tablet":{"background-color":"","background-image":"","background-repeat":"repeat","background-position":"center center","background-size":"auto","background-attachment":"scroll","background-type":"","background-media":"","overlay-type":"","overlay-color":"","overlay-opacity":"","overlay-gradient":""},"mobile":{"background-color":"","background-image":"","background-repeat":"repeat","background-position":"center center","background-size":"auto","background-attachment":"scroll","background-type":"","background-media":"","overlay-type":"","overlay-color":"","overlay-opacity":"","overlay-gradient":""}},"ast-content-background-meta":{"desktop":{"background-color":"var(--ast-global-color-5)","background-image":"","background-repeat":"repeat","background-position":"center center","background-size":"auto","background-attachment":"scroll","background-type":"","background-media":"","overlay-type":"","overlay-color":"","overlay-opacity":"","overlay-gradient":""},"tablet":{"background-color":"var(--ast-global-color-5)","background-image":"","background-repeat":"repeat","background-position":"center center","background-size":"auto","background-attachment":"scroll","background-type":"","background-media":"","overlay-type":"","overlay-color":"","overlay-opacity":"","overlay-gradient":""},"mobile":{"background-color":"var(--ast-global-color-5)","background-image":"","background-repeat":"repeat","background-position":"center center","background-size":"auto","background-attachment":"scroll","background-type":"","background-media":"","overlay-type":"","overlay-color":"","overlay-opacity":"","overlay-gradient":""}},"footnotes":""},"categories":[1,29],"tags":[],"class_list":["post-14546","post","type-post","status-publish","format-standard","hentry","category-bloctarres","category-portada"],"post_mailing_queue_ids":[],"_links":{"self":[{"href":"https:\/\/agora.xtec.cat\/col-tarres\/wp-json\/wp\/v2\/posts\/14546","targetHints":{"allow":["GET"]}}],"collection":[{"href":"https:\/\/agora.xtec.cat\/col-tarres\/wp-json\/wp\/v2\/posts"}],"about":[{"href":"https:\/\/agora.xtec.cat\/col-tarres\/wp-json\/wp\/v2\/types\/post"}],"author":[{"embeddable":true,"href":"https:\/\/agora.xtec.cat\/col-tarres\/wp-json\/wp\/v2\/users\/8"}],"replies":[{"embeddable":true,"href":"https:\/\/agora.xtec.cat\/col-tarres\/wp-json\/wp\/v2\/comments?post=14546"}],"version-history":[{"count":3,"href":"https:\/\/agora.xtec.cat\/col-tarres\/wp-json\/wp\/v2\/posts\/14546\/revisions"}],"predecessor-version":[{"id":14559,"href":"https:\/\/agora.xtec.cat\/col-tarres\/wp-json\/wp\/v2\/posts\/14546\/revisions\/14559"}],"wp:attachment":[{"href":"https:\/\/agora.xtec.cat\/col-tarres\/wp-json\/wp\/v2\/media?parent=14546"}],"wp:term":[{"taxonomy":"category","embeddable":true,"href":"https:\/\/agora.xtec.cat\/col-tarres\/wp-json\/wp\/v2\/categories?post=14546"},{"taxonomy":"post_tag","embeddable":true,"href":"https:\/\/agora.xtec.cat\/col-tarres\/wp-json\/wp\/v2\/tags?post=14546"}],"curies":[{"name":"wp","href":"https:\/\/api.w.org\/{rel}","templated":true}]}}