{"id":13956,"date":"2021-05-04T13:34:13","date_gmt":"2021-05-04T11:34:13","guid":{"rendered":"http:\/\/agora.xtec.cat\/col-tarres\/?p=13956"},"modified":"2021-05-10T10:57:21","modified_gmt":"2021-05-10T08:57:21","slug":"celebracio-diada-de-sant-jordi","status":"publish","type":"post","link":"https:\/\/agora.xtec.cat\/col-tarres\/bloctarres\/celebracio-diada-de-sant-jordi\/","title":{"rendered":"Celebraci\u00f3 de la Diada de Sant Jordi a l&#8217;Escola"},"content":{"rendered":"<p>La <strong>D<\/strong><strong>iada de Sant Jordi<\/strong> sempre \u00e9s bonica de celebrar ja sigui a l&#8217;Escola o al carrer. Aquest any, despr\u00e9s que el curs passat la celebraci\u00f3 fos en petit comit\u00e8 cadasc\u00fa a la seva llar, ha tornat a ser un dia molt especial!<\/p>\n<p>Els infants i joves de l&#8217;Escola han participat en les diferents activitats dutes a terme durant la setmana i especialment divendres 23.<\/p>\n<p>A<strong> Infantil i Cicle Inicial<\/strong> es va explicar la Llegenda de Sant Jordi, van gaudir de la representaci\u00f3 de contes populars amb un toc personal dels companys de Cicle mitj\u00e0 B, van fer un punt de llibre (P3 i P4 i Inicial) i una rosa (P5) i diverses activitats m\u00e9s. Divendres a la tarda van dansar pels seus companys una dansa popular catalana i van cantar can\u00e7ons on el drac, Sant Jordi, la princessa o la rosa n&#8217;eren els protagonistes.<\/p>\n<p>A <strong style=\"font-family: inherit; font-size: 1em;\">Cicle Mitj\u00e0<\/strong><span style=\"font-family: inherit; font-size: 1em;\"> van elaborar una rosa sobre fusta. Per petits grups van crear poemes i auques i divendres 23, els van recitar i llegir per a tot l&#8217;alumnat d&#8217;aquest cicle. Tamb\u00e9 van recitar poemes de diferents poetes.<\/span><\/p>\n<p>A <strong style=\"font-family: inherit; font-size: 1em;\">Cicle Superior,<\/strong><span style=\"font-family: inherit; font-size: 1em;\"> l&#8217;alumnat va inventar una hist\u00f2ria basada en la <em>Llegenda de Sant Jordi<\/em> i van llegir-la a la resta de companys i compayes\u00a0 de cicle. Tamb\u00e9 van elaborar punts de llibre per regalar als familiars.<\/span><\/p>\n<p>A la <strong>Secund\u00e0ria<\/strong>, com cada any per la diada, s&#8217;ha organitzat un\u00a0<strong>ce<\/strong><strong>rt\u00e0men literari<\/strong> perqu\u00e8 hi participin tots els estudiants. En aquesta edici\u00f3 es podia participar en poesia i narrativa breu &#8211; tant en llengua catalana com en castellana &#8211; i, com a novetat, aquest curs s&#8217;ha fet un concurs de dibuix art\u00edstic i de punts de llibre.<\/p>\n<p>El mat\u00ed de <strong>divendres 23 d&#8217;abril<\/strong>, al terrat de l&#8217;edifici de Secund\u00e0ria, es van reunir tots els nois i noies de l&#8217;etapa amb tot el professorat (mantenint les dist\u00e0ncies entre els grups estables) i es va fer l&#8217;acte d&#8217;entrega dels premis corresponents a cada categoria i una lectura de les obres guanyadores. Els dibuixos s&#8217;han exposat als replans de les escales i al llarg d&#8217;aquestes.<\/p>\n<p>L&#8217;enhorabona a tots els premiats i un agra\u00efment a tots els participants!<\/p>\n<p>Prement sobre cada etapa, podeu accedir a les fotografies:<\/p>\n<ul style=\"list-style-type: square;\">\n<li><a href=\"https:\/\/photos.app.goo.gl\/rD1524jS7V79G4Nb9\">Infantil i Cicle Inicial<\/a><\/li>\n<li><a href=\"https:\/\/photos.app.goo.gl\/9utr2qxzgncj8wWa9\">Cicle Mitj\u00e0<\/a><\/li>\n<li><a href=\"https:\/\/photos.app.goo.gl\/Ybg12AExA6By6ek5A\">Cicle Superior<\/a><\/li>\n<li><a href=\"https:\/\/photos.google.com\/share\/AF1QipPKTwmOEWRsHim35kwq7Lw6qI2qOFaboEzWOq7KFhVa_DKbuFZMHRnUM8HTwkMLbg?key=cGlnUHJDZEV3ajVTcHVIeDY3QWZmbVMyaGhEYk1R\">Secund\u00e0ria<\/a><\/li>\n<\/ul>\n<p>V\u00eddeo danses d&#8217;Educaci\u00f3 Infantil i Cicle Inicial: <a href=\"https:\/\/photos.app.goo.gl\/GBnTukB7Vy4yUwXA6\">P3<\/a>, <a href=\"https:\/\/photos.app.goo.gl\/DTijH1zQXrR78UWq6\">P4<\/a>, <a href=\"https:\/\/photos.app.goo.gl\/YgMfRLXRJTXSzrit5\">P5<\/a>, <a href=\"https:\/\/photos.app.goo.gl\/zNN5JSzxLpP5MD356\">Inicial A<\/a>, <a href=\"https:\/\/photos.app.goo.gl\/93aUDjCNsPJ2QQWC9\">Inicial B<\/a> i <a href=\"https:\/\/photos.app.goo.gl\/TLx6b6n7xua2xEEc7\">Inicial C<\/a>.<\/p>\n<p>&nbsp;<\/p>\n","protected":false},"excerpt":{"rendered":"<p>La Diada de Sant Jordi sempre \u00e9s bonica de celebrar ja sigui a l&#8217;Escola o al carrer. Aquest any, despr\u00e9s [&hellip;]<\/p>\n","protected":false},"author":5,"featured_media":14100,"comment_status":"open","ping_status":"closed","sticky":false,"template":"","format":"standard","meta":{"_bbp_topic_count":0,"_bbp_reply_count":0,"_bbp_total_topic_count":0,"_bbp_total_reply_count":0,"_bbp_voice_count":0,"_bbp_anonymous_reply_count":0,"_bbp_topic_count_hidden":0,"_bbp_reply_count_hidden":0,"_bbp_forum_subforum_count":0,"site-sidebar-layout":"default","site-content-layout":"","ast-site-content-layout":"","site-content-style":"default","site-sidebar-style":"default","ast-global-header-display":"","ast-banner-title-visibility":"","ast-main-header-display":"","ast-hfb-above-header-display":"","ast-hfb-below-header-display":"","ast-hfb-mobile-header-display":"","site-post-title":"","ast-breadcrumbs-content":"","ast-featured-img":"","footer-sml-layout":"","theme-transparent-header-meta":"","adv-header-id-meta":"","stick-header-meta":"","header-above-stick-meta":"","header-main-stick-meta":"","header-below-stick-meta":"","astra-migrate-meta-layouts":"default","ast-page-background-enabled":"default","ast-page-background-meta":{"desktop":{"background-color":"var(--ast-global-color-4)","background-image":"","background-repeat":"repeat","background-position":"center center","background-size":"auto","background-attachment":"scroll","background-type":"","background-media":"","overlay-type":"","overlay-color":"","overlay-opacity":"","overlay-gradient":""},"tablet":{"background-color":"","background-image":"","background-repeat":"repeat","background-position":"center center","background-size":"auto","background-attachment":"scroll","background-type":"","background-media":"","overlay-type":"","overlay-color":"","overlay-opacity":"","overlay-gradient":""},"mobile":{"background-color":"","background-image":"","background-repeat":"repeat","background-position":"center center","background-size":"auto","background-attachment":"scroll","background-type":"","background-media":"","overlay-type":"","overlay-color":"","overlay-opacity":"","overlay-gradient":""}},"ast-content-background-meta":{"desktop":{"background-color":"var(--ast-global-color-5)","background-image":"","background-repeat":"repeat","background-position":"center center","background-size":"auto","background-attachment":"scroll","background-type":"","background-media":"","overlay-type":"","overlay-color":"","overlay-opacity":"","overlay-gradient":""},"tablet":{"background-color":"var(--ast-global-color-5)","background-image":"","background-repeat":"repeat","background-position":"center center","background-size":"auto","background-attachment":"scroll","background-type":"","background-media":"","overlay-type":"","overlay-color":"","overlay-opacity":"","overlay-gradient":""},"mobile":{"background-color":"var(--ast-global-color-5)","background-image":"","background-repeat":"repeat","background-position":"center center","background-size":"auto","background-attachment":"scroll","background-type":"","background-media":"","overlay-type":"","overlay-color":"","overlay-opacity":"","overlay-gradient":""}},"footnotes":""},"categories":[1,30,29,8,3],"tags":[],"class_list":["post-13956","post","type-post","status-publish","format-standard","has-post-thumbnail","hentry","category-bloctarres","category-infantil","category-portada","category-primaria","category-eso"],"post_mailing_queue_ids":[],"_links":{"self":[{"href":"https:\/\/agora.xtec.cat\/col-tarres\/wp-json\/wp\/v2\/posts\/13956","targetHints":{"allow":["GET"]}}],"collection":[{"href":"https:\/\/agora.xtec.cat\/col-tarres\/wp-json\/wp\/v2\/posts"}],"about":[{"href":"https:\/\/agora.xtec.cat\/col-tarres\/wp-json\/wp\/v2\/types\/post"}],"author":[{"embeddable":true,"href":"https:\/\/agora.xtec.cat\/col-tarres\/wp-json\/wp\/v2\/users\/5"}],"replies":[{"embeddable":true,"href":"https:\/\/agora.xtec.cat\/col-tarres\/wp-json\/wp\/v2\/comments?post=13956"}],"version-history":[{"count":5,"href":"https:\/\/agora.xtec.cat\/col-tarres\/wp-json\/wp\/v2\/posts\/13956\/revisions"}],"predecessor-version":[{"id":14128,"href":"https:\/\/agora.xtec.cat\/col-tarres\/wp-json\/wp\/v2\/posts\/13956\/revisions\/14128"}],"wp:featuredmedia":[{"embeddable":true,"href":"https:\/\/agora.xtec.cat\/col-tarres\/wp-json\/wp\/v2\/media\/14100"}],"wp:attachment":[{"href":"https:\/\/agora.xtec.cat\/col-tarres\/wp-json\/wp\/v2\/media?parent=13956"}],"wp:term":[{"taxonomy":"category","embeddable":true,"href":"https:\/\/agora.xtec.cat\/col-tarres\/wp-json\/wp\/v2\/categories?post=13956"},{"taxonomy":"post_tag","embeddable":true,"href":"https:\/\/agora.xtec.cat\/col-tarres\/wp-json\/wp\/v2\/tags?post=13956"}],"curies":[{"name":"wp","href":"https:\/\/api.w.org\/{rel}","templated":true}]}}