{"id":13567,"date":"2021-02-26T13:54:00","date_gmt":"2021-02-26T12:54:00","guid":{"rendered":"http:\/\/agora.xtec.cat\/col-tarres\/?p=13567"},"modified":"2021-03-02T10:54:46","modified_gmt":"2021-03-02T09:54:46","slug":"carnaval","status":"publish","type":"post","link":"https:\/\/agora.xtec.cat\/col-tarres\/bloctarres\/carnaval\/","title":{"rendered":"Carnaval! (Infantil i Cicles Inicial i Mitj\u00e0)"},"content":{"rendered":"<p>Divendres 12 de febrer vam tenir la celebraci\u00f3 del Carnaval a l&#8217;Escola. Aquest curs ha estat diferent i del primer que ens hem adonat \u00e9s que hem trobat a faltar molt a les fam\u00edlies i sortir al carrer amb la seva companyia i la dels components de la batucada<em>. <\/em>Esperem que el curs vinent tota l&#8217;Escola pugui gaudir d&#8217;aquesta acolorida festa.<\/p>\n<p>Durant tota la setmana aquelles persones que ho han volgut, han seguit les indicacions de la Reina Carnestoltes: sabates decorades, pentinat o perruca, vestit d&#8217;esportista, vestit del mateix color i divendres disfressats!<\/p>\n<p>Els cicles d&#8217;Educaci\u00f3 Infantil i Inicial van sortir al pati una hora i cada infant va desfilar per ensenyar la seva disfressa, els nens i nenes de cicle mitj\u00e0 van fer un concurs de disfresses a la terrassa de Secund\u00e0ria i els nois i noies de Cicle Superior tamb\u00e9 van celebrar-ne un al pati. Vam poder veure disfresses de superherois, princeses, cavallers, pallassos, animals,&#8230;<\/p>\n<p>Compartim amb vosaltres algunes fotografies mentre anotem a l&#8217;agenda amb un cercle ben gros la data del Carnaval del curs 2021-22, el 25 de febrer de 2022, dia en el que desitgem poder celebrar una festassa de\u00a0 ben llu\u00efda.<\/p>\n<p>Fotografies dels Cicles d&#8217;<a href=\"https:\/\/photos.app.goo.gl\/qFm16ji697wGK2rJ7\">Infantil i lnicial<\/a>, <a href=\"https:\/\/photos.app.goo.gl\/DPbSLYSGqXFeAFpJA\">Mitj\u00e0<\/a><\/p>\n<p><em>Claustre d&#8217;Infantil i Prim\u00e0ria<\/em><\/p>\n","protected":false},"excerpt":{"rendered":"<p>Divendres 12 de febrer vam tenir la celebraci\u00f3 del Carnaval a l&#8217;Escola. Aquest curs ha estat diferent i del primer [&hellip;]<\/p>\n","protected":false},"author":5,"featured_media":13583,"comment_status":"open","ping_status":"closed","sticky":false,"template":"","format":"standard","meta":{"_bbp_topic_count":0,"_bbp_reply_count":0,"_bbp_total_topic_count":0,"_bbp_total_reply_count":0,"_bbp_voice_count":0,"_bbp_anonymous_reply_count":0,"_bbp_topic_count_hidden":0,"_bbp_reply_count_hidden":0,"_bbp_forum_subforum_count":0,"site-sidebar-layout":"default","site-content-layout":"","ast-site-content-layout":"","site-content-style":"default","site-sidebar-style":"default","ast-global-header-display":"","ast-banner-title-visibility":"","ast-main-header-display":"","ast-hfb-above-header-display":"","ast-hfb-below-header-display":"","ast-hfb-mobile-header-display":"","site-post-title":"","ast-breadcrumbs-content":"","ast-featured-img":"","footer-sml-layout":"","theme-transparent-header-meta":"","adv-header-id-meta":"","stick-header-meta":"","header-above-stick-meta":"","header-main-stick-meta":"","header-below-stick-meta":"","astra-migrate-meta-layouts":"default","ast-page-background-enabled":"default","ast-page-background-meta":{"desktop":{"background-color":"var(--ast-global-color-4)","background-image":"","background-repeat":"repeat","background-position":"center center","background-size":"auto","background-attachment":"scroll","background-type":"","background-media":"","overlay-type":"","overlay-color":"","overlay-opacity":"","overlay-gradient":""},"tablet":{"background-color":"","background-image":"","background-repeat":"repeat","background-position":"center center","background-size":"auto","background-attachment":"scroll","background-type":"","background-media":"","overlay-type":"","overlay-color":"","overlay-opacity":"","overlay-gradient":""},"mobile":{"background-color":"","background-image":"","background-repeat":"repeat","background-position":"center center","background-size":"auto","background-attachment":"scroll","background-type":"","background-media":"","overlay-type":"","overlay-color":"","overlay-opacity":"","overlay-gradient":""}},"ast-content-background-meta":{"desktop":{"background-color":"var(--ast-global-color-5)","background-image":"","background-repeat":"repeat","background-position":"center center","background-size":"auto","background-attachment":"scroll","background-type":"","background-media":"","overlay-type":"","overlay-color":"","overlay-opacity":"","overlay-gradient":""},"tablet":{"background-color":"var(--ast-global-color-5)","background-image":"","background-repeat":"repeat","background-position":"center center","background-size":"auto","background-attachment":"scroll","background-type":"","background-media":"","overlay-type":"","overlay-color":"","overlay-opacity":"","overlay-gradient":""},"mobile":{"background-color":"var(--ast-global-color-5)","background-image":"","background-repeat":"repeat","background-position":"center center","background-size":"auto","background-attachment":"scroll","background-type":"","background-media":"","overlay-type":"","overlay-color":"","overlay-opacity":"","overlay-gradient":""}},"footnotes":""},"categories":[1,30,29,8],"tags":[],"class_list":["post-13567","post","type-post","status-publish","format-standard","has-post-thumbnail","hentry","category-bloctarres","category-infantil","category-portada","category-primaria"],"post_mailing_queue_ids":[],"_links":{"self":[{"href":"https:\/\/agora.xtec.cat\/col-tarres\/wp-json\/wp\/v2\/posts\/13567","targetHints":{"allow":["GET"]}}],"collection":[{"href":"https:\/\/agora.xtec.cat\/col-tarres\/wp-json\/wp\/v2\/posts"}],"about":[{"href":"https:\/\/agora.xtec.cat\/col-tarres\/wp-json\/wp\/v2\/types\/post"}],"author":[{"embeddable":true,"href":"https:\/\/agora.xtec.cat\/col-tarres\/wp-json\/wp\/v2\/users\/5"}],"replies":[{"embeddable":true,"href":"https:\/\/agora.xtec.cat\/col-tarres\/wp-json\/wp\/v2\/comments?post=13567"}],"version-history":[{"count":3,"href":"https:\/\/agora.xtec.cat\/col-tarres\/wp-json\/wp\/v2\/posts\/13567\/revisions"}],"predecessor-version":[{"id":13648,"href":"https:\/\/agora.xtec.cat\/col-tarres\/wp-json\/wp\/v2\/posts\/13567\/revisions\/13648"}],"wp:featuredmedia":[{"embeddable":true,"href":"https:\/\/agora.xtec.cat\/col-tarres\/wp-json\/wp\/v2\/media\/13583"}],"wp:attachment":[{"href":"https:\/\/agora.xtec.cat\/col-tarres\/wp-json\/wp\/v2\/media?parent=13567"}],"wp:term":[{"taxonomy":"category","embeddable":true,"href":"https:\/\/agora.xtec.cat\/col-tarres\/wp-json\/wp\/v2\/categories?post=13567"},{"taxonomy":"post_tag","embeddable":true,"href":"https:\/\/agora.xtec.cat\/col-tarres\/wp-json\/wp\/v2\/tags?post=13567"}],"curies":[{"name":"wp","href":"https:\/\/api.w.org\/{rel}","templated":true}]}}