{"id":13515,"date":"2021-02-08T23:25:45","date_gmt":"2021-02-08T22:25:45","guid":{"rendered":"http:\/\/agora.xtec.cat\/col-tarres\/?p=13515"},"modified":"2021-02-15T18:56:50","modified_gmt":"2021-02-15T17:56:50","slug":"aixi-som-al-tarres","status":"publish","type":"post","link":"https:\/\/agora.xtec.cat\/col-tarres\/bloctarres\/aixi-som-al-tarres\/","title":{"rendered":"Aix\u00ed som al Col\u00b7legi Tarr\u00e9s (Preinscripci\u00f3 2021-22)"},"content":{"rendered":"<p style=\"text-align: center;\"><iframe loading=\"lazy\" src=\"https:\/\/www.youtube.com\/embed\/55OJbV_Zzr8\" width=\"560\" height=\"315\" frameborder=\"0\"><\/iframe><\/p>\n<p>Les dates de la <strong>preinscripci\u00f3 escolar<\/strong> pel curs<strong> 2021-2022<\/strong> s&#8217;acosten (recordem: del 15 al 24 de mar\u00e7 per a Infantil i Prim\u00e0ria i del 17 al 24 de mar\u00e7 per a l&#8217;ESO) i per aix\u00f2 avui hem estrenat el v\u00eddeo <em><strong>Aix\u00ed som al Col\u00b7legi Tarr\u00e9s\u00a0<\/strong><\/em>com a petit resum de com som a l&#8217;Escola, quina \u00e9s la nostra forma de treballar i quins s\u00f3n els serveis que oferim. Esperem que us agradi i us sigui d&#8217;utilitat. Podeu trobar m\u00e9s informaci\u00f3 sobre nosaltres als apartats de <a href=\"https:\/\/agora.xtec.cat\/col-tarres\/escola\/comsom\/\">Com Som<\/a> o del <a href=\"https:\/\/agora.xtec.cat\/col-tarres\/projectes\/projecte_educatiu\/\">Projecte Educatiu<\/a> del centre, entre d&#8217;altres. Tots ells consten a la nostra web. Tamb\u00e9 teniu l&#8217;opci\u00f3 de fer una <strong>visita virtual<\/strong> per l&#8217;Escola gr\u00e0cies al <a href=\"https:\/\/agora.xtec.cat\/col-tarres\/escola\/instal-lacions\/\">tour en 360 graus<\/a> que vam fer fa 3 anys per les nostres instal\u00b7lacions.<\/p>\n<p>Volem recordar a les fam\u00edlies interessades en l&#8217;Escola que podeu <strong>sol\u00b7licitar\u00a0 fer una visita<\/strong> (en grups redu\u00efts, m\u00e0xim 4-5 fam\u00edlies) al nostre centre, on us acabarem de detallar com treballem i quin \u00e9s el nostre Projecte Educatiu. Les visites per a la <strong>Secund\u00e0ria<\/strong> les organitzem individualment amb cada fam\u00edlia i la direcci\u00f3 de l&#8217;etapa.<\/p>\n<p>Tota aquesta informaci\u00f3 i el formulari per a la inscripci\u00f3 a les visites ho trobareu a l&#8217;apartat de la nostra web: <a href=\"https:\/\/agora.xtec.cat\/col-tarres\/contacte\/preinscripcio\/\">Preinscripci\u00f3 2021-2022<\/a>.<\/p>\n<p>Quan tinguem m\u00e9s informaci\u00f3 sobre com es realitzar\u00e0 la preinscripci\u00f3, us informarem puntualment a trav\u00e9s de la web i del correu electr\u00f2nic (aquelles fam\u00edlies que us hagueu inscrit a alguna visita).<\/p>\n<p><em>Administraci\u00f3<\/em><\/p>\n","protected":false},"excerpt":{"rendered":"<p>Les dates de la preinscripci\u00f3 escolar pel curs 2021-2022 s&#8217;acosten (recordem: del 15 al 24 de mar\u00e7 per a Infantil [&hellip;]<\/p>\n","protected":false},"author":8,"featured_media":13526,"comment_status":"open","ping_status":"closed","sticky":false,"template":"","format":"standard","meta":{"_bbp_topic_count":0,"_bbp_reply_count":0,"_bbp_total_topic_count":0,"_bbp_total_reply_count":0,"_bbp_voice_count":0,"_bbp_anonymous_reply_count":0,"_bbp_topic_count_hidden":0,"_bbp_reply_count_hidden":0,"_bbp_forum_subforum_count":0,"site-sidebar-layout":"default","site-content-layout":"","ast-site-content-layout":"","site-content-style":"default","site-sidebar-style":"default","ast-global-header-display":"","ast-banner-title-visibility":"","ast-main-header-display":"","ast-hfb-above-header-display":"","ast-hfb-below-header-display":"","ast-hfb-mobile-header-display":"","site-post-title":"","ast-breadcrumbs-content":"","ast-featured-img":"","footer-sml-layout":"","theme-transparent-header-meta":"","adv-header-id-meta":"","stick-header-meta":"","header-above-stick-meta":"","header-main-stick-meta":"","header-below-stick-meta":"","astra-migrate-meta-layouts":"default","ast-page-background-enabled":"default","ast-page-background-meta":{"desktop":{"background-color":"var(--ast-global-color-4)","background-image":"","background-repeat":"repeat","background-position":"center center","background-size":"auto","background-attachment":"scroll","background-type":"","background-media":"","overlay-type":"","overlay-color":"","overlay-opacity":"","overlay-gradient":""},"tablet":{"background-color":"","background-image":"","background-repeat":"repeat","background-position":"center center","background-size":"auto","background-attachment":"scroll","background-type":"","background-media":"","overlay-type":"","overlay-color":"","overlay-opacity":"","overlay-gradient":""},"mobile":{"background-color":"","background-image":"","background-repeat":"repeat","background-position":"center center","background-size":"auto","background-attachment":"scroll","background-type":"","background-media":"","overlay-type":"","overlay-color":"","overlay-opacity":"","overlay-gradient":""}},"ast-content-background-meta":{"desktop":{"background-color":"var(--ast-global-color-5)","background-image":"","background-repeat":"repeat","background-position":"center center","background-size":"auto","background-attachment":"scroll","background-type":"","background-media":"","overlay-type":"","overlay-color":"","overlay-opacity":"","overlay-gradient":""},"tablet":{"background-color":"var(--ast-global-color-5)","background-image":"","background-repeat":"repeat","background-position":"center center","background-size":"auto","background-attachment":"scroll","background-type":"","background-media":"","overlay-type":"","overlay-color":"","overlay-opacity":"","overlay-gradient":""},"mobile":{"background-color":"var(--ast-global-color-5)","background-image":"","background-repeat":"repeat","background-position":"center center","background-size":"auto","background-attachment":"scroll","background-type":"","background-media":"","overlay-type":"","overlay-color":"","overlay-opacity":"","overlay-gradient":""}},"footnotes":""},"categories":[1,29],"tags":[],"class_list":["post-13515","post","type-post","status-publish","format-standard","has-post-thumbnail","hentry","category-bloctarres","category-portada"],"post_mailing_queue_ids":[],"_links":{"self":[{"href":"https:\/\/agora.xtec.cat\/col-tarres\/wp-json\/wp\/v2\/posts\/13515","targetHints":{"allow":["GET"]}}],"collection":[{"href":"https:\/\/agora.xtec.cat\/col-tarres\/wp-json\/wp\/v2\/posts"}],"about":[{"href":"https:\/\/agora.xtec.cat\/col-tarres\/wp-json\/wp\/v2\/types\/post"}],"author":[{"embeddable":true,"href":"https:\/\/agora.xtec.cat\/col-tarres\/wp-json\/wp\/v2\/users\/8"}],"replies":[{"embeddable":true,"href":"https:\/\/agora.xtec.cat\/col-tarres\/wp-json\/wp\/v2\/comments?post=13515"}],"version-history":[{"count":4,"href":"https:\/\/agora.xtec.cat\/col-tarres\/wp-json\/wp\/v2\/posts\/13515\/revisions"}],"predecessor-version":[{"id":13564,"href":"https:\/\/agora.xtec.cat\/col-tarres\/wp-json\/wp\/v2\/posts\/13515\/revisions\/13564"}],"wp:featuredmedia":[{"embeddable":true,"href":"https:\/\/agora.xtec.cat\/col-tarres\/wp-json\/wp\/v2\/media\/13526"}],"wp:attachment":[{"href":"https:\/\/agora.xtec.cat\/col-tarres\/wp-json\/wp\/v2\/media?parent=13515"}],"wp:term":[{"taxonomy":"category","embeddable":true,"href":"https:\/\/agora.xtec.cat\/col-tarres\/wp-json\/wp\/v2\/categories?post=13515"},{"taxonomy":"post_tag","embeddable":true,"href":"https:\/\/agora.xtec.cat\/col-tarres\/wp-json\/wp\/v2\/tags?post=13515"}],"curies":[{"name":"wp","href":"https:\/\/api.w.org\/{rel}","templated":true}]}}