{"id":13353,"date":"2021-01-25T15:57:20","date_gmt":"2021-01-25T14:57:20","guid":{"rendered":"http:\/\/agora.xtec.cat\/col-tarres\/?p=13353"},"modified":"2025-06-22T20:04:40","modified_gmt":"2025-06-22T18:04:40","slug":"txell-tallo-finalista-efim","status":"publish","type":"post","link":"https:\/\/agora.xtec.cat\/col-tarres\/eso\/txell-tallo-finalista-efim\/","title":{"rendered":"L&#8217;exalumna Txell Tall\u00f3, finalista del concurs EFIM&#8217;20"},"content":{"rendered":"\n<figure class=\"wp-block-image alignfull\"><a href=\"https:\/\/www.instagram.com\/lavenaartistica_\/\"><img loading=\"lazy\" decoding=\"async\" width=\"828\" height=\"620\" src=\"https:\/\/agora.xtec.cat\/col-tarres\/wp-content\/uploads\/usu1585\/2021\/01\/Ecu9CmeXgAIHS3a.jpg\" alt=\"\" class=\"wp-image-13356\" srcset=\"https:\/\/agora.xtec.cat\/col-tarres\/wp-content\/uploads\/usu1585\/2021\/01\/Ecu9CmeXgAIHS3a.jpg 828w, https:\/\/agora.xtec.cat\/col-tarres\/wp-content\/uploads\/usu1585\/2021\/01\/Ecu9CmeXgAIHS3a-300x225.jpg 300w, https:\/\/agora.xtec.cat\/col-tarres\/wp-content\/uploads\/usu1585\/2021\/01\/Ecu9CmeXgAIHS3a-768x575.jpg 768w, https:\/\/agora.xtec.cat\/col-tarres\/wp-content\/uploads\/usu1585\/2021\/01\/Ecu9CmeXgAIHS3a-200x150.jpg 200w\" sizes=\"auto, (max-width: 828px) 100vw, 828px\" \/><\/a><figcaption class=\"wp-element-caption\">Fotografia de Txell Tall\u00f3. Palau Maricel, Sitges.<\/figcaption><\/figure>\n\n\n\n<p><span style=\"font-family: inherit; font-size: 1em;\">L\u2019alumna de l&#8217;Escola fins al curs 2019-2020, <\/span><strong style=\"font-family: inherit; font-size: 1em;\">Txell Tall\u00f3<\/strong><span style=\"font-family: inherit; font-size: 1em;\">, ha resultat finalista del concurs de fotografia i patrimoni <\/span><a style=\"font-family: inherit; font-size: 1em;\" href=\"https:\/\/view.genial.ly\/5efa15b8c273840d7445420d\/game-action-efim2020-preseleccionats?utm_source=facebook&amp;utm_medium=social&amp;utm_campaign=\">Experi\u00e8ncia Fotogr\u00e0fica Internacional dels Monuments<\/a><span style=\"font-family: inherit; font-size: 1em;\"> (<\/span><strong style=\"font-family: inherit; font-size: 1em;\">EFIM<\/strong><span style=\"font-family: inherit; font-size: 1em;\">) en la seva edici\u00f3 del 2020. Aquest concurs, promogut pel Consell d&#8217;Europa i organitzat a Catalunya a trav\u00e9s de la <\/span><strong style=\"font-family: inherit; font-size: 1em;\">Ag\u00e8ncia Catalana de Patrimoni Cultural<\/strong><span style=\"font-family: inherit; font-size: 1em;\"> del Departament de Cultura, pret\u00e9n apropar als joves d&#8217;entre 12 i 18 anys el patrimoni monumental, a trav\u00e9s de la fotografia i les xarxes socials, per tal que el coneguin, el valorin i el gaudeixin.<\/span><\/p>\n\n\n\n<p>La fotografia de la Txell (la podeu trobar al seu Instagram amb el nom de <a href=\"https:\/\/www.instagram.com\/lavenaartistica_\/\">@lavenaartistica_<\/a>), realitzada durant una <strong>sortida de l&#8217;escola a Sitges<\/strong> (Garraf), ha estat una de les <strong>20 seleccionades com a finalistes<\/strong> d&#8217;un total de m\u00e9s del 1.000 que es van presentar al concurs.<\/p>\n\n\n\n<p>Concretament, la imatge es correspon al <strong>Palau Maricel<\/strong>, ubicat arran de mar al centre hist\u00f2ric de la ciutat. Aquest palau, d&#8217;estil noucentista, va ser constru\u00eft per l&#8217;enginyer Miquel Utrillo entre 1910 i 1918 per enc\u00e0rrec del milionari nordameric\u00e0 Charles Deering i destaca pel seu magn\u00edfic claustre amb una espl\u00e8ndida panor\u00e0mica al mar Mediterrani.<\/p>\n\n\n\n<p>A trav\u00e9s de l&#8217;\u00e0rea de <strong>Visual i Pl\u00e0stica<\/strong> de Secund\u00e0ria, des de l&#8217;Escola Tarr\u00e9s hem estat participant en aquest concurs en les seves darreres edicions. Aquests tipus de cert\u00e0mens apropen els alumnes al seu patrimoni monumental m\u00e9s immediat i els fan repensar la manera de mirar all\u00f2 que els envolta.<\/p>\n\n\n\n<p>Enhorabona, Txell!<\/p>\n\n\n\n<figure class=\"wp-block-image\"><img loading=\"lazy\" decoding=\"async\" width=\"613\" height=\"871\" src=\"https:\/\/agora.xtec.cat\/col-tarres\/wp-content\/uploads\/usu1585\/2021\/01\/diploma-txell.png\" alt=\"\" class=\"wp-image-13369\" srcset=\"https:\/\/agora.xtec.cat\/col-tarres\/wp-content\/uploads\/usu1585\/2021\/01\/diploma-txell.png 613w, https:\/\/agora.xtec.cat\/col-tarres\/wp-content\/uploads\/usu1585\/2021\/01\/diploma-txell-211x300.png 211w\" sizes=\"auto, (max-width: 613px) 100vw, 613px\" \/><\/figure>\n\n\n\n<figure class=\"wp-block-image\"><img loading=\"lazy\" decoding=\"async\" width=\"616\" height=\"871\" src=\"https:\/\/agora.xtec.cat\/col-tarres\/wp-content\/uploads\/usu1585\/2021\/01\/efim_tarres.png\" alt=\"\" class=\"wp-image-13548\" srcset=\"https:\/\/agora.xtec.cat\/col-tarres\/wp-content\/uploads\/usu1585\/2021\/01\/efim_tarres.png 616w, https:\/\/agora.xtec.cat\/col-tarres\/wp-content\/uploads\/usu1585\/2021\/01\/efim_tarres-212x300.png 212w\" sizes=\"auto, (max-width: 616px) 100vw, 616px\" \/><\/figure>\n\n\n\n<p><\/p>\n","protected":false},"excerpt":{"rendered":"<p>L\u2019alumna de l\u2019escola fins el curs 2019-2020, Txell Tall\u00f3, ha resultat finalista del concurs de fotografia patrimonial EFIM en la seva edici\u00f3 del 2020.<\/p>\n","protected":false},"author":8,"featured_media":13356,"comment_status":"open","ping_status":"closed","sticky":false,"template":"","format":"standard","meta":{"_bbp_topic_count":0,"_bbp_reply_count":0,"_bbp_total_topic_count":0,"_bbp_total_reply_count":0,"_bbp_voice_count":0,"_bbp_anonymous_reply_count":0,"_bbp_topic_count_hidden":0,"_bbp_reply_count_hidden":0,"_bbp_forum_subforum_count":0,"site-sidebar-layout":"default","site-content-layout":"","ast-site-content-layout":"default","site-content-style":"default","site-sidebar-style":"default","ast-global-header-display":"","ast-banner-title-visibility":"","ast-main-header-display":"","ast-hfb-above-header-display":"","ast-hfb-below-header-display":"","ast-hfb-mobile-header-display":"","site-post-title":"","ast-breadcrumbs-content":"","ast-featured-img":"","footer-sml-layout":"","theme-transparent-header-meta":"","adv-header-id-meta":"","stick-header-meta":"","header-above-stick-meta":"","header-main-stick-meta":"","header-below-stick-meta":"","astra-migrate-meta-layouts":"set","ast-page-background-enabled":"default","ast-page-background-meta":{"desktop":{"background-color":"var(--ast-global-color-4)","background-image":"","background-repeat":"repeat","background-position":"center center","background-size":"auto","background-attachment":"scroll","background-type":"","background-media":"","overlay-type":"","overlay-color":"","overlay-opacity":"","overlay-gradient":""},"tablet":{"background-color":"","background-image":"","background-repeat":"repeat","background-position":"center center","background-size":"auto","background-attachment":"scroll","background-type":"","background-media":"","overlay-type":"","overlay-color":"","overlay-opacity":"","overlay-gradient":""},"mobile":{"background-color":"","background-image":"","background-repeat":"repeat","background-position":"center center","background-size":"auto","background-attachment":"scroll","background-type":"","background-media":"","overlay-type":"","overlay-color":"","overlay-opacity":"","overlay-gradient":""}},"ast-content-background-meta":{"desktop":{"background-color":"var(--ast-global-color-5)","background-image":"","background-repeat":"repeat","background-position":"center center","background-size":"auto","background-attachment":"scroll","background-type":"","background-media":"","overlay-type":"","overlay-color":"","overlay-opacity":"","overlay-gradient":""},"tablet":{"background-color":"var(--ast-global-color-5)","background-image":"","background-repeat":"repeat","background-position":"center center","background-size":"auto","background-attachment":"scroll","background-type":"","background-media":"","overlay-type":"","overlay-color":"","overlay-opacity":"","overlay-gradient":""},"mobile":{"background-color":"var(--ast-global-color-5)","background-image":"","background-repeat":"repeat","background-position":"center center","background-size":"auto","background-attachment":"scroll","background-type":"","background-media":"","overlay-type":"","overlay-color":"","overlay-opacity":"","overlay-gradient":""}},"footnotes":""},"categories":[29,3],"tags":[],"class_list":["post-13353","post","type-post","status-publish","format-standard","has-post-thumbnail","hentry","category-portada","category-eso"],"post_mailing_queue_ids":[],"_links":{"self":[{"href":"https:\/\/agora.xtec.cat\/col-tarres\/wp-json\/wp\/v2\/posts\/13353","targetHints":{"allow":["GET"]}}],"collection":[{"href":"https:\/\/agora.xtec.cat\/col-tarres\/wp-json\/wp\/v2\/posts"}],"about":[{"href":"https:\/\/agora.xtec.cat\/col-tarres\/wp-json\/wp\/v2\/types\/post"}],"author":[{"embeddable":true,"href":"https:\/\/agora.xtec.cat\/col-tarres\/wp-json\/wp\/v2\/users\/8"}],"replies":[{"embeddable":true,"href":"https:\/\/agora.xtec.cat\/col-tarres\/wp-json\/wp\/v2\/comments?post=13353"}],"version-history":[{"count":3,"href":"https:\/\/agora.xtec.cat\/col-tarres\/wp-json\/wp\/v2\/posts\/13353\/revisions"}],"predecessor-version":[{"id":19020,"href":"https:\/\/agora.xtec.cat\/col-tarres\/wp-json\/wp\/v2\/posts\/13353\/revisions\/19020"}],"wp:featuredmedia":[{"embeddable":true,"href":"https:\/\/agora.xtec.cat\/col-tarres\/wp-json\/wp\/v2\/media\/13356"}],"wp:attachment":[{"href":"https:\/\/agora.xtec.cat\/col-tarres\/wp-json\/wp\/v2\/media?parent=13353"}],"wp:term":[{"taxonomy":"category","embeddable":true,"href":"https:\/\/agora.xtec.cat\/col-tarres\/wp-json\/wp\/v2\/categories?post=13353"},{"taxonomy":"post_tag","embeddable":true,"href":"https:\/\/agora.xtec.cat\/col-tarres\/wp-json\/wp\/v2\/tags?post=13353"}],"curies":[{"name":"wp","href":"https:\/\/api.w.org\/{rel}","templated":true}]}}